{"id":521212,"date":"2022-10-08T11:26:48","date_gmt":"2022-10-08T08:26:48","guid":{"rendered":"https:\/\/arantv.az\/?p=521212"},"modified":"2022-10-08T11:26:48","modified_gmt":"2022-10-08T08:26:48","slug":"ilk-m%c9%99rh%c9%99l%c9%99d%c9%99-66-min%c9%99-yaxin-kecmis-m%c9%99cburi-kockun-evl%c9%99rin%c9%99-qayidacaq","status":"publish","type":"post","link":"https:\/\/arantv.az\/?p=521212","title":{"rendered":"\u0130lk m\u0259rh\u0259l\u0259d\u0259 66 min\u0259 yax\u0131n ke\u00e7mi\u015f m\u0259cburi k\u00f6\u00e7k\u00fcn evl\u0259rin\u0259 qay\u0131dacaq"},"content":{"rendered":"<p>\u0130\u015f\u011faldan azad edilmi\u015f \u0259razil\u0259rd\u0259 b\u00fct\u00fcn b\u0259rpa v\u0259 reabilitasiya prosesini 3 \u0259sas m\u0259rh\u0259l\u0259y\u0259 b\u00f6lm\u0259k olar.<\/p>\n<p><strong>ARANTV.AZ\u00a0<\/strong> x\u0259b\u0259r verir ki, bunu Qaraba\u011f iqtisadi rayonuna daxil olan i\u015f\u011faldan azad edilmi\u015f \u0259razil\u0259rd\u0259 (\u015eu\u015fa rayonu istisna olmaqla) Az\u0259rbaycan Respublikas\u0131 Prezidentinin x\u00fcsusi n\u00fcmay\u0259nd\u0259si Emin H\u00fcseynov &#8220;Naftalan &#8211; Sa\u011flaml\u0131q v\u0259 turizmin sinerji m\u0259nb\u0259yi. Regionda yeni rell\u0131qlar&#8221; m\u00f6vzusunda ke\u00e7iril\u0259n beyn\u0259lxalq elmi-praktik konfrans\u0131nda deyib.<\/p>\n<p>O qeyd edib ki, birinci m\u0259rh\u0259l\u0259ni 2026-c\u0131 il\u0259 q\u0259d\u0259r yekunla\u015fd\u0131rmaq niyy\u0259tind\u0259dirl\u0259r.<\/p>\n<p>&#8220;Burada \u0259sas h\u0259d\u0259fl\u0259rimiz F\u00fczuli v\u0259 A\u011fdam\u0131n iki \u015f\u0259h\u0259r m\u0259rk\u0259zini v\u0259 32 k\u0259ndi yenid\u0259n qurmaqd\u0131r. \u0130lk m\u0259rh\u0259l\u0259d\u0259 66 min\u0259 yax\u0131n ke\u00e7mi\u015f m\u0259cburi k\u00f6\u00e7k\u00fcn soyda\u015f\u0131m\u0131z yeni evl\u0259rin\u0259 qay\u0131da bil\u0259c\u0259k\u201d,- dey\u0259 Emin H\u00fcseynov \u0259lav\u0259 edib.<\/p>\n","protected":false},"excerpt":{"rendered":"<p>\u0130\u015f\u011faldan azad edilmi\u015f \u0259razil\u0259rd\u0259 b\u00fct\u00fcn b\u0259rpa v\u0259 reabilitasiya prosesini 3 \u0259sas m\u0259rh\u0259l\u0259y\u0259 b\u00f6lm\u0259k olar. ARANTV.AZ\u00a0 x\u0259b\u0259r verir ki, bunu Qaraba\u011f iqtisadi rayonuna daxil olan i\u015f\u011faldan azad edilmi\u015f \u0259razil\u0259rd\u0259 (\u015eu\u015fa rayonu istisna olmaqla) Az\u0259rbaycan Respublikas\u0131 Prezidentinin x\u00fcsusi n\u00fcmay\u0259nd\u0259si Emin H\u00fcseynov &#8220;Naftalan &#8211; Sa\u011flaml\u0131q v\u0259 turizmin sinerji m\u0259nb\u0259yi. Regionda yeni rell\u0131qlar&#8221; m\u00f6vzusunda ke\u00e7iril\u0259n beyn\u0259lxalq elmi-praktik konfrans\u0131nda deyib. O qeyd edib ki, birinci m\u0259rh\u0259l\u0259ni 2026-c\u0131 il\u0259 q\u0259d\u0259r yekunla\u015fd\u0131rmaq niyy\u0259tind\u0259dirl\u0259r. &#8220;Burada \u0259sas h\u0259d\u0259fl\u0259rimiz F\u00fczuli v\u0259 A\u011fdam\u0131n iki \u015f\u0259h\u0259r m\u0259rk\u0259zini v\u0259 32 k\u0259ndi yenid\u0259n qurmaqd\u0131r. \u0130lk m\u0259rh\u0259l\u0259d\u0259 66 min\u0259 yax\u0131n ke\u00e7mi\u015f m\u0259cburi k\u00f6\u00e7k\u00fcn soyda\u015f\u0131m\u0131z yeni&hellip;<\/p>\n","protected":false},"author":2,"featured_media":521213,"comment_status":"closed","ping_status":"closed","sticky":false,"template":"","format":"standard","meta":{"om_disable_all_campaigns":false,"_monsterinsights_skip_tracking":false,"_monsterinsights_sitenote_active":false,"_monsterinsights_sitenote_note":"","_monsterinsights_sitenote_category":0},"categories":[1],"tags":[],"aioseo_notices":[],"gutentor_comment":0,"rttpg_featured_image_url":{"full":["https:\/\/arantv.az\/wp-content\/uploads\/2022\/10\/251e16a216652138341661392821057728.jpg",975,540,false],"landscape":["https:\/\/arantv.az\/wp-content\/uploads\/2022\/10\/251e16a216652138341661392821057728.jpg",975,540,false],"portraits":["https:\/\/arantv.az\/wp-content\/uploads\/2022\/10\/251e16a216652138341661392821057728.jpg",975,540,false],"thumbnail":["https:\/\/arantv.az\/wp-content\/uploads\/2022\/10\/251e16a216652138341661392821057728-500x280.jpg",500,280,true],"medium":["https:\/\/arantv.az\/wp-content\/uploads\/2022\/10\/251e16a216652138341661392821057728-660x365.jpg",660,365,true],"large":["https:\/\/arantv.az\/wp-content\/uploads\/2022\/10\/251e16a216652138341661392821057728-840x465.jpg",640,354,true],"1536x1536":["https:\/\/arantv.az\/wp-content\/uploads\/2022\/10\/251e16a216652138341661392821057728.jpg",975,540,false],"2048x2048":["https:\/\/arantv.az\/wp-content\/uploads\/2022\/10\/251e16a216652138341661392821057728.jpg",975,540,false],"post-thumbnail":["https:\/\/arantv.az\/wp-content\/uploads\/2022\/10\/251e16a216652138341661392821057728-240x172.jpg",240,172,true],"advps-thumb-one":["https:\/\/arantv.az\/wp-content\/uploads\/2022\/10\/251e16a216652138341661392821057728.jpg",975,540,false]},"rttpg_author":{"display_name":"V\u00fcsal Rafiqo\u011flu","author_link":"https:\/\/arantv.az\/?author=2"},"rttpg_comment":0,"rttpg_category":"<a href=\"https:\/\/arantv.az\/?cat=1\" rel=\"category\">C\u0259miyy\u0259t<\/a>","rttpg_excerpt":"\u0130\u015f\u011faldan azad edilmi\u015f \u0259razil\u0259rd\u0259 b\u00fct\u00fcn b\u0259rpa v\u0259 reabilitasiya prosesini 3 \u0259sas m\u0259rh\u0259l\u0259y\u0259 b\u00f6lm\u0259k olar. ARANTV.AZ\u00a0 x\u0259b\u0259r verir ki, bunu Qaraba\u011f iqtisadi rayonuna daxil olan i\u015f\u011faldan azad edilmi\u015f \u0259razil\u0259rd\u0259 (\u015eu\u015fa rayonu istisna olmaqla) Az\u0259rbaycan Respublikas\u0131 Prezidentinin x\u00fcsusi n\u00fcmay\u0259nd\u0259si Emin H\u00fcseynov &#8220;Naftalan &#8211; Sa\u011flaml\u0131q v\u0259 turizmin sinerji m\u0259nb\u0259yi. Regionda yeni rell\u0131qlar&#8221; m\u00f6vzusunda ke\u00e7iril\u0259n beyn\u0259lxalq elmi-praktik konfrans\u0131nda deyib.&hellip;","_links":{"self":[{"href":"https:\/\/arantv.az\/index.php?rest_route=\/wp\/v2\/posts\/521212"}],"collection":[{"href":"https:\/\/arantv.az\/index.php?rest_route=\/wp\/v2\/posts"}],"about":[{"href":"https:\/\/arantv.az\/index.php?rest_route=\/wp\/v2\/types\/post"}],"author":[{"embeddable":true,"href":"https:\/\/arantv.az\/index.php?rest_route=\/wp\/v2\/users\/2"}],"replies":[{"embeddable":true,"href":"https:\/\/arantv.az\/index.php?rest_route=%2Fwp%2Fv2%2Fcomments&post=521212"}],"version-history":[{"count":0,"href":"https:\/\/arantv.az\/index.php?rest_route=\/wp\/v2\/posts\/521212\/revisions"}],"wp:featuredmedia":[{"embeddable":true,"href":"https:\/\/arantv.az\/index.php?rest_route=\/wp\/v2\/media\/521213"}],"wp:attachment":[{"href":"https:\/\/arantv.az\/index.php?rest_route=%2Fwp%2Fv2%2Fmedia&parent=521212"}],"wp:term":[{"taxonomy":"category","embeddable":true,"href":"https:\/\/arantv.az\/index.php?rest_route=%2Fwp%2Fv2%2Fcategories&post=521212"},{"taxonomy":"post_tag","embeddable":true,"href":"https:\/\/arantv.az\/index.php?rest_route=%2Fwp%2Fv2%2Ftags&post=521212"}],"curies":[{"name":"wp","href":"https:\/\/api.w.org\/{rel}","templated":true}]}}