{"id":521245,"date":"2022-10-08T12:32:05","date_gmt":"2022-10-08T09:32:05","guid":{"rendered":"https:\/\/arantv.az\/?p=521245"},"modified":"2022-10-08T12:37:36","modified_gmt":"2022-10-08T09:37:36","slug":"az%c9%99rbaycanda-d%c9%99hs%c9%99t-ovladinin-gozl%c9%99ri-onund%c9%99-17-bicaq-z%c9%99rb%c9%99si-il%c9%99-q%c9%99tl%c9%99-yetirildi-t%c9%99f%c9%99rruat-video","status":"publish","type":"post","link":"https:\/\/arantv.az\/?p=521245","title":{"rendered":"Az\u0259rbaycanda d\u0259h\u015f\u0259t: \u00d6vlad\u0131n\u0131n g\u00f6zl\u0259ri \u00f6n\u00fcnd\u0259 17 b\u0131\u00e7aq z\u0259rb\u0259si il\u0259 q\u0259tl\u0259 yetirildi &#8211; T\u018fF\u018fRR\u00dcAT + V\u0130DEO"},"content":{"rendered":"<p>H\u0259yat yolda\u015f\u0131n\u0131 \u00f6vlad\u0131n\u0131n yan\u0131nda 17 b\u0131\u00e7aq z\u0259rb\u0259si il\u0259 q\u0259tl\u0259 yetir\u0259n El\u00e7in \u018fl\u0259kb\u0259rovun cinay\u0259t i\u015fi \u00fczr\u0259 m\u0259hk\u0259m\u0259 prosesi ba\u015fa \u00e7at\u0131b.<\/p>\n<p>Birg\u0259 ya\u015fad\u0131qlar\u0131 d\u00f6vrd\u0259 aralar\u0131nda tez-tez ba\u015f ver\u0259n m\u00fcbahis\u0259l\u0259r\u0259 g\u00f6r\u0259 Nail\u0259 \u018fliyeva d\u0259f\u0259l\u0259rl\u0259 polis\u0259 v\u0259 m\u0259hk\u0259m\u0259l\u0259r\u0259 \u015fikay\u0259t edib. El\u00e7in \u018fl\u0259kb\u0259rov inzibati v\u0259 cinay\u0259t m\u0259suliyy\u0259tl\u0259rin\u0259 c\u0259lb edilib.<\/p>\n<div class=\"AdviadNativeVideo\"><\/div>\n<p>O, 2021-ci il iyulun 30-da Nail\u0259 \u018fliyevan\u0131n yenid\u0259n polis\u0259 \u015fikay\u0259t etdiyini e\u015fidib v\u0259 qad\u0131n\u0131 \u00f6ld\u00fcrm\u0259k q\u0259rar\u0131na g\u0259lib. Niyy\u0259tini h\u0259yata ke\u00e7irm\u0259k \u00fc\u00e7\u00fcn G\u0259nc\u0259d\u0259n Bak\u0131ya g\u0259lib. Marketd\u0259n iki\u00a0\u0259d\u0259d b\u0131\u00e7aq al\u0131b v\u0259 X\u0131rdalanda yerl\u0259\u015f\u0259n kafey\u0259 gedib. Nail\u0259nin o\u011flu Ayd\u0131nla birlikd\u0259 ev istiqam\u0259tind\u0259 getdikl\u0259rini g\u00f6r\u00fcb v\u0259 onlar\u0131 t\u0259qib edib. Sonra yolda Nail\u0259 \u018fliyevan\u0131n sa\u00e7lar\u0131ndan tutub, ba\u015f\u0131n\u0131 yerd\u0259 olan da\u015fa vurub. B\u0131\u00e7aqlardan birini sa\u011f \u0259lin\u0259 g\u00f6t\u00fcr\u0259nd\u0259, o\u011flu ona mane olmaq ist\u0259yib. U\u015fa\u011f\u0131 it\u0259l\u0259y\u0259r\u0259k, yer\u0259 y\u0131x\u0131b v\u0259 onun g\u00f6zl\u0259ri qar\u015f\u0131s\u0131nda, Nail\u0259 \u018fliyevaya \u00e7oxsayl\u0131 x\u0259sar\u0259tl\u0259r yetirib. Bununla da El\u00e7in \u018fl\u0259kb\u0259rov onu h\u0259yatdan m\u0259hrum edib.<\/p>\n<p>Dindirilm\u0259 zaman\u0131 El\u00e7in \u018fl\u0259kb\u0259rov bildirib ki, xalas\u0131 q\u0131z\u0131 Nail\u0259 \u018fliyeva il\u0259 2003-c\u00fc ild\u0259 ail\u0259 h\u0259yat\u0131 qurub, lakin r\u0259smi nikaha daxil olmay\u0131blar. Nail\u0259 il\u0259 valideynl\u0259rinin t\u0259kidi il\u0259 evl\u0259nib.\u00a0Bu nikahdan d\u00f6rd \u00f6vlad\u0131 d\u00fcnyaya g\u0259lib. Aralar\u0131nda tez-tez m\u00fcbahis\u0259l\u0259r ba\u015f verib. Valideynl\u0259rin\u0259 v\u0259 u\u015faqlar\u0131na g\u00f6r\u0259 Nail\u0259 il\u0259 birlikd\u0259 ail\u0259 kimi ya\u015fama\u011fa m\u0259cbur olub. Qad\u0131n\u00a0d\u0259f\u0259l\u0259rl\u0259 onun bar\u0259sind\u0259 polis\u0259 \u015fikay\u0259t edib. Art\u0131q bu v\u0259ziyy\u0259td\u0259n bezib v\u0259 bel\u0259 ya\u015famaq ist\u0259m\u0259yib.<\/p>\n<p>\u015eahid Ayd\u0131n \u018fl\u0259kb\u0259rli bildirib ki, atas\u0131 anas\u0131n\u0131 h\u0259mi\u015f\u0259 incidib, d\u00f6y\u00fcb \u00f6ld\u00fcrm\u0259kl\u0259 h\u0259d\u0259l\u0259yib. Ba\u015f vermi\u015f hadis\u0259d\u0259n 3-4 ay \u0259vv\u0259l anas\u0131 il\u0259 birlikd\u0259 bird\u0259f\u0259lik Bak\u0131ya g\u0259libl\u0259r.\u00a0B\u00f6y\u00fck qarda\u015f\u0131 atas\u0131 il\u0259 G\u0259nc\u0259d\u0259 qal\u0131b. 2021-ci il iyulun 30-da X\u0131rdalan dair\u0259sind\u0259 avtobusdan d\u00fc\u015fd\u00fckd\u0259n sonra anas\u0131 il\u0259 ev\u0259 gedibl\u0259r. Arxaya \u00e7evril\u0259nd\u0259, atas\u0131n\u0131n arxalar\u0131nca qa\u00e7araq g\u0259ldiyini g\u00f6r\u00fcb. Anas\u0131n\u0131 atas\u0131n\u0131n g\u0259lm\u0259si bar\u0259d\u0259 x\u0259b\u0259rdar ed\u0259nd\u0259, art\u0131q atas\u0131 onlara\u00a0\u00e7at\u0131b. O qad\u0131n\u0131n sa\u00e7lar\u0131ndan tutub, onun ba\u015f\u0131n\u0131 da\u015fa vurma\u011fa ba\u015flay\u0131b. Atas\u0131n\u0131n anas\u0131n\u0131 b\u0131\u00e7aqla vurmas\u0131n\u0131 g\u00f6rd\u00fckd\u0259, \u00e7ox qorxdu\u011fu \u00fc\u00e7\u00fcn h\u0259r\u0259k\u0259tsiz v\u0259ziyy\u0259td\u0259 qal\u0131b. Anas\u0131n\u0131 x\u0259st\u0259xanaya aparsalar da, sonuncunun h\u0259yat\u0131n\u0131 xilas etm\u0259k m\u00fcmk\u00fcn olmay\u0131b.<\/p>\n<p>M\u0259hk\u0259m\u0259 iclas\u0131nda El\u00e7in \u018fl\u0259kb\u0259rov ittiham \u00fczr\u0259 \u00f6z\u00fcn\u00fc t\u0259qsirli bilm\u0259yib. Bak\u0131 A\u011f\u0131r Cinay\u0259tl\u0259r M\u0259hk\u0259m\u0259sinin h\u00f6km\u00fc il\u0259 El\u00e7in \u018fl\u0259kb\u0259rov 18 il m\u00fcdd\u0259tin\u0259 azadl\u0131qdan m\u0259hrum olunub.<\/p>\n<p>\u018ftrafl\u0131 Baku TV-nin videosunu t\u0259qdim edirik:<\/p>\n<div><iframe loading=\"lazy\" title=\"YouTube video player\" src=\"https:\/\/www.youtube.com\/embed\/B3EgROGP27s\" width=\"560\" height=\"315\" frameborder=\"0\" allowfullscreen=\"allowfullscreen\" data-mce-fragment=\"1\"><\/iframe><\/div>\n<p>&nbsp;<\/p>\n","protected":false},"excerpt":{"rendered":"<p>H\u0259yat yolda\u015f\u0131n\u0131 \u00f6vlad\u0131n\u0131n yan\u0131nda 17 b\u0131\u00e7aq z\u0259rb\u0259si il\u0259 q\u0259tl\u0259 yetir\u0259n El\u00e7in \u018fl\u0259kb\u0259rovun cinay\u0259t i\u015fi \u00fczr\u0259 m\u0259hk\u0259m\u0259 prosesi ba\u015fa \u00e7at\u0131b. Birg\u0259 ya\u015fad\u0131qlar\u0131 d\u00f6vrd\u0259 aralar\u0131nda tez-tez ba\u015f ver\u0259n m\u00fcbahis\u0259l\u0259r\u0259 g\u00f6r\u0259 Nail\u0259 \u018fliyeva d\u0259f\u0259l\u0259rl\u0259 polis\u0259 v\u0259 m\u0259hk\u0259m\u0259l\u0259r\u0259 \u015fikay\u0259t edib. El\u00e7in \u018fl\u0259kb\u0259rov inzibati v\u0259 cinay\u0259t m\u0259suliyy\u0259tl\u0259rin\u0259 c\u0259lb edilib. O, 2021-ci il iyulun 30-da Nail\u0259 \u018fliyevan\u0131n yenid\u0259n polis\u0259 \u015fikay\u0259t etdiyini e\u015fidib v\u0259 qad\u0131n\u0131 \u00f6ld\u00fcrm\u0259k q\u0259rar\u0131na g\u0259lib. Niyy\u0259tini h\u0259yata ke\u00e7irm\u0259k \u00fc\u00e7\u00fcn G\u0259nc\u0259d\u0259n Bak\u0131ya g\u0259lib. Marketd\u0259n iki\u00a0\u0259d\u0259d b\u0131\u00e7aq al\u0131b v\u0259 X\u0131rdalanda yerl\u0259\u015f\u0259n kafey\u0259 gedib. Nail\u0259nin o\u011flu Ayd\u0131nla birlikd\u0259 ev istiqam\u0259tind\u0259 getdikl\u0259rini g\u00f6r\u00fcb v\u0259 onlar\u0131 t\u0259qib edib. Sonra&hellip;<\/p>\n","protected":false},"author":2,"featured_media":461053,"comment_status":"closed","ping_status":"closed","sticky":false,"template":"","format":"standard","meta":{"om_disable_all_campaigns":false,"_monsterinsights_skip_tracking":false,"_monsterinsights_sitenote_active":false,"_monsterinsights_sitenote_note":"","_monsterinsights_sitenote_category":0},"categories":[5],"tags":[],"aioseo_notices":[],"gutentor_comment":0,"rttpg_featured_image_url":{"full":["https:\/\/arantv.az\/wp-content\/uploads\/2022\/04\/bicaqlanma-768x403-1.jpg",768,403,false],"landscape":["https:\/\/arantv.az\/wp-content\/uploads\/2022\/04\/bicaqlanma-768x403-1.jpg",768,403,false],"portraits":["https:\/\/arantv.az\/wp-content\/uploads\/2022\/04\/bicaqlanma-768x403-1.jpg",768,403,false],"thumbnail":["https:\/\/arantv.az\/wp-content\/uploads\/2022\/04\/bicaqlanma-768x403-1-500x280.jpg",500,280,true],"medium":["https:\/\/arantv.az\/wp-content\/uploads\/2022\/04\/bicaqlanma-768x403-1-660x346.jpg",660,346,true],"large":["https:\/\/arantv.az\/wp-content\/uploads\/2022\/04\/bicaqlanma-768x403-1.jpg",640,336,false],"1536x1536":["https:\/\/arantv.az\/wp-content\/uploads\/2022\/04\/bicaqlanma-768x403-1.jpg",768,403,false],"2048x2048":["https:\/\/arantv.az\/wp-content\/uploads\/2022\/04\/bicaqlanma-768x403-1.jpg",768,403,false],"post-thumbnail":["https:\/\/arantv.az\/wp-content\/uploads\/2022\/04\/bicaqlanma-768x403-1-240x172.jpg",240,172,true],"advps-thumb-one":["https:\/\/arantv.az\/wp-content\/uploads\/2022\/04\/bicaqlanma-768x403-1.jpg",768,403,false]},"rttpg_author":{"display_name":"V\u00fcsal Rafiqo\u011flu","author_link":"https:\/\/arantv.az\/?author=2"},"rttpg_comment":0,"rttpg_category":"<a href=\"https:\/\/arantv.az\/?cat=5\" rel=\"category\">Hadis\u0259<\/a>","rttpg_excerpt":"H\u0259yat yolda\u015f\u0131n\u0131 \u00f6vlad\u0131n\u0131n yan\u0131nda 17 b\u0131\u00e7aq z\u0259rb\u0259si il\u0259 q\u0259tl\u0259 yetir\u0259n El\u00e7in \u018fl\u0259kb\u0259rovun cinay\u0259t i\u015fi \u00fczr\u0259 m\u0259hk\u0259m\u0259 prosesi ba\u015fa \u00e7at\u0131b. Birg\u0259 ya\u015fad\u0131qlar\u0131 d\u00f6vrd\u0259 aralar\u0131nda tez-tez ba\u015f ver\u0259n m\u00fcbahis\u0259l\u0259r\u0259 g\u00f6r\u0259 Nail\u0259 \u018fliyeva d\u0259f\u0259l\u0259rl\u0259 polis\u0259 v\u0259 m\u0259hk\u0259m\u0259l\u0259r\u0259 \u015fikay\u0259t edib. El\u00e7in \u018fl\u0259kb\u0259rov inzibati v\u0259 cinay\u0259t m\u0259suliyy\u0259tl\u0259rin\u0259 c\u0259lb edilib. O, 2021-ci il iyulun 30-da Nail\u0259 \u018fliyevan\u0131n yenid\u0259n polis\u0259 \u015fikay\u0259t etdiyini&hellip;","_links":{"self":[{"href":"https:\/\/arantv.az\/index.php?rest_route=\/wp\/v2\/posts\/521245"}],"collection":[{"href":"https:\/\/arantv.az\/index.php?rest_route=\/wp\/v2\/posts"}],"about":[{"href":"https:\/\/arantv.az\/index.php?rest_route=\/wp\/v2\/types\/post"}],"author":[{"embeddable":true,"href":"https:\/\/arantv.az\/index.php?rest_route=\/wp\/v2\/users\/2"}],"replies":[{"embeddable":true,"href":"https:\/\/arantv.az\/index.php?rest_route=%2Fwp%2Fv2%2Fcomments&post=521245"}],"version-history":[{"count":0,"href":"https:\/\/arantv.az\/index.php?rest_route=\/wp\/v2\/posts\/521245\/revisions"}],"wp:featuredmedia":[{"embeddable":true,"href":"https:\/\/arantv.az\/index.php?rest_route=\/wp\/v2\/media\/461053"}],"wp:attachment":[{"href":"https:\/\/arantv.az\/index.php?rest_route=%2Fwp%2Fv2%2Fmedia&parent=521245"}],"wp:term":[{"taxonomy":"category","embeddable":true,"href":"https:\/\/arantv.az\/index.php?rest_route=%2Fwp%2Fv2%2Fcategories&post=521245"},{"taxonomy":"post_tag","embeddable":true,"href":"https:\/\/arantv.az\/index.php?rest_route=%2Fwp%2Fv2%2Ftags&post=521245"}],"curies":[{"name":"wp","href":"https:\/\/api.w.org\/{rel}","templated":true}]}}