{"id":521249,"date":"2022-10-08T12:44:59","date_gmt":"2022-10-08T09:44:59","guid":{"rendered":"https:\/\/arantv.az\/?p=521249"},"modified":"2022-10-08T12:44:59","modified_gmt":"2022-10-08T09:44:59","slug":"erm%c9%99ni-v%c9%99hsiliyinin-novb%c9%99ti-t%c9%99zahuru-itkin-dus%c9%99nl%c9%99rin-taleyi-torpaq-altindan-uz%c9%99-cixir-t%c9%99hlil","status":"publish","type":"post","link":"https:\/\/arantv.az\/?p=521249","title":{"rendered":"Erm\u0259ni v\u0259h\u015filiyinin n\u00f6vb\u0259ti t\u0259zah\u00fcr\u00fc: \u0130tkin d\u00fc\u015f\u0259nl\u0259rin taleyi torpaq alt\u0131ndan \u00fcz\u0259 \u00e7\u0131x\u0131r &#8211; T\u018fHL\u0130L"},"content":{"rendered":"<p>Edillid\u0259 n\u00f6vb\u0259ti d\u0259f\u0259 a\u015fkarlanan k\u00fctl\u0259vi m\u0259zarl\u0131q bu \u0259razinin Erm\u0259nistan t\u0259r\u0259find\u0259n az\u0259rbaycanl\u0131 girovlar \u00fc\u00e7\u00fcn h\u0259bs d\u00fc\u015f\u0259rg\u0259si kimi istifad\u0259 edildiyini s\u00fcbut edir.<\/p>\n<p>M\u00f6vzuyla ba\u011fl\u0131\u00a0<a href=\"https:\/\/kaspi.az\/ermeni-vehsiliyinin-novbeti-tezahuru-t-hlil\" target=\"_blank\" rel=\"noopener\"><strong>\u201cKaspi\u201d<\/strong><\/a>\u00a0q\u0259zetinin m\u0259qal\u0259sini t\u0259qdim edirik.<\/p>\n<div class=\"AdviadNativeVideo\"><\/div>\n<p>Az\u0259rbaycan\u0131n i\u015f\u011faldan azad edilmi\u015f Xocav\u0259nd rayonunun Edilli k\u0259ndind\u0259 fevral ay\u0131ndan sonra n\u00f6vb\u0259ti d\u0259f\u0259 k\u00fctl\u0259vi m\u0259zarl\u0131q a\u015fkar olunub. M\u0259zarl\u0131qda m\u0259ftil v\u0259 k\u0259ndirl\u0259rd\u0259n istifad\u0259 edilm\u0259kl\u0259 \u0259l-aya\u011f\u0131 ba\u011flanaraq k\u00fctl\u0259vi \u015f\u0259kild\u0259 d\u0259fn edilmi\u015f 12 insan\u0131n qal\u0131\u011f\u0131 tap\u0131l\u0131b. Geyim v\u0259 \u0259\u015fyalar\u0131na \u0259sas\u0259n, h\u0259min \u015f\u0259xsl\u0259rin h\u0259rb\u00e7i olduqlar\u0131 m\u0259lum olub. Bu is\u0259 az\u0259rbaycanl\u0131 h\u0259rbi \u0259sirl\u0259rin i\u015fg\u0259nc\u0259 veril\u0259r\u0259k q\u0259tl\u0259 yetirilm\u0259si il\u0259 ba\u011fl\u0131 bir \u00e7ox ifad\u0259l\u0259ri s\u00fcbut edir.<\/p>\n<p><img src=\"https:\/\/cdn.oxu.az\/uploads\/W1siZiIsIjIwMjIvMTAvMDgvMTAvMjEvMTEvMDQ3OWI1YTItMjk1ZC00NmRiLTkxZWMtMDA4NTEzMTY1YjU3LzEuanBnIl0sWyJwIiwiZW5jb2RlIiwianBnIiwiLXF1YWxpdHkgODAiXSxbInAiLCJ0aHVtYiIsIjU5MHg1OTBcdTAwM2UiXV0?sha=37f1aec96089c7a3\" alt=\"\" \/><\/p>\n<p><strong>Beyn\u0259lxalq ictimaiyy\u0259t\u0259 \u00e7a\u011f\u0131r\u0131\u015f<\/strong><\/p>\n<p>A\u015fkar edilmi\u015f qal\u0131qlar\u0131n Birinci Qaraba\u011f m\u00fcharib\u0259si d\u00f6vr\u00fcnd\u0259 itkin d\u00fc\u015fm\u00fc\u015f, bu g\u00fcn\u0259d\u0259k taleyi nam\u0259lum qalan soyda\u015flar\u0131m\u0131za m\u0259xsus olma ehtimal\u0131 vard\u0131r. Halbuki Erm\u0259nistan t\u0259r\u0259fi d\u0259f\u0259l\u0259rl\u0259 edil\u0259n \u00e7a\u011f\u0131r\u0131\u015flara baxmayaraq, t\u00f6r\u0259tdiyi m\u00fcharib\u0259 cinay\u0259tl\u0259rini d\u00fcnya ictimaiyy\u0259tind\u0259n gizl\u0259tm\u0259k m\u0259qs\u0259dil\u0259 h\u0259min \u015f\u0259xsl\u0259rin taleyi, el\u0259c\u0259 d\u0259 az\u0259rbaycanl\u0131lar\u0131n k\u00fctl\u0259vi d\u0259fn yerl\u0259ri bar\u0259d\u0259 m\u0259lumatlar\u0131 t\u0259qdim etm\u0259kd\u0259n boyun qa\u00e7\u0131r\u0131b. Az\u0259rbaycan\u0131n \u0130nsan Haqlar\u0131 M\u00fcv\u0259kkili &#8211; Ombudsman Aparat\u0131 bununla ba\u011fl\u0131 beyn\u0259lxalq ictimaiyy\u0259t\u0259 \u00e7a\u011f\u0131r\u0131\u015f edib.<\/p>\n<p>Qeyd olunub ki, Erm\u0259nistan\u0131n 1949-cu il Cenevr\u0259 Konvensiyalar\u0131n\u0131n t\u0259l\u0259bl\u0259rini kobudcas\u0131na pozmas\u0131 v\u0259 az\u0259rbaycanl\u0131lara qar\u015f\u0131 etnik nifr\u0259t siyas\u0259ti y\u00fcr\u00fctm\u0259si bu fakt\u0131n \u00fcz\u0259 \u00e7\u0131xmas\u0131 il\u0259 bir daha t\u0259sdiql\u0259nib. Az\u0259rbaycan Prezidentinin k\u00f6m\u0259k\u00e7isi &#8211; Prezident Administrasiyas\u0131n\u0131n Xarici siyas\u0259t m\u0259s\u0259l\u0259l\u0259ri \u015f\u00f6b\u0259sinin m\u00fcdiri Hikm\u0259t Hac\u0131yev d\u0259 \u00f6z\u00fcn\u00fcn \u201cTwitter\u201d hesab\u0131nda Xocav\u0259nd rayonunun Edilli k\u0259ndind\u0259 a\u015fkar edil\u0259n k\u00fctl\u0259vi m\u0259zarl\u0131qla ba\u011fl\u0131 payla\u015f\u0131m edib.<\/p>\n<p>Edillinin Erm\u0259nistan t\u0259r\u0259find\u0259n Birinci Qaraba\u011f m\u00fcharib\u0259si d\u00f6vr\u00fcnd\u0259 az\u0259rbaycanl\u0131 girovlar \u00fc\u00e7\u00fcn h\u0259bs d\u00fc\u015f\u0259rg\u0259si kimi istifad\u0259 edildiyini diqq\u0259t\u0259 \u00e7atd\u0131ran prezidentin k\u00f6m\u0259k\u00e7isi d\u00f6rd min az\u0259rbaycanl\u0131 h\u0259rb\u00e7i v\u0259 m\u00fclki \u015f\u0259xsin itkin d\u00fc\u015fd\u00fcy\u00fcn\u00fc, Erm\u0259nistan t\u0259r\u0259finin k\u00fctl\u0259vi m\u0259zarl\u0131q yerl\u0259rini verm\u0259kd\u0259n imtina etdiyini vur\u011fulay\u0131b.<\/p>\n<p><img src=\"https:\/\/cdn.oxu.az\/uploads\/W1siZiIsIjIwMjIvMTAvMDgvMTAvMjEvMTEvNzQ2NDRiM2MtODNiZi00OGE5LWI4Y2ItYzBmOTIwMzEzOTEzLzIuanBnIl0sWyJwIiwiZW5jb2RlIiwianBnIiwiLXF1YWxpdHkgODAiXSxbInAiLCJ0aHVtYiIsIjU5MHg1OTBcdTAwM2UiXV0?sha=141bc281e6a35eef\" alt=\"\" \/><\/p>\n<p><strong>Bir milyon qa\u00e7q\u0131n v\u0259 m\u0259cburi k\u00f6\u00e7k\u00fcn, bir milyon mina<\/strong><\/p>\n<p>Milli M\u0259clisin \u0130nsan h\u00fcquqlar\u0131 komit\u0259sinin s\u0259dri Zahid Oruc m\u00f6vzu il\u0259 ba\u011fl\u0131\u00a0<strong>\u201cKaspi\u201d<\/strong>\u00a0q\u0259zetin\u0259 bildirib ki, i\u015f\u011faldan azad olunmu\u015f \u0259razil\u0259rd\u0259 B\u00f6y\u00fck Qay\u0131d\u0131\u015f \u00fc\u00e7\u00fcn quruculuq i\u015fl\u0259ri h\u0259yata ke\u00e7irildikc\u0259\u00a0Birinci Qaraba\u011f m\u00fcharib\u0259si d\u00f6vr\u00fcnd\u0259 itkin d\u00fc\u015fm\u00fc\u015f \u015f\u0259xsl\u0259rin taleyi torpaq alt\u0131ndan \u00fcz\u0259 \u00e7\u0131x\u0131r. Komit\u0259 s\u0259dri s\u00f6yl\u0259yib ki, Erm\u0259nistan v\u0259 h\u0259min d\u00f6vrl\u0259rd\u0259ki erm\u0259ni h\u0259rbi-siyasi rejimi Az\u0259rbaycan torpaqlar\u0131na qar\u015f\u0131 m\u00fcxt\u0259lif istiqam\u0259tl\u0259rd\u0259 total cinay\u0259tl\u0259r t\u00f6r\u0259dibl\u0259r:<\/p>\n<p>\u201cErm\u0259nistan bir milyona yax\u0131n az\u0259rbaycanl\u0131n\u0131 qa\u00e7q\u0131n v\u0259 m\u0259cburi k\u00f6\u00e7k\u00fcn\u0259 \u00e7evirm\u0259kl\u0259, minl\u0259rl\u0259 dinc sakini soyq\u0131r\u0131m\u0131na m\u0259ruz qoymaqla yana\u015f\u0131, i\u015f\u011fal etdiyi torpaqlar\u0131m\u0131zda bir milyona yax\u0131n mina basd\u0131r\u0131b. Xocal\u0131da t\u00f6r\u0259dil\u0259n soyq\u0131r\u0131m\u0131, Xocav\u0259ndin Edilli k\u0259ndind\u0259ki k\u00fctl\u0259vi m\u0259zarl\u0131qlar erm\u0259nil\u0259rin h\u0259rbi cinay\u0259tl\u0259rini ortaya qoyan faktlard\u0131r. Bunlar b\u0259\u015f\u0259riyy\u0259t v\u0259 insanl\u0131q \u0259leyhin\u0259 t\u00f6r\u0259dil\u0259n m\u00fcharib\u0259 cinay\u0259tl\u0259ridir. T\u0259\u0259ss\u00fcf ki, saxta t\u0259bli\u011fatlara, s\u00fcbutu olmayan iddialara inan\u0131b erm\u0259ni t\u0259\u0259ss\u00fcbke\u015fliyi ortaya qoyan beyn\u0259lxalq t\u0259\u015fkilatlar Xocal\u0131da, Edillid\u0259 Erm\u0259nistan h\u0259rbi-siyasi r\u0259hb\u0259rliyinin t\u00f6r\u0259tdiyi m\u00fcharib\u0259 cinay\u0259tl\u0259rini, i\u015f\u011faldan azad olunan \u0259razil\u0259rimizd\u0259ki da\u011f\u0131nt\u0131lar\u0131, talan\u0131 g\u00f6rm\u00fcrl\u0259r\u201d.<\/p>\n<p><img src=\"https:\/\/cdn.oxu.az\/uploads\/W1siZiIsIjIwMjIvMTAvMDgvMTAvMjEvMTEvYWNiYmEyOGQtMGNlMi00M2E5LWFhMDUtNzdkZmJlMjQ0NGNjLzMuanBnIl0sWyJwIiwiZW5jb2RlIiwianBnIiwiLXF1YWxpdHkgODAiXSxbInAiLCJ0aHVtYiIsIjU5MHg1OTBcdTAwM2UiXV0?sha=70df428a85332b3d\" alt=\"\" \/><\/p>\n<p><strong>Beyn\u0259lxalq humanitar h\u00fcququn norma v\u0259 prinsipl\u0259ri<\/strong><\/p>\n<p>Milli M\u0259clisin H\u00fcquq siyas\u0259ti v\u0259 d\u00f6vl\u0259t quruculu\u011fu komit\u0259sinin \u00fczv\u00fc B\u0259hruz M\u0259h\u0259rr\u0259mov da \u201cKaspi\u201d\u00a0q\u0259zetin\u0259 a\u00e7\u0131qlamas\u0131nda deyib ki, Xocav\u0259nd rayonunun Edilli k\u0259ndi \u0259razisind\u0259 yeni m\u0259zarl\u0131\u011f\u0131n a\u015fkar edilm\u0259si Erm\u0259nistan\u0131n beyn\u0259lxalq humanitar h\u00fcquqa a\u015fkar h\u00f6rm\u0259tsizliyinin v\u0259 d\u00f6vl\u0259t s\u0259viyy\u0259sind\u0259 bu cinay\u0259tl\u0259ri d\u0259st\u0259kl\u0259m\u0259sinin n\u00f6vb\u0259ti s\u00fcbutudur. Mill\u0259t v\u0259kilinin s\u00f6zl\u0259rin\u0259 g\u00f6r\u0259, bu k\u00fctl\u0259vi m\u0259zarl\u0131qlar\u0131n h\u0259r biri \u00f6zl\u00fcy\u00fcnd\u0259 s\u00fclh v\u0259 insanl\u0131q \u0259leyhin\u0259 cinay\u0259tl\u0259r, m\u00fcharib\u0259 cinay\u0259tl\u0259ri, habel\u0259 \u015f\u0259xsiyy\u0259t \u0259leyhin\u0259 olan cinay\u0259tl\u0259rin m\u0259cmusu dem\u0259kdir:<\/p>\n<p>\u201cBu insanlar q\u0259sd\u0259n niy\u0259 \u00f6ld\u00fcr\u00fcl\u00fcbl\u0259r? Sad\u0259 bir cavab\u0131 var: az\u0259rbaycanl\u0131 olduqlar\u0131 \u00fc\u00e7\u00fcn. 1948-ci il 9 dekabr tarixli Soyq\u0131r\u0131m\u0131 cinay\u0259tinin qar\u015f\u0131s\u0131n\u0131n al\u0131nmas\u0131 v\u0259 c\u0259zaland\u0131r\u0131lmas\u0131 haqq\u0131nda Konvensiyaya v\u0259 Az\u0259rbaycan Cinay\u0259t M\u0259c\u0259ll\u0259sinin 103-c\u00fc madd\u0259sind\u0259 ifad\u0259 olundu\u011fu kimi, h\u0259r hans\u0131 milli, etnik, irqi v\u0259 ya dini qrupun qism\u0259n v\u0259 ya b\u00fct\u00f6vl\u00fckd\u0259 m\u0259hv edilm\u0259si m\u0259qs\u0259di il\u0259 onlar\u0131n \u00f6ld\u00fcr\u00fclm\u0259si soyq\u0131r\u0131m\u0131 hesab olunur. Dig\u0259r t\u0259r\u0259fd\u0259n, k\u00fctl\u0259vi \u015f\u0259kild\u0259 d\u0259fn olunanlar\u0131n, dem\u0259k olar ki, ham\u0131s\u0131 \u0259sirlikd\u0259 olub. Onlar silahs\u0131z, m\u00fcqavim\u0259t g\u00f6st\u0259rm\u0259k imkanlar\u0131 olmad\u0131\u011f\u0131 halda v\u0259h\u015fic\u0259sin\u0259 q\u0259tl\u0259 yetirilibl\u0259r.<\/p>\n<p>Edillid\u0259 son a\u015fkarlanan k\u00fctl\u0259vi m\u0259zarl\u0131qda adi g\u00f6zl\u0259 skeletl\u0259r \u00fcz\u0259rind\u0259 bu v\u0259h\u015filikl\u0259rin izl\u0259rini g\u00f6rm\u0259k olur. Bu is\u0259 m\u00fcharib\u0259 qanunlar\u0131n\u0131, o c\u00fcml\u0259d\u0259n silahl\u0131 m\u00fcnaqi\u015f\u0259 zaman\u0131 beyn\u0259lxalq humanitar h\u00fcquq norma v\u0259 prinsipl\u0259rini, daha konkret des\u0259k, \u201cH\u0259rbi \u0259sirl\u0259rl\u0259 r\u0259ftara dair\u201d, o c\u00fcml\u0259d\u0259n \u201cD\u00f6y\u00fc\u015f\u0259n ordularda yaral\u0131lar\u0131n v\u0259 x\u0259st\u0259l\u0259rin v\u0259ziyy\u0259tinin yax\u015f\u0131la\u015fd\u0131r\u0131lmas\u0131 haqq\u0131nda\u201d Cenevr\u0259 Konvensiyalar\u0131 v\u0259 1977-ci il \u018flav\u0259 Protokollar\u0131n k\u00f6kl\u00fc pozuntusu kimi m\u0259suliyy\u0259ti lab\u00fcd edir\u201d.<\/p>\n<p><img src=\"https:\/\/cdn.oxu.az\/uploads\/W1siZiIsIjIwMjIvMTAvMDgvMTAvMjEvMTAvZmI0ZmM3MDgtMDg2Zi00MjFhLTljNDEtZmM2OGU0MWRlMDdlLzQuanBnIl0sWyJwIiwiZW5jb2RlIiwianBnIiwiLXF1YWxpdHkgODAiXSxbInAiLCJ0aHVtYiIsIjU5MHg1OTBcdTAwM2UiXV0?sha=4ac7530a6794eee1\" alt=\"\" \/><\/p>\n<p><strong>Canil\u0259rin c\u0259zaland\u0131r\u0131lmas\u0131n\u0131 \u00f6z\u00fcm\u00fcz realla\u015fd\u0131rmal\u0131y\u0131q<\/strong><\/p>\n<p>B.M\u0259h\u0259rr\u0259mov t\u0259\u0259ss\u00fcfl\u0259 vur\u011fulay\u0131b ki, beyn\u0259lxalq ictimaiyy\u0259t bu m\u0259s\u0259l\u0259d\u0259 laz\u0131mi h\u0259ssasl\u0131\u011f\u0131 g\u00f6st\u0259rm\u0259y\u0259r\u0259k iki\u00fczl\u00fc, riyakar m\u00fcnasib\u0259t s\u0259rgil\u0259m\u0259kd\u0259dir:<\/p>\n<p>\u201cBeyn\u0259lxalq h\u00fcquq konkret \u015f\u0259kild\u0259 t\u0259l\u0259b edir ki, qeyd etdiyimiz \u0259m\u0259ll\u0259rd\u0259n h\u0259r hans\u0131 birini t\u00f6r\u0259d\u0259nl\u0259r r\u0259smi v\u0259 ya f\u0259rdi \u015f\u0259xs olmas\u0131ndan as\u0131l\u0131 olmayaraq c\u0259zaland\u0131r\u0131lmal\u0131d\u0131rlar. Y\u0259ni h\u00fcquq da, \u0259dal\u0259t d\u0259 t\u0259l\u0259b edir ki, bu cinay\u0259tl\u0259ri t\u00f6r\u0259d\u0259n erm\u0259ni h\u0259rb\u00e7il\u0259ri, Erm\u0259nistan\u0131n ozamank\u0131 h\u0259rbi-siyasi r\u0259hb\u0259rliyi, o c\u00fcml\u0259d\u0259n h\u0259min cinay\u0259tl\u0259r\u0259 g\u00f6z yuman, k\u00fctl\u0259vi m\u0259zarl\u0131qlar\u0131n koordinatlar\u0131n\u0131 gizl\u0259tm\u0259kl\u0259 cinay\u0259tl\u0259ri \u00f6rt-basd\u0131r etm\u0259k ist\u0259y\u0259n, c\u0259zas\u0131zl\u0131q m\u00fchiti il\u0259 yeni cinay\u0259tl\u0259r\u0259 r\u0259vac ver\u0259n bug\u00fcnk\u00fc hay hakimiyy\u0259ti d\u0259 m\u0259suliyy\u0259t\u0259 c\u0259lb olunmal\u0131d\u0131r.<\/p>\n<p>Amma real m\u0259nz\u0259r\u0259y\u0259 baxsaq, d\u00fcnya erm\u0259ni vandalizmini, barbarl\u0131\u011f\u0131n\u0131 g\u00f6rm\u0259zd\u0259n g\u0259lir. Bu is\u0259 o dem\u0259kdir ki, nec\u0259 ki Az\u0259rbaycan \u00f6z imkanlar\u0131 hesab\u0131na BMT q\u0259tnam\u0259l\u0259rinin icras\u0131na h\u0259rbi-siyasi yolla 44 g\u00fcnl\u00fck sava\u015fda \u00f6z\u00fc nail oldu, bu canil\u0259rin c\u0259zaland\u0131r\u0131lmas\u0131n\u0131 da biz \u00f6z\u00fcm\u00fcz realla\u015fd\u0131rmal\u0131y\u0131q. \u018fks halda, Erm\u0259nistan terror siyas\u0259tini davam etdirm\u0259kl\u0259 b\u00f6lg\u0259d\u0259 yeni faci\u0259l\u0259r\u0259 yol a\u00e7maqda davam ed\u0259 bil\u0259r\u201d.<\/p>\n","protected":false},"excerpt":{"rendered":"<p>Edillid\u0259 n\u00f6vb\u0259ti d\u0259f\u0259 a\u015fkarlanan k\u00fctl\u0259vi m\u0259zarl\u0131q bu \u0259razinin Erm\u0259nistan t\u0259r\u0259find\u0259n az\u0259rbaycanl\u0131 girovlar \u00fc\u00e7\u00fcn h\u0259bs d\u00fc\u015f\u0259rg\u0259si kimi istifad\u0259 edildiyini s\u00fcbut edir. M\u00f6vzuyla ba\u011fl\u0131\u00a0\u201cKaspi\u201d\u00a0q\u0259zetinin m\u0259qal\u0259sini t\u0259qdim edirik. Az\u0259rbaycan\u0131n i\u015f\u011faldan azad edilmi\u015f Xocav\u0259nd rayonunun Edilli k\u0259ndind\u0259 fevral ay\u0131ndan sonra n\u00f6vb\u0259ti d\u0259f\u0259 k\u00fctl\u0259vi m\u0259zarl\u0131q a\u015fkar olunub. M\u0259zarl\u0131qda m\u0259ftil v\u0259 k\u0259ndirl\u0259rd\u0259n istifad\u0259 edilm\u0259kl\u0259 \u0259l-aya\u011f\u0131 ba\u011flanaraq k\u00fctl\u0259vi \u015f\u0259kild\u0259 d\u0259fn edilmi\u015f 12 insan\u0131n qal\u0131\u011f\u0131 tap\u0131l\u0131b. Geyim v\u0259 \u0259\u015fyalar\u0131na \u0259sas\u0259n, h\u0259min \u015f\u0259xsl\u0259rin h\u0259rb\u00e7i olduqlar\u0131 m\u0259lum olub. Bu is\u0259 az\u0259rbaycanl\u0131 h\u0259rbi \u0259sirl\u0259rin i\u015fg\u0259nc\u0259 veril\u0259r\u0259k q\u0259tl\u0259 yetirilm\u0259si il\u0259 ba\u011fl\u0131 bir \u00e7ox ifad\u0259l\u0259ri s\u00fcbut edir. Beyn\u0259lxalq ictimaiyy\u0259t\u0259 \u00e7a\u011f\u0131r\u0131\u015f A\u015fkar edilmi\u015f qal\u0131qlar\u0131n&hellip;<\/p>\n","protected":false},"author":2,"featured_media":520208,"comment_status":"closed","ping_status":"closed","sticky":false,"template":"","format":"standard","meta":{"om_disable_all_campaigns":false,"_monsterinsights_skip_tracking":false,"_monsterinsights_sitenote_active":false,"_monsterinsights_sitenote_note":"","_monsterinsights_sitenote_category":0},"categories":[28,4],"tags":[],"aioseo_notices":[],"gutentor_comment":0,"rttpg_featured_image_url":{"full":["https:\/\/arantv.az\/wp-content\/uploads\/2022\/10\/03fa2f75166496437048575736910409246.jpg",975,540,false],"landscape":["https:\/\/arantv.az\/wp-content\/uploads\/2022\/10\/03fa2f75166496437048575736910409246.jpg",975,540,false],"portraits":["https:\/\/arantv.az\/wp-content\/uploads\/2022\/10\/03fa2f75166496437048575736910409246.jpg",975,540,false],"thumbnail":["https:\/\/arantv.az\/wp-content\/uploads\/2022\/10\/03fa2f75166496437048575736910409246-500x280.jpg",500,280,true],"medium":["https:\/\/arantv.az\/wp-content\/uploads\/2022\/10\/03fa2f75166496437048575736910409246-660x365.jpg",660,365,true],"large":["https:\/\/arantv.az\/wp-content\/uploads\/2022\/10\/03fa2f75166496437048575736910409246-840x465.jpg",640,354,true],"1536x1536":["https:\/\/arantv.az\/wp-content\/uploads\/2022\/10\/03fa2f75166496437048575736910409246.jpg",975,540,false],"2048x2048":["https:\/\/arantv.az\/wp-content\/uploads\/2022\/10\/03fa2f75166496437048575736910409246.jpg",975,540,false],"post-thumbnail":["https:\/\/arantv.az\/wp-content\/uploads\/2022\/10\/03fa2f75166496437048575736910409246-240x172.jpg",240,172,true],"advps-thumb-one":["https:\/\/arantv.az\/wp-content\/uploads\/2022\/10\/03fa2f75166496437048575736910409246.jpg",975,540,false]},"rttpg_author":{"display_name":"V\u00fcsal Rafiqo\u011flu","author_link":"https:\/\/arantv.az\/?author=2"},"rttpg_comment":0,"rttpg_category":"<a href=\"https:\/\/arantv.az\/?cat=28\" rel=\"category\">ARAN TV<\/a> <a href=\"https:\/\/arantv.az\/?cat=4\" rel=\"category\">Siyas\u0259t<\/a>","rttpg_excerpt":"Edillid\u0259 n\u00f6vb\u0259ti d\u0259f\u0259 a\u015fkarlanan k\u00fctl\u0259vi m\u0259zarl\u0131q bu \u0259razinin Erm\u0259nistan t\u0259r\u0259find\u0259n az\u0259rbaycanl\u0131 girovlar \u00fc\u00e7\u00fcn h\u0259bs d\u00fc\u015f\u0259rg\u0259si kimi istifad\u0259 edildiyini s\u00fcbut edir. M\u00f6vzuyla ba\u011fl\u0131\u00a0\u201cKaspi\u201d\u00a0q\u0259zetinin m\u0259qal\u0259sini t\u0259qdim edirik. Az\u0259rbaycan\u0131n i\u015f\u011faldan azad edilmi\u015f Xocav\u0259nd rayonunun Edilli k\u0259ndind\u0259 fevral ay\u0131ndan sonra n\u00f6vb\u0259ti d\u0259f\u0259 k\u00fctl\u0259vi m\u0259zarl\u0131q a\u015fkar olunub. M\u0259zarl\u0131qda m\u0259ftil v\u0259 k\u0259ndirl\u0259rd\u0259n istifad\u0259 edilm\u0259kl\u0259 \u0259l-aya\u011f\u0131 ba\u011flanaraq k\u00fctl\u0259vi \u015f\u0259kild\u0259 d\u0259fn edilmi\u015f 12&hellip;","_links":{"self":[{"href":"https:\/\/arantv.az\/index.php?rest_route=\/wp\/v2\/posts\/521249"}],"collection":[{"href":"https:\/\/arantv.az\/index.php?rest_route=\/wp\/v2\/posts"}],"about":[{"href":"https:\/\/arantv.az\/index.php?rest_route=\/wp\/v2\/types\/post"}],"author":[{"embeddable":true,"href":"https:\/\/arantv.az\/index.php?rest_route=\/wp\/v2\/users\/2"}],"replies":[{"embeddable":true,"href":"https:\/\/arantv.az\/index.php?rest_route=%2Fwp%2Fv2%2Fcomments&post=521249"}],"version-history":[{"count":0,"href":"https:\/\/arantv.az\/index.php?rest_route=\/wp\/v2\/posts\/521249\/revisions"}],"wp:featuredmedia":[{"embeddable":true,"href":"https:\/\/arantv.az\/index.php?rest_route=\/wp\/v2\/media\/520208"}],"wp:attachment":[{"href":"https:\/\/arantv.az\/index.php?rest_route=%2Fwp%2Fv2%2Fmedia&parent=521249"}],"wp:term":[{"taxonomy":"category","embeddable":true,"href":"https:\/\/arantv.az\/index.php?rest_route=%2Fwp%2Fv2%2Fcategories&post=521249"},{"taxonomy":"post_tag","embeddable":true,"href":"https:\/\/arantv.az\/index.php?rest_route=%2Fwp%2Fv2%2Ftags&post=521249"}],"curies":[{"name":"wp","href":"https:\/\/api.w.org\/{rel}","templated":true}]}}