{"id":521254,"date":"2022-10-08T12:54:41","date_gmt":"2022-10-08T09:54:41","guid":{"rendered":"https:\/\/arantv.az\/?p=521254"},"modified":"2022-10-08T12:54:41","modified_gmt":"2022-10-08T09:54:41","slug":"%c9%99liyevin-qarabagdaki-erm%c9%99nil%c9%99r%c9%99-dair-aciqlamasinin-mahiyy%c9%99ti-s%c9%99rh","status":"publish","type":"post","link":"https:\/\/arantv.az\/?p=521254","title":{"rendered":"\u018fliyevin Qaraba\u011fdak\u0131 erm\u0259nil\u0259r\u0259 dair a\u00e7\u0131qlamas\u0131n\u0131n mahiyy\u0259ti \u2013 \u015e\u018fRH"},"content":{"rendered":"<p>Az\u0259rbaycan 10 Noyabr B\u0259yanat\u0131n\u0131n imzalanmas\u0131ndan sonra Rusiya s\u00fclhm\u0259raml\u0131 q\u00fcvv\u0259l\u0259rinin m\u00fcv\u0259qq\u0259ti yerl\u0259\u015fdikl\u0259ri \u0259razil\u0259rd\u0259 k\u0259\u015ffiyyat-n\u0259zar\u0259t t\u0259dbirl\u0259rinin dozas\u0131n\u0131 postm\u00fcnaqi\u015f\u0259 reall\u0131qlar\u0131 kontekstind\u0259 art\u0131rd\u0131.<\/p>\n<p>Az\u0259rbaycan Qaraba\u011fda ya\u015fayan\u00a0m\u00fclki erm\u0259nil\u0259ri \u00f6z v\u0259t\u0259nda\u015flar\u0131 kimi q\u0259bul etm\u0259y\u0259 haz\u0131r oldu\u011funu d\u0259f\u0259l\u0259rl\u0259 m\u00fcxt\u0259lif tribunalarda b\u0259yan edib, h\u0259l\u0259lik d\u00f6vl\u0259tin bununla ba\u011fl\u0131 vahid proqram v\u0259 m\u0259ram\u0131 yoxdur, lakin konseptual olaraq m\u0259s\u0259l\u0259y\u0259 yana\u015fma t\u0259rzinin oldu\u011funu ortaya qoyur.<\/p>\n<div class=\"AdviadNativeVideo\"><\/div>\n<p>Qaraba\u011fdak\u0131 erm\u0259nil\u0259rin n\u00fcmay\u0259nd\u0259l\u0259ri il\u0259 qeyri-formal t\u0259maslar da onlar\u0131n Az\u0259rbaycan Konstitusiyas\u0131 \u015f\u0259rtl\u0259ri alt\u0131nda v\u0259t\u0259nda\u015fl\u0131\u011fa q\u0259bul edilm\u0259l\u0259ri \u00fc\u00e7\u00fcn add\u0131mlard\u0131r.<\/p>\n<p>Az\u0259rbaycan, onsuz da, Qaraba\u011f erm\u0259nil\u0259ri il\u0259 m\u00fc\u0259yy\u0259n kanallar vasit\u0259sil\u0259 qeyri-r\u0259smi t\u0259maslarda olub v\u0259 bu davam etdiril\u0259c\u0259k, bunu Prezident\u00a0<strong>\u0130lham \u018fliyev<\/strong>\u00a0\u00f6z\u00fc d\u0259 Praqada az\u0259rbaycanl\u0131 jurnalistl\u0259r\u0259 verdiyi m\u00fcsahib\u0259d\u0259 bildirib.<\/p>\n<p><strong>S\u0130TAT:<\/strong>\u00a0\u201cQaraba\u011f\u0131n erm\u0259ni \u0259halisinin n\u00fcmay\u0259nd\u0259l\u0259ri il\u0259 qeyri-formal \u0259laq\u0259l\u0259ri davam etdirm\u0259yi planla\u015fd\u0131r\u0131r\u0131q. Dem\u0259liy\u0259m ki, bel\u0259 \u0259laq\u0259l\u0259r art\u0131q m\u00fc\u0259yy\u0259n m\u00fcdd\u0259tdir ki, apar\u0131l\u0131r\u201d.<\/p>\n<p>Az\u0259rbaycan\u0131n t\u0259hl\u00fck\u0259sizlik orqanlar\u0131, onsuz da, Rusiya s\u00fclhm\u0259raml\u0131lar\u0131n\u0131n m\u00fcv\u0259qq\u0259ti\u00a0m\u0259suliyy\u0259t zonas\u0131ndak\u0131 \u0259razil\u0259rd\u0259 t\u0259hl\u00fck\u0259sizlik \u015f\u0259raitini d\u0259y\u0259rl\u0259ndirir.<\/p>\n<p>Az\u0259rbaycan t\u0259hl\u00fck\u0259sizlik m\u00fchitinin t\u0259hlilini daxili qanunvericilik postulatlar\u0131 il\u0259 apar\u0131r v\u0259 Bak\u0131 erm\u0259ni faktorunun xarici dair\u0259l\u0259r\u0259 kart verm\u0259m\u0259si \u00fc\u00e7\u00fcn \u00e7al\u0131\u015f\u0131r, bu siyas\u0259t effektiv n\u0259tic\u0259l\u0259rini d\u0259 verm\u0259kd\u0259dir.<\/p>\n<p>Az\u0259rbaycan 10 Noyabrdan sonrak\u0131 prosesl\u0259rd\u0259 v\u0259 s\u00fclhyaratma d\u00f6vr\u00fcnd\u0259 Qaraba\u011f m\u00f6vzusunu m\u00fczakir\u0259l\u0259r masas\u0131ndan qald\u0131rma\u011f\u0131 bacard\u0131 v\u0259 bunu daxili h\u00fcquqi t\u0259nziml\u0259m\u0259 mexanizmi qismind\u0259 \u0259lahidd\u0259 m\u00f6vzu kimi diqq\u0259td\u0259 saxlay\u0131r.<\/p>\n<p>Bu\u00a0o dem\u0259kdir ki, Az\u0259rbaycanla Erm\u0259nistan aras\u0131nda imzalanacaq s\u00fclh m\u00fcqavil\u0259sind\u0259 Qaraba\u011f v\u0259 oradak\u0131 erm\u0259ni \u0259halinin t\u0259hl\u00fck\u0259sizliyin\u0259 dair ayr\u0131ca b\u0259nd olmayacaq.<\/p>\n<p>Amma n\u0259z\u0259rd\u0259n qa\u00e7\u0131rmamaq m\u00fctl\u0259qdir ki, Qaraba\u011f erm\u0259nil\u0259ri AB\u015e, Fransa, Rusiya \u00fc\u00e7\u00fcn h\u0259l\u0259 d\u0259 \u00f6zl\u0259rinin maraqlar\u0131na uy\u011fun \u015f\u0259kild\u0259 bir kart rolunu oynamaqda davam edirl\u0259r.<\/p>\n<p>Buna g\u00f6r\u0259 d\u0259\u00a0Az\u0259rbaycan Qaraba\u011f m\u00f6vzusunu ona qar\u015f\u0131 ola bil\u0259c\u0259k m\u00f6vqel\u0259ri neytralla\u015fd\u0131rmaq kontekstind\u0259 xarici siyas\u0259t prioritetl\u0259rin\u0259 da\u015f\u0131y\u0131r.<\/p>\n<p>\u0130lham \u018fliyevin h\u0259min m\u0259zmunda Az\u0259rbaycan\u0131n xarici siyas\u0259t bloku \u00e7\u0259r\u00e7iv\u0259sind\u0259 m\u0259sl\u0259h\u0259tl\u0259\u015fm\u0259l\u0259ri intensivl\u0259\u015fdirdiyini dem\u0259si diplomatik-siyasi trafikl\u0259rd\u0259ki g\u00fcnd\u0259liyi ortaya \u00e7\u0131xar\u0131r.<\/p>\n<p>T\u0259bii ki, Az\u0259rbaycan\u00a0erm\u0259ni \u0259halinin \u00f6z v\u0259t\u0259nda\u015flar\u0131 kimi ya\u015famas\u0131na dair daxili t\u0259nziml\u0259m\u0259l\u0259rini beyn\u0259lxalq h\u00fcququn yaratd\u0131\u011f\u0131 \u00f6hd\u0259likl\u0259r \u0259sas\u0131nda h\u0259yata ke\u00e7ir\u0259c\u0259k.<\/p>\n<p>Bunun \u00fc\u00e7\u00fcn is\u0259 qeyri-formal t\u0259maslar\u0131n intensivl\u0259\u015fdirilm\u0259si lab\u00fcdd\u00fcr v\u0259 Qaraba\u011fdak\u0131 erm\u0259nil\u0259rin n\u00fcfuzlular\u0131 dig\u0259r m\u00fclki erm\u0259nil\u0259ri Bak\u0131n\u0131n prioritetl\u0259ri alt\u0131nda ya\u015famaq \u00fc\u00e7\u00fcn inand\u0131rma\u011fa davam ed\u0259c\u0259kl\u0259r.<\/p>\n","protected":false},"excerpt":{"rendered":"<p>Az\u0259rbaycan 10 Noyabr B\u0259yanat\u0131n\u0131n imzalanmas\u0131ndan sonra Rusiya s\u00fclhm\u0259raml\u0131 q\u00fcvv\u0259l\u0259rinin m\u00fcv\u0259qq\u0259ti yerl\u0259\u015fdikl\u0259ri \u0259razil\u0259rd\u0259 k\u0259\u015ffiyyat-n\u0259zar\u0259t t\u0259dbirl\u0259rinin dozas\u0131n\u0131 postm\u00fcnaqi\u015f\u0259 reall\u0131qlar\u0131 kontekstind\u0259 art\u0131rd\u0131. Az\u0259rbaycan Qaraba\u011fda ya\u015fayan\u00a0m\u00fclki erm\u0259nil\u0259ri \u00f6z v\u0259t\u0259nda\u015flar\u0131 kimi q\u0259bul etm\u0259y\u0259 haz\u0131r oldu\u011funu d\u0259f\u0259l\u0259rl\u0259 m\u00fcxt\u0259lif tribunalarda b\u0259yan edib, h\u0259l\u0259lik d\u00f6vl\u0259tin bununla ba\u011fl\u0131 vahid proqram v\u0259 m\u0259ram\u0131 yoxdur, lakin konseptual olaraq m\u0259s\u0259l\u0259y\u0259 yana\u015fma t\u0259rzinin oldu\u011funu ortaya qoyur. Qaraba\u011fdak\u0131 erm\u0259nil\u0259rin n\u00fcmay\u0259nd\u0259l\u0259ri il\u0259 qeyri-formal t\u0259maslar da onlar\u0131n Az\u0259rbaycan Konstitusiyas\u0131 \u015f\u0259rtl\u0259ri alt\u0131nda v\u0259t\u0259nda\u015fl\u0131\u011fa q\u0259bul edilm\u0259l\u0259ri \u00fc\u00e7\u00fcn add\u0131mlard\u0131r. Az\u0259rbaycan, onsuz da, Qaraba\u011f erm\u0259nil\u0259ri il\u0259 m\u00fc\u0259yy\u0259n kanallar vasit\u0259sil\u0259 qeyri-r\u0259smi t\u0259maslarda olub v\u0259 bu davam etdiril\u0259c\u0259k, bunu Prezident\u00a0\u0130lham \u018fliyev\u00a0\u00f6z\u00fc d\u0259&hellip;<\/p>\n","protected":false},"author":2,"featured_media":521255,"comment_status":"closed","ping_status":"closed","sticky":false,"template":"","format":"standard","meta":{"om_disable_all_campaigns":false,"_monsterinsights_skip_tracking":false,"_monsterinsights_sitenote_active":false,"_monsterinsights_sitenote_note":"","_monsterinsights_sitenote_category":0},"categories":[4],"tags":[],"aioseo_notices":[],"gutentor_comment":0,"rttpg_featured_image_url":{"full":["https:\/\/arantv.az\/wp-content\/uploads\/2022\/10\/F25403BF-BED7-4F70-A300-D9BF9A8F5D24.jpg",620,413,false],"landscape":["https:\/\/arantv.az\/wp-content\/uploads\/2022\/10\/F25403BF-BED7-4F70-A300-D9BF9A8F5D24.jpg",620,413,false],"portraits":["https:\/\/arantv.az\/wp-content\/uploads\/2022\/10\/F25403BF-BED7-4F70-A300-D9BF9A8F5D24.jpg",620,413,false],"thumbnail":["https:\/\/arantv.az\/wp-content\/uploads\/2022\/10\/F25403BF-BED7-4F70-A300-D9BF9A8F5D24-500x280.jpg",500,280,true],"medium":["https:\/\/arantv.az\/wp-content\/uploads\/2022\/10\/F25403BF-BED7-4F70-A300-D9BF9A8F5D24-548x365.jpg",548,365,true],"large":["https:\/\/arantv.az\/wp-content\/uploads\/2022\/10\/F25403BF-BED7-4F70-A300-D9BF9A8F5D24.jpg",620,413,false],"1536x1536":["https:\/\/arantv.az\/wp-content\/uploads\/2022\/10\/F25403BF-BED7-4F70-A300-D9BF9A8F5D24.jpg",620,413,false],"2048x2048":["https:\/\/arantv.az\/wp-content\/uploads\/2022\/10\/F25403BF-BED7-4F70-A300-D9BF9A8F5D24.jpg",620,413,false],"post-thumbnail":["https:\/\/arantv.az\/wp-content\/uploads\/2022\/10\/F25403BF-BED7-4F70-A300-D9BF9A8F5D24-240x172.jpg",240,172,true],"advps-thumb-one":["https:\/\/arantv.az\/wp-content\/uploads\/2022\/10\/F25403BF-BED7-4F70-A300-D9BF9A8F5D24.jpg",620,413,false]},"rttpg_author":{"display_name":"V\u00fcsal Rafiqo\u011flu","author_link":"https:\/\/arantv.az\/?author=2"},"rttpg_comment":0,"rttpg_category":"<a href=\"https:\/\/arantv.az\/?cat=4\" rel=\"category\">Siyas\u0259t<\/a>","rttpg_excerpt":"Az\u0259rbaycan 10 Noyabr B\u0259yanat\u0131n\u0131n imzalanmas\u0131ndan sonra Rusiya s\u00fclhm\u0259raml\u0131 q\u00fcvv\u0259l\u0259rinin m\u00fcv\u0259qq\u0259ti yerl\u0259\u015fdikl\u0259ri \u0259razil\u0259rd\u0259 k\u0259\u015ffiyyat-n\u0259zar\u0259t t\u0259dbirl\u0259rinin dozas\u0131n\u0131 postm\u00fcnaqi\u015f\u0259 reall\u0131qlar\u0131 kontekstind\u0259 art\u0131rd\u0131. Az\u0259rbaycan Qaraba\u011fda ya\u015fayan\u00a0m\u00fclki erm\u0259nil\u0259ri \u00f6z v\u0259t\u0259nda\u015flar\u0131 kimi q\u0259bul etm\u0259y\u0259 haz\u0131r oldu\u011funu d\u0259f\u0259l\u0259rl\u0259 m\u00fcxt\u0259lif tribunalarda b\u0259yan edib, h\u0259l\u0259lik d\u00f6vl\u0259tin bununla ba\u011fl\u0131 vahid proqram v\u0259 m\u0259ram\u0131 yoxdur, lakin konseptual olaraq m\u0259s\u0259l\u0259y\u0259 yana\u015fma t\u0259rzinin oldu\u011funu ortaya qoyur. Qaraba\u011fdak\u0131 erm\u0259nil\u0259rin&hellip;","_links":{"self":[{"href":"https:\/\/arantv.az\/index.php?rest_route=\/wp\/v2\/posts\/521254"}],"collection":[{"href":"https:\/\/arantv.az\/index.php?rest_route=\/wp\/v2\/posts"}],"about":[{"href":"https:\/\/arantv.az\/index.php?rest_route=\/wp\/v2\/types\/post"}],"author":[{"embeddable":true,"href":"https:\/\/arantv.az\/index.php?rest_route=\/wp\/v2\/users\/2"}],"replies":[{"embeddable":true,"href":"https:\/\/arantv.az\/index.php?rest_route=%2Fwp%2Fv2%2Fcomments&post=521254"}],"version-history":[{"count":0,"href":"https:\/\/arantv.az\/index.php?rest_route=\/wp\/v2\/posts\/521254\/revisions"}],"wp:featuredmedia":[{"embeddable":true,"href":"https:\/\/arantv.az\/index.php?rest_route=\/wp\/v2\/media\/521255"}],"wp:attachment":[{"href":"https:\/\/arantv.az\/index.php?rest_route=%2Fwp%2Fv2%2Fmedia&parent=521254"}],"wp:term":[{"taxonomy":"category","embeddable":true,"href":"https:\/\/arantv.az\/index.php?rest_route=%2Fwp%2Fv2%2Fcategories&post=521254"},{"taxonomy":"post_tag","embeddable":true,"href":"https:\/\/arantv.az\/index.php?rest_route=%2Fwp%2Fv2%2Ftags&post=521254"}],"curies":[{"name":"wp","href":"https:\/\/api.w.org\/{rel}","templated":true}]}}