{"id":521261,"date":"2022-10-08T13:15:10","date_gmt":"2022-10-08T10:15:10","guid":{"rendered":"https:\/\/arantv.az\/?p=521261"},"modified":"2022-10-08T13:15:11","modified_gmt":"2022-10-08T10:15:11","slug":"yap-b%c9%99rd%c9%99-rayon-t%c9%99skilatinin-s%c9%99dri-f%c9%99q%c9%99t-sadlinskaya-az%c9%99rbaycan-bolqaristan-munasib%c9%99tl%c9%99ri-yuks%c9%99l%c9%99n-x%c9%99tl%c9%99-inkisaf-edir","status":"publish","type":"post","link":"https:\/\/arantv.az\/?p=521261","title":{"rendered":"YAP B\u0259rd\u0259 rayon t\u0259\u015fkilat\u0131n\u0131n s\u0259dri F\u0259q\u0259t \u015eadlinskaya: &#8220;Az\u0259rbaycan-Bolqar\u0131stan m\u00fcnasib\u0259tl\u0259ri y\u00fcks\u0259l\u0259n x\u0259tl\u0259 inki\u015faf edir&#8221;"},"content":{"rendered":"<p>Xarici siyas\u0259tind\u0259 ikit\u0259r\u0259fli \u0259m\u0259kda\u015fl\u0131\u011f\u0131 \u00f6nd\u0259 saxlayan Az\u0259rbaycan h\u0259r zaman \u0259laq\u0259l\u0259rin yeni istiqam\u0259tl\u0259r \u00fczr\u0259 inki\u015faf etdirilm\u0259sin\u0259 maraq g\u00f6st\u0259rir v\u0259 bunu atd\u0131\u011f\u0131 add\u0131mlar\u0131 il\u0259 t\u0259sdiql\u0259yir. D\u00f6vl\u0259t ba\u015f\u00e7\u0131s\u0131 \u0130lham \u018fliyevin sentyabr\u0131n 30-da Bolqar\u0131stana r\u0259smi s\u0259f\u0259ri d\u0259 bu kimi m\u0259qamlar\u0131n t\u0259qdimat\u0131nda m\u00fch\u00fcm rol oynad\u0131. \u0130ki dost \u00f6lk\u0259 aras\u0131nda yaln\u0131z enerji deyil, dig\u0259r sah\u0259l\u0259rd\u0259 d\u0259 \u0259laq\u0259l\u0259rin inki\u015faf\u0131 \u00fc\u00e7\u00fcn geni\u015f imkanlar\u0131n oldu\u011fu bildirildi v\u0259 perspektivl\u0259r m\u00fczakir\u0259 edildi. \u201cBolqar\u0131stan v\u0259 Az\u0259rbaycan strateji t\u0259r\u0259fda\u015fd\u0131rlar\u201d s\u00f6yl\u0259y\u0259n c\u0259nab \u0130lham \u018fliyev qeyd etdi ki, strateji t\u0259r\u0259fda\u015fl\u0131q haqq\u0131nda B\u0259yannam\u0259 yeddi il bundan \u0259vv\u0259l imzalan\u0131b. Bu ill\u0259r \u0259rzind\u0259 strateji t\u0259r\u0259fda\u015fl\u0131q bir \u00e7ox sah\u0259l\u0259rd\u0259 \u00f6z\u00fcn\u00fc g\u00f6st\u0259rir. H\u0259r bir s\u0259f\u0259r g\u00fcn\u00fcn aktual m\u0259s\u0259l\u0259l\u0259ri \u0259traf\u0131nda fikir m\u00fcbadil\u0259si aparma\u011f\u0131 bir \u00e7a\u011f\u0131ra\u015fa \u00e7evirir. Yeni q\u0259bul olunan q\u0259rarlar\u0131n sonrak\u0131 d\u00f6n\u0259md\u0259 h\u0259yatda \u00f6z \u0259ksini tapmas\u0131 m\u00fcnasib\u0259tl\u0259rin inki\u015faf\u0131nda \u00f6z s\u00f6z\u00fcn\u00fc deyir. \u00d6lk\u0259l\u0259r aras\u0131nda qar\u015f\u0131l\u0131ql\u0131 etimad m\u00fchitinin m\u00f6vcudlu\u011fu \u0259m\u0259kda\u015fl\u0131\u011f\u0131n m\u00f6hk\u0259ml\u0259nm\u0259sind\u0259 \u0259sas faktordur. Az\u0259rbaycanla Bolqar\u0131stan aras\u0131nda b\u00fct\u00fcn sah\u0259l\u0259rd\u0259 \u0259m\u0259kda\u015fl\u0131\u011f\u0131n t\u0259m\u0259lind\u0259 s\u0259mimi m\u00fcnasib\u0259tl\u0259r dayan\u0131r. Bu \u0259laq\u0259l\u0259r \u00e7ox\u015fax\u0259lidir. T\u0259bii ki, xalqlar\u0131m\u0131z aras\u0131ndak\u0131 tarixi ba\u011flar da \u0259laq\u0259l\u0259rin t\u0259m\u0259lind\u0259 dayanan m\u00fch\u00fcm amill\u0259rd\u0259ndir. \u201cBu g\u00fcn, \u0259lb\u0259tt\u0259 ki, qar\u015f\u0131l\u0131ql\u0131 maraqlar \u00fcz\u0259rind\u0259 qurulmu\u015f o strateji t\u0259r\u0259fda\u015fl\u0131q yeni imkanlar a\u00e7\u0131r\u201d fikirl\u0259ri il\u0259 Az\u0259rbaycan-Bolqar\u0131stan m\u00fcnasib\u0259tl\u0259rinin d\u00fcn\u0259nin\u0259 bax\u0131\u015f \u0259sas\u0131nda g\u0259l\u0259c\u0259kd\u0259 \u0259m\u0259kda\u015fl\u0131\u011f\u0131n inki\u015faf\u0131 bar\u0259d\u0259 ayd\u0131n t\u0259s\u0259vv\u00fcr yaradan d\u00f6vl\u0259t ba\u015f\u00e7\u0131s\u0131 \u0130lham \u018fliyev bildirdi ki, enerji sah\u0259sind\u0259 ba\u015flan\u0131lan \u00e7ox ciddi \u0259m\u0259kda\u015fl\u0131\u011f\u0131n b\u00f6y\u00fck g\u0259l\u0259c\u0259yi var. Ke\u00e7iril\u0259n g\u00f6r\u00fc\u015fl\u0259rd\u0259 m\u00fczakir\u0259 olunan m\u00f6vzularla ba\u011fl\u0131 g\u0259l\u0259c\u0259kd\u0259 praktiki add\u0131mlar at\u0131lacaq. Az\u0259rbaycan etibarl\u0131 qaz t\u0259chizat\u00e7\u0131s\u0131 kimi Avropa \u00f6lk\u0259l\u0259ri \u00fc\u00e7\u00fcn \u00f6n\u0259m da\u015f\u0131yan \u00f6lk\u0259dir. Az\u0259rbaycan \u00fc\u00e7\u00fcn d\u0259 Avropa, o c\u00fcml\u0259d\u0259n Bolqar\u0131stan bazar\u0131 b\u00f6y\u00fck maraq k\u0259sb edir. \u0130kit\u0259r\u0259fli \u0259m\u0259kda\u015fl\u0131\u011f\u0131n b\u00fct\u00fcn sah\u0259l\u0259ri \u0259hat\u0259 etm\u0259si yeni-yeni h\u0259d\u0259fl\u0259r\u0259 yol a\u00e7\u0131r ki, bu da \u00f6z n\u00f6vb\u0259sind\u0259 s\u0259yl\u0259rin birl\u0259\u015fdirilm\u0259si m\u0259s\u0259l\u0259sini aktualla\u015fd\u0131r\u0131r. H\u0259r bir \u00f6lk\u0259 inki\u015faf modelini, t\u0259cr\u00fcb\u0259sini ortaya qoymaqla bu h\u0259d\u0259fl\u0259r\u0259 \u00f6z\u00fcn\u00fcn t\u00f6hf\u0259sini verm\u0259k imkanlar\u0131n\u0131 art\u0131r\u0131r. Bolqar\u0131stan Prezidenti \u201cBiz m\u00fczakir\u0259l\u0259rimizd\u0259 t\u0259kc\u0259 enerji m\u0259s\u0259l\u0259si il\u0259 kifay\u0259tl\u0259nm\u0259dik. Biz yeni imkanlar\u0131, dig\u0259r innovativ sah\u0259l\u0259rd\u0259 \u0259m\u0259kda\u015fl\u0131q imkanlar\u0131n\u0131 axtaraca\u011f\u0131q\u201d s\u00f6yl\u0259m\u0259kl\u0259 haz\u0131rk\u0131 d\u00f6vr\u00fcn \u00e7a\u011f\u0131r\u0131\u015flar\u0131na da diqq\u0259ti y\u00f6n\u0259ltdi. Bildirdi ki, haz\u0131rda bizim qar\u015f\u0131m\u0131zda \u201cya\u015f\u0131l enerji\u201d, karbon neytrall\u0131\u011f\u0131 il\u0259 ba\u011fl\u0131 m\u00fc\u0259yy\u0259n \u00e7a\u011f\u0131r\u0131\u015flar var. Bunun \u00fcz\u0259rind\u0259 d\u0259 \u00e7al\u0131\u015faca\u011f\u0131q. Bununla yana\u015f\u0131, g\u00fcbr\u0259 istehsal\u0131n\u0131 n\u0259z\u0259rd\u0259 ke\u00e7irdik. Avtomobil v\u0259 ehtiyat hiss\u0259l\u0259rinin istehsal\u0131 sah\u0259l\u0259rind\u0259 b\u00f6y\u00fck potensial var: \u201cBiz bir yerd\u0259, \u0259l-\u0259l\u0259 ver\u0259r\u0259k bu sah\u0259l\u0259rd\u0259 d\u0259 \u00e7al\u0131\u015fa bil\u0259rik. K\u0259nd t\u0259s\u0259rr\u00fcfat\u0131, qida istehsal\u0131, \u0259cza\u00e7\u0131l\u0131q da \u00e7ox maraql\u0131 sah\u0259l\u0259rdir. Dig\u0259r vacib sah\u0259l\u0259r elm, t\u0259hsil v\u0259 m\u0259d\u0259niyy\u0259tdir. Bununla biz xalqlar aras\u0131nda t\u0259maslar\u0131, m\u00fcbadil\u0259ni g\u00fccl\u0259ndir\u0259, iqtisadiyyat, s\u0259rmay\u0259 sah\u0259l\u0259rind\u0259 \u0259m\u0259kda\u015fl\u0131\u011f\u0131m\u0131za yeni perspektivl\u0259r \u0259lav\u0259 ed\u0259 bil\u0259rik.\u201d Az\u0259rbaycanla Bolqar\u0131stan aras\u0131nda diplomatik m\u00fcnasib\u0259tl\u0259rin qurulmas\u0131n\u0131n 30 iliyi tamam olur. 30 il \u0259laq\u0259l\u0259rin d\u00fcn\u0259nin\u0259 bax\u0131\u015f \u0259sas\u0131nda qar\u015f\u0131dak\u0131 d\u00f6vr\u00fcn h\u0259d\u0259fl\u0259rinin m\u00fc\u0259yy\u0259nl\u0259\u015fdirilm\u0259sind\u0259 b\u00f6y\u00fck m\u0259nb\u0259dir. Bu ill\u0259r \u0259rzind\u0259 xeyli sayda s\u0259n\u0259dl\u0259r imzalan\u0131b. \u018fvv\u0259ld\u0259 d\u0259 qeyd etdiyimiz kimi, 7 il \u0259vv\u0259l, 2015-ci ild\u0259 iki \u00f6lk\u0259 aras\u0131nda strateji t\u0259r\u0259fda\u015fl\u0131\u011fa dair Birg\u0259 B\u0259yannam\u0259nin imzalanmas\u0131 \u0259laq\u0259l\u0259rin inki\u015faf\u0131nda h\u00fcquqi baza oldu. Bu g\u00fcn art\u0131q bu \u0259laq\u0259l\u0259rin yeni m\u0259rh\u0259l\u0259y\u0259 daxil olmas\u0131ndan b\u0259hs edirik. Az\u0259rbaycan\u0131n Avropan\u0131n enerji t\u0259hl\u00fck\u0259sizliyinin t\u0259minat\u0131nda rolunu n\u0259z\u0259r\u0259 alsaq iki dost \u00f6lk\u0259nin enerji sah\u0259sind\u0259 \u0259laq\u0259l\u0259rinin g\u0259l\u0259c\u0259k inki\u015faf\u0131 da h\u0259d\u0259fl\u0259r s\u0131ras\u0131nda \u00f6nd\u0259dir. D\u00fcnyan\u0131n enerji x\u0259rit\u0259sini d\u0259yi\u015f\u0259c\u0259k Yunan\u0131stan-Bolqar\u0131stan Qaz \u0130nterkonnektoru h\u0259m Az\u0259rbaycan qaz\u0131n\u0131n Avropaya daha geni\u015f miqyasda n\u0259ql olunmas\u0131na imkan ver\u0259c\u0259k, eyni zamanda, Avropa qit\u0259sind\u0259 enerji t\u0259hl\u00fck\u0259sizliyin\u0259 d\u0259 bunun \u00e7ox b\u00f6y\u00fck faydas\u0131 olacaq. H\u0259m\u00e7inin Avropa \u0130ttifaq\u0131 il\u0259 Az\u0259rbaycan aras\u0131nda enerji sah\u0259sind\u0259 strateji t\u0259r\u0259fda\u015fl\u0131q haqq\u0131nda Memorandum imzalanm\u0131\u015fd\u0131r. D\u00f6vl\u0259t ba\u015f\u00e7\u0131s\u0131 bu statistik r\u0259q\u0259ml\u0259ri d\u0259 a\u00e7\u0131qlad\u0131 ki, bu Memoranduma \u0259sas\u0259n, n\u00f6vb\u0259ti bir ne\u00e7\u0259 ild\u0259 Avropaya qaz ixracat\u0131m\u0131z\u0131 \u0259n az\u0131 2 d\u0259f\u0259 art\u0131raca\u011f\u0131q v\u0259 buna imkan var. Az\u0259rbaycan\u0131n t\u0259sdiq edilmi\u015f qaz ehtiyatlar\u0131 2,6 trilyon kubmetrdir. Yeni v\u0259 \u00e7ox\u015fax\u0259li qaz n\u0259qliyyat infrastrukturu imkan verir ki, bir \u00e7ox \u00f6lk\u0259l\u0259ri t\u0259bii qazla t\u0259min ed\u0259k. Bu sah\u0259d\u0259 \u0259ld\u0259 edilmi\u015f u\u011furlar g\u0259l\u0259c\u0259k planlar \u00fc\u00e7\u00fcn d\u0259 g\u00f6z\u0259l z\u0259mindir. \u00dcmumilikd\u0259 g\u00f6r\u00fcl\u0259n v\u0259 g\u00f6r\u00fcl\u0259c\u0259k i\u015fl\u0259r Az\u0259rbaycan-Bolqar\u0131stan m\u00fcnasib\u0259tl\u0259rinin y\u00fcks\u0259l\u0259n x\u0259tl\u0259 inki\u015faf etdiyini t\u0259sdiql\u0259yir. D\u00f6vl\u0259t ba\u015f\u00e7\u0131s\u0131n\u0131n s\u0259f\u0259ri \u0259laq\u0259l\u0259rin g\u0259l\u0259c\u0259k inki\u015faf\u0131n\u0131n t\u0259hlilin\u0259, yeni prioritetl\u0259rin m\u00fc\u0259yy\u0259nl\u0259\u015fdirilm\u0259sin\u0259 geni\u015f imkan yaratd\u0131.<\/p>\n","protected":false},"excerpt":{"rendered":"<p>Xarici siyas\u0259tind\u0259 ikit\u0259r\u0259fli \u0259m\u0259kda\u015fl\u0131\u011f\u0131 \u00f6nd\u0259 saxlayan Az\u0259rbaycan h\u0259r zaman \u0259laq\u0259l\u0259rin yeni istiqam\u0259tl\u0259r \u00fczr\u0259 inki\u015faf etdirilm\u0259sin\u0259 maraq g\u00f6st\u0259rir v\u0259 bunu atd\u0131\u011f\u0131 add\u0131mlar\u0131 il\u0259 t\u0259sdiql\u0259yir. D\u00f6vl\u0259t ba\u015f\u00e7\u0131s\u0131 \u0130lham \u018fliyevin sentyabr\u0131n 30-da Bolqar\u0131stana r\u0259smi s\u0259f\u0259ri d\u0259 bu kimi m\u0259qamlar\u0131n t\u0259qdimat\u0131nda m\u00fch\u00fcm rol oynad\u0131. \u0130ki dost \u00f6lk\u0259 aras\u0131nda yaln\u0131z enerji deyil, dig\u0259r sah\u0259l\u0259rd\u0259 d\u0259 \u0259laq\u0259l\u0259rin inki\u015faf\u0131 \u00fc\u00e7\u00fcn geni\u015f imkanlar\u0131n oldu\u011fu bildirildi v\u0259 perspektivl\u0259r m\u00fczakir\u0259 edildi. \u201cBolqar\u0131stan v\u0259 Az\u0259rbaycan strateji t\u0259r\u0259fda\u015fd\u0131rlar\u201d s\u00f6yl\u0259y\u0259n c\u0259nab \u0130lham \u018fliyev qeyd etdi ki, strateji t\u0259r\u0259fda\u015fl\u0131q haqq\u0131nda B\u0259yannam\u0259 yeddi il bundan \u0259vv\u0259l imzalan\u0131b. Bu ill\u0259r \u0259rzind\u0259 strateji t\u0259r\u0259fda\u015fl\u0131q bir \u00e7ox sah\u0259l\u0259rd\u0259&hellip;<\/p>\n","protected":false},"author":2,"featured_media":510010,"comment_status":"closed","ping_status":"closed","sticky":false,"template":"","format":"standard","meta":{"om_disable_all_campaigns":false,"_monsterinsights_skip_tracking":false,"_monsterinsights_sitenote_active":false,"_monsterinsights_sitenote_note":"","_monsterinsights_sitenote_category":0},"categories":[2],"tags":[],"aioseo_notices":[],"gutentor_comment":0,"rttpg_featured_image_url":{"full":["https:\/\/arantv.az\/wp-content\/uploads\/2022\/09\/thumb.jpg",360,238,false],"landscape":["https:\/\/arantv.az\/wp-content\/uploads\/2022\/09\/thumb.jpg",360,238,false],"portraits":["https:\/\/arantv.az\/wp-content\/uploads\/2022\/09\/thumb.jpg",360,238,false],"thumbnail":["https:\/\/arantv.az\/wp-content\/uploads\/2022\/09\/thumb.jpg",360,238,false],"medium":["https:\/\/arantv.az\/wp-content\/uploads\/2022\/09\/thumb.jpg",360,238,false],"large":["https:\/\/arantv.az\/wp-content\/uploads\/2022\/09\/thumb.jpg",360,238,false],"1536x1536":["https:\/\/arantv.az\/wp-content\/uploads\/2022\/09\/thumb.jpg",360,238,false],"2048x2048":["https:\/\/arantv.az\/wp-content\/uploads\/2022\/09\/thumb.jpg",360,238,false],"post-thumbnail":["https:\/\/arantv.az\/wp-content\/uploads\/2022\/09\/thumb-240x172.jpg",240,172,true],"advps-thumb-one":["https:\/\/arantv.az\/wp-content\/uploads\/2022\/09\/thumb.jpg",360,238,false]},"rttpg_author":{"display_name":"V\u00fcsal Rafiqo\u011flu","author_link":"https:\/\/arantv.az\/?author=2"},"rttpg_comment":0,"rttpg_category":"<a href=\"https:\/\/arantv.az\/?cat=2\" rel=\"category\">Region X\u0259b\u0259rl\u0259ri<\/a>","rttpg_excerpt":"Xarici siyas\u0259tind\u0259 ikit\u0259r\u0259fli \u0259m\u0259kda\u015fl\u0131\u011f\u0131 \u00f6nd\u0259 saxlayan Az\u0259rbaycan h\u0259r zaman \u0259laq\u0259l\u0259rin yeni istiqam\u0259tl\u0259r \u00fczr\u0259 inki\u015faf etdirilm\u0259sin\u0259 maraq g\u00f6st\u0259rir v\u0259 bunu atd\u0131\u011f\u0131 add\u0131mlar\u0131 il\u0259 t\u0259sdiql\u0259yir. D\u00f6vl\u0259t ba\u015f\u00e7\u0131s\u0131 \u0130lham \u018fliyevin sentyabr\u0131n 30-da Bolqar\u0131stana r\u0259smi s\u0259f\u0259ri d\u0259 bu kimi m\u0259qamlar\u0131n t\u0259qdimat\u0131nda m\u00fch\u00fcm rol oynad\u0131. \u0130ki dost \u00f6lk\u0259 aras\u0131nda yaln\u0131z enerji deyil, dig\u0259r sah\u0259l\u0259rd\u0259 d\u0259 \u0259laq\u0259l\u0259rin inki\u015faf\u0131 \u00fc\u00e7\u00fcn geni\u015f imkanlar\u0131n&hellip;","_links":{"self":[{"href":"https:\/\/arantv.az\/index.php?rest_route=\/wp\/v2\/posts\/521261"}],"collection":[{"href":"https:\/\/arantv.az\/index.php?rest_route=\/wp\/v2\/posts"}],"about":[{"href":"https:\/\/arantv.az\/index.php?rest_route=\/wp\/v2\/types\/post"}],"author":[{"embeddable":true,"href":"https:\/\/arantv.az\/index.php?rest_route=\/wp\/v2\/users\/2"}],"replies":[{"embeddable":true,"href":"https:\/\/arantv.az\/index.php?rest_route=%2Fwp%2Fv2%2Fcomments&post=521261"}],"version-history":[{"count":0,"href":"https:\/\/arantv.az\/index.php?rest_route=\/wp\/v2\/posts\/521261\/revisions"}],"wp:featuredmedia":[{"embeddable":true,"href":"https:\/\/arantv.az\/index.php?rest_route=\/wp\/v2\/media\/510010"}],"wp:attachment":[{"href":"https:\/\/arantv.az\/index.php?rest_route=%2Fwp%2Fv2%2Fmedia&parent=521261"}],"wp:term":[{"taxonomy":"category","embeddable":true,"href":"https:\/\/arantv.az\/index.php?rest_route=%2Fwp%2Fv2%2Fcategories&post=521261"},{"taxonomy":"post_tag","embeddable":true,"href":"https:\/\/arantv.az\/index.php?rest_route=%2Fwp%2Fv2%2Ftags&post=521261"}],"curies":[{"name":"wp","href":"https:\/\/api.w.org\/{rel}","templated":true}]}}