{"id":521264,"date":"2022-10-08T16:15:05","date_gmt":"2022-10-08T13:15:05","guid":{"rendered":"https:\/\/arantv.az\/?p=521264"},"modified":"2022-10-08T16:15:05","modified_gmt":"2022-10-08T13:15:05","slug":"ombudsman-at%c9%99t-in-demokratik-t%c9%99sisatlar-v%c9%99-insan-huquqlari-burosunun-q%c9%99r%c9%99zli-yanasmasina-etiraz-b%c9%99yanati-yayib","status":"publish","type":"post","link":"https:\/\/arantv.az\/?p=521264","title":{"rendered":"Ombudsman AT\u018fT-in Demokratik T\u0259sisatlar v\u0259 \u0130nsan H\u00fcquqlar\u0131 B\u00fcrosunun q\u0259r\u0259zli yana\u015fmas\u0131na etiraz b\u0259yanat\u0131 yay\u0131b"},"content":{"rendered":"<p>Az\u0259rbaycan Ombudsman\u0131 AT\u018fT-in Demokratik T\u0259sisatlar v\u0259 \u0130nsan H\u00fcquqlar\u0131 B\u00fcrosunun q\u0259r\u0259zli yana\u015fmas\u0131na etiraz b\u0259yanat\u0131 yay\u0131b.<\/p>\n<p>Ombudsman Aparat\u0131ndan veril\u0259n x\u0259b\u0259r\u0259 g\u00f6r\u0259, b\u0259yanatda deyilir:<\/p>\n<div class=\"AdviadNativeVideo\">\n<div id=\"adviad-native-mainContainer\">\n<div id=\"adviad-native-content\">\n<div id=\"adviad-native-ad\" class=\"adviad-native-ad\">\n<div class=\"adviad-native-info\">\n<div id=\"adviad-native-info\" class=\"adviad-native-info\">\n<p>\u201cAT\u018fT-in Demokratik T\u0259sisatlar v\u0259 \u0130nsan H\u00fcquqlar\u0131 B\u00fcrosu t\u0259r\u0259find\u0259n \u201cTwitter\u201d<span lang=\"AZ-LATIN\">\u00a0<\/span>sosial \u015f\u0259b\u0259k\u0259sind\u0259 Az\u0259rbaycan v\u0259 Erm\u0259nistan xalqlar\u0131 aras\u0131nda nifr\u0259t hissini art\u0131rmaqla milli \u0259dav\u0259ti q\u0131z\u0131\u015fd\u0131rma\u011fa v\u0259 ba\u015flanm\u0131\u015f k\u00f6vr\u0259k s\u00fclh prosesini pozma\u011fa y\u00f6n\u0259lmi\u015f q\u0259r\u0259zli m\u0259lumat yay\u0131mlan\u0131b.<\/p>\n<p>Bildiririk ki, Erm\u0259nistan silahl\u0131 q\u00fcvv\u0259l\u0259ri t\u0259r\u0259find\u0259n az\u0259rbaycanl\u0131 h\u0259rbi \u0259sirl\u0259rin q\u0259ddarcas\u0131na q\u0259tl\u0259 yetirilm\u0259si, insanl\u0131\u011fa s\u0131\u011fmayan dig\u0259r h\u0259r\u0259k\u0259tl\u0259r\u0259 yol verilm\u0259kl\u0259 i\u015fg\u0259nc\u0259 v\u0259 t\u0259hqir\u0259 m\u0259ruz qalmas\u0131 il\u0259 ba\u011fl\u0131 \u00e7oxsayl\u0131 t\u0259kzibolunmaz s\u00fcbutlar m\u00f6vcuddur.<\/p>\n<p>Sosial \u015f\u0259b\u0259k\u0259l\u0259rd\u0259 v\u0259 dig\u0259r media resurslar\u0131nda az\u0259rbaycanl\u0131 h\u0259rbi \u0259sirl\u0259r\u0259 qar\u015f\u0131 t\u00f6r\u0259dilmi\u015f m\u00fcharib\u0259 cinay\u0259tl\u0259rini t\u0259sdiq ed\u0259n faktlar\u0131 \u0259ks etdir\u0259n videog\u00f6r\u00fcnt\u00fcl\u0259rl\u0259 ba\u011fl\u0131 AT\u018fT-\u0259, habel\u0259 BMT, Avropa \u0130ttifaq\u0131, Avropa \u015euras\u0131 v\u0259 onlar\u0131n ixtisasla\u015fm\u0131\u015f qurumlar\u0131na, dig\u0259r s\u0259lahiyy\u0259tli beyn\u0259lxalq v\u0259 regional t\u0259\u015fkilatlara t\u0259r\u0259fimizd\u0259n d\u0259f\u0259l\u0259rl\u0259 m\u00fcraci\u0259tl\u0259r edilmi\u015f, hesabatlar t\u0259qdim olunmu\u015fdur.<\/p>\n<p>T\u0259\u0259ss\u00fcfl\u0259r olsun ki, Az\u0259rbaycandan f\u0259rqli olaraq Erm\u0259nistan t\u0259r\u0259fi bu kimi faktlarla ba\u011fl\u0131 he\u00e7 bir ara\u015fd\u0131rma aparm\u0131r v\u0259 bununla da beyn\u0259lxalq humanitar h\u00fcquq normalar\u0131ndan ir\u0259li g\u0259l\u0259n \u00f6hd\u0259likl\u0259r\u0259 \u0259m\u0259l etmir.<\/p>\n<p>Bununla bel\u0259,\u00a0Az\u0259rbaycana m\u00fcnasib\u0259td\u0259 ikili standartlara yol veril\u0259r\u0259k Erm\u0259nistan t\u0259r\u0259find\u0259n t\u00f6r\u0259dilmi\u015f m\u00fcharib\u0259 cinay\u0259tl\u0259rin\u0259 AT\u018fT t\u0259r\u0259find\u0259n he\u00e7 bir reaksiya verilmir, \u0259ksin\u0259, \u00f6lk\u0259miz bar\u0259d\u0259 h\u0259qiq\u0259ti \u0259ks etdirm\u0259y\u0259n q\u0259r\u0259zli m\u0259lumatlar payla\u015f\u0131lmaqla s\u00fclhyaratma f\u0259aliyy\u0259tinin pozulmas\u0131na y\u00f6n\u0259lmi\u015f add\u0131mlar at\u0131l\u0131r.<\/p>\n<p>M\u0259lum oldu\u011fu kimi, art\u0131q Erm\u0259nistan v\u0259 Az\u0259rbaycan BMT Nizamnam\u0259sin\u0259 v\u0259 1991-ci il Almat\u0131\u00a0B\u0259yannam\u0259sin\u0259 sadiqliyini bir daha n\u00fcmayi\u015f etdir\u0259r\u0259k bir-birinin \u0259razi b\u00fct\u00f6vl\u00fcy\u00fc v\u0259 suverenliyini tan\u0131y\u0131blar.<\/p>\n<p>Bu bax\u0131mdan t\u0259r\u0259fl\u0259rin bir-birinin \u0259razi b\u00fct\u00f6vl\u00fcy\u00fcn\u00fc v\u0259 suverenliyini tan\u0131maqla s\u00fclh\u0259 daha da yax\u0131nla\u015fd\u0131\u011f\u0131 haz\u0131rk\u0131 \u00e7ox h\u0259ssas bir vaxtda m\u0259qs\u0259dli \u015f\u0259kild\u0259 n\u00fcmayi\u015f etdiril\u0259n bu q\u0259r\u0259zli m\u00fcnasib\u0259ti k\u0259skin \u015f\u0259kild\u0259 q\u0131nay\u0131r, AT\u018fT-i t\u0259r\u0259fl\u0259r aras\u0131nda davaml\u0131 s\u00fclh\u00fcn t\u0259\u015fviqin\u0259 v\u0259 insan h\u00fcquqlar\u0131n\u0131n t\u0259minin\u0259 xidm\u0259t ed\u0259n \u0259dal\u0259tli m\u00f6vqe n\u00fcmayi\u015f etdirm\u0259y\u0259 \u00e7a\u011f\u0131r\u0131r\u0131q\u201d.<\/p>\n<\/div>\n<\/div>\n<div id=\"adviad-native-show-icon\" class=\"adviad-native-ad-icon\"><\/div>\n<\/div>\n<\/div>\n<\/div>\n<\/div>\n","protected":false},"excerpt":{"rendered":"<p>Az\u0259rbaycan Ombudsman\u0131 AT\u018fT-in Demokratik T\u0259sisatlar v\u0259 \u0130nsan H\u00fcquqlar\u0131 B\u00fcrosunun q\u0259r\u0259zli yana\u015fmas\u0131na etiraz b\u0259yanat\u0131 yay\u0131b. Ombudsman Aparat\u0131ndan veril\u0259n x\u0259b\u0259r\u0259 g\u00f6r\u0259, b\u0259yanatda deyilir: \u201cAT\u018fT-in Demokratik T\u0259sisatlar v\u0259 \u0130nsan H\u00fcquqlar\u0131 B\u00fcrosu t\u0259r\u0259find\u0259n \u201cTwitter\u201d\u00a0sosial \u015f\u0259b\u0259k\u0259sind\u0259 Az\u0259rbaycan v\u0259 Erm\u0259nistan xalqlar\u0131 aras\u0131nda nifr\u0259t hissini art\u0131rmaqla milli \u0259dav\u0259ti q\u0131z\u0131\u015fd\u0131rma\u011fa v\u0259 ba\u015flanm\u0131\u015f k\u00f6vr\u0259k s\u00fclh prosesini pozma\u011fa y\u00f6n\u0259lmi\u015f q\u0259r\u0259zli m\u0259lumat yay\u0131mlan\u0131b. Bildiririk ki, Erm\u0259nistan silahl\u0131 q\u00fcvv\u0259l\u0259ri t\u0259r\u0259find\u0259n az\u0259rbaycanl\u0131 h\u0259rbi \u0259sirl\u0259rin q\u0259ddarcas\u0131na q\u0259tl\u0259 yetirilm\u0259si, insanl\u0131\u011fa s\u0131\u011fmayan dig\u0259r h\u0259r\u0259k\u0259tl\u0259r\u0259 yol verilm\u0259kl\u0259 i\u015fg\u0259nc\u0259 v\u0259 t\u0259hqir\u0259 m\u0259ruz qalmas\u0131 il\u0259 ba\u011fl\u0131 \u00e7oxsayl\u0131 t\u0259kzibolunmaz s\u00fcbutlar m\u00f6vcuddur. Sosial \u015f\u0259b\u0259k\u0259l\u0259rd\u0259 v\u0259 dig\u0259r media resurslar\u0131nda az\u0259rbaycanl\u0131 h\u0259rbi \u0259sirl\u0259r\u0259&hellip;<\/p>\n","protected":false},"author":2,"featured_media":521265,"comment_status":"closed","ping_status":"closed","sticky":false,"template":"","format":"standard","meta":{"om_disable_all_campaigns":false,"_monsterinsights_skip_tracking":false,"_monsterinsights_sitenote_active":false,"_monsterinsights_sitenote_note":"","_monsterinsights_sitenote_category":0},"categories":[4],"tags":[],"aioseo_notices":[],"gutentor_comment":0,"rttpg_featured_image_url":{"full":["https:\/\/arantv.az\/wp-content\/uploads\/2022\/10\/ombudsman_aparati_160419-1.jpg",620,413,false],"landscape":["https:\/\/arantv.az\/wp-content\/uploads\/2022\/10\/ombudsman_aparati_160419-1.jpg",620,413,false],"portraits":["https:\/\/arantv.az\/wp-content\/uploads\/2022\/10\/ombudsman_aparati_160419-1.jpg",620,413,false],"thumbnail":["https:\/\/arantv.az\/wp-content\/uploads\/2022\/10\/ombudsman_aparati_160419-1-500x280.jpg",500,280,true],"medium":["https:\/\/arantv.az\/wp-content\/uploads\/2022\/10\/ombudsman_aparati_160419-1-548x365.jpg",548,365,true],"large":["https:\/\/arantv.az\/wp-content\/uploads\/2022\/10\/ombudsman_aparati_160419-1.jpg",620,413,false],"1536x1536":["https:\/\/arantv.az\/wp-content\/uploads\/2022\/10\/ombudsman_aparati_160419-1.jpg",620,413,false],"2048x2048":["https:\/\/arantv.az\/wp-content\/uploads\/2022\/10\/ombudsman_aparati_160419-1.jpg",620,413,false],"post-thumbnail":["https:\/\/arantv.az\/wp-content\/uploads\/2022\/10\/ombudsman_aparati_160419-1-240x172.jpg",240,172,true],"advps-thumb-one":["https:\/\/arantv.az\/wp-content\/uploads\/2022\/10\/ombudsman_aparati_160419-1.jpg",620,413,false]},"rttpg_author":{"display_name":"V\u00fcsal Rafiqo\u011flu","author_link":"https:\/\/arantv.az\/?author=2"},"rttpg_comment":0,"rttpg_category":"<a href=\"https:\/\/arantv.az\/?cat=4\" rel=\"category\">Siyas\u0259t<\/a>","rttpg_excerpt":"Az\u0259rbaycan Ombudsman\u0131 AT\u018fT-in Demokratik T\u0259sisatlar v\u0259 \u0130nsan H\u00fcquqlar\u0131 B\u00fcrosunun q\u0259r\u0259zli yana\u015fmas\u0131na etiraz b\u0259yanat\u0131 yay\u0131b. Ombudsman Aparat\u0131ndan veril\u0259n x\u0259b\u0259r\u0259 g\u00f6r\u0259, b\u0259yanatda deyilir: \u201cAT\u018fT-in Demokratik T\u0259sisatlar v\u0259 \u0130nsan H\u00fcquqlar\u0131 B\u00fcrosu t\u0259r\u0259find\u0259n \u201cTwitter\u201d\u00a0sosial \u015f\u0259b\u0259k\u0259sind\u0259 Az\u0259rbaycan v\u0259 Erm\u0259nistan xalqlar\u0131 aras\u0131nda nifr\u0259t hissini art\u0131rmaqla milli \u0259dav\u0259ti q\u0131z\u0131\u015fd\u0131rma\u011fa v\u0259 ba\u015flanm\u0131\u015f k\u00f6vr\u0259k s\u00fclh prosesini pozma\u011fa y\u00f6n\u0259lmi\u015f q\u0259r\u0259zli m\u0259lumat yay\u0131mlan\u0131b. Bildiririk ki, Erm\u0259nistan&hellip;","_links":{"self":[{"href":"https:\/\/arantv.az\/index.php?rest_route=\/wp\/v2\/posts\/521264"}],"collection":[{"href":"https:\/\/arantv.az\/index.php?rest_route=\/wp\/v2\/posts"}],"about":[{"href":"https:\/\/arantv.az\/index.php?rest_route=\/wp\/v2\/types\/post"}],"author":[{"embeddable":true,"href":"https:\/\/arantv.az\/index.php?rest_route=\/wp\/v2\/users\/2"}],"replies":[{"embeddable":true,"href":"https:\/\/arantv.az\/index.php?rest_route=%2Fwp%2Fv2%2Fcomments&post=521264"}],"version-history":[{"count":0,"href":"https:\/\/arantv.az\/index.php?rest_route=\/wp\/v2\/posts\/521264\/revisions"}],"wp:featuredmedia":[{"embeddable":true,"href":"https:\/\/arantv.az\/index.php?rest_route=\/wp\/v2\/media\/521265"}],"wp:attachment":[{"href":"https:\/\/arantv.az\/index.php?rest_route=%2Fwp%2Fv2%2Fmedia&parent=521264"}],"wp:term":[{"taxonomy":"category","embeddable":true,"href":"https:\/\/arantv.az\/index.php?rest_route=%2Fwp%2Fv2%2Fcategories&post=521264"},{"taxonomy":"post_tag","embeddable":true,"href":"https:\/\/arantv.az\/index.php?rest_route=%2Fwp%2Fv2%2Ftags&post=521264"}],"curies":[{"name":"wp","href":"https:\/\/api.w.org\/{rel}","templated":true}]}}