{"id":521276,"date":"2022-10-08T16:20:57","date_gmt":"2022-10-08T13:20:57","guid":{"rendered":"https:\/\/arantv.az\/?p=521276"},"modified":"2022-10-08T16:20:57","modified_gmt":"2022-10-08T13:20:57","slug":"agdama-h%c9%99yat-qayidir","status":"publish","type":"post","link":"https:\/\/arantv.az\/?p=521276","title":{"rendered":"A\u011fdama h\u0259yat qay\u0131d\u0131r"},"content":{"rendered":"<p>200 ild\u0259n art\u0131q erm\u0259ni mill\u0259t\u00e7il\u0259rinin t\u00fcrk xalqlar\u0131na qar\u015f\u0131 t\u00f6r\u0259tdiyi d\u00fc\u015fm\u0259n\u00e7ilik siyas\u0259ti tarixi m\u0259nb\u0259l\u0259rd\u0259 art\u0131q s\u00fcbuta yetirilmi\u015f bir faktd\u0131r. \u018fsrl\u0259r, ill\u0259r ke\u00e7m\u0259sin\u0259 baxmayaraq xalq\u0131m\u0131z o a\u011f\u0131r i\u015fg\u0259nc\u0259l\u0259ri unutmur, soyq\u0131r\u0131mlar\u0131n\u0131n qurbanlar\u0131 olmu\u015f g\u00fcnahs\u0131z insanlar\u0131n xatir\u0259sini d\u0259rin ehtiramla yad edir. \u018fslind\u0259, ke\u00e7mi\u015fini unudan tarixini ya\u015fatmayan bir xalq\u0131n g\u0259l\u0259c\u0259yi yoxdur. B\u00fct\u00fcn hadis\u0259l\u0259r h\u0259r bir mill\u0259tin qan yadda\u015f\u0131nda \u0259b\u0259di yer tutmal\u0131 v\u0259 g\u0259l\u0259c\u0259k n\u0259sill\u0259r\u0259 t\u0259bli\u011f edilm\u0259lidir.<\/p>\n<p>Xalq\u0131m\u0131za, t\u00fcrk d\u00fcnyas\u0131na qar\u015f\u0131 erm\u0259ni da\u015fnaklar\u0131n\u0131n h\u0259yata ke\u00e7irdiyi soyq\u0131r\u0131m\u0131 siyas\u0259tinin bir m\u0259qs\u0259di olub: i\u015f\u011fal olunmu\u015f t\u00fcrk torpaqlar\u0131 hesab\u0131na &#8220;B\u00f6y\u00fck Erm\u0259nistan&#8221; d\u00f6vl\u0259ti yaratmaq. Az\u0259rbaycan Respublikas\u0131n\u0131n Prezidenti c\u0259nab \u0130lham \u018fliyev m\u00f6t\u0259b\u0259r t\u0259dbirl\u0259rd\u0259, beyn\u0259lxalq qurumlar\u0131n v\u0259 n\u00fcfuzlu d\u00f6vl\u0259tl\u0259rin r\u0259smil\u0259ri il\u0259 g\u00f6r\u00fc\u015fl\u0259rind\u0259 d\u0259f\u0259l\u0259rl\u0259 qeyd edib ki, \u0130r\u0259van, Z\u0259ng\u0259zur v\u0259 dig\u0259r \u0259razil\u0259r tarixi Az\u0259rbaycan torpaqlar\u0131d\u0131r. Y\u0259ni, indiki Erm\u0259nistan Respublikas\u0131 Az\u0259rbaycan torpaqlar\u0131 \u00fcz\u0259rind\u0259 yarad\u0131l\u0131b. Bunu s\u00fcbut etm\u0259y\u0259 ehtiyac yoxdur, bu tarixdir.<\/p>\n<p>\u00d6z d\u00fc\u015fm\u0259n\u00e7iliyind\u0259n \u0259l \u00e7\u0259km\u0259y\u0259n hiyl\u0259g\u0259r erm\u0259nil\u0259r 1988-ci ild\u0259n etibar\u0259n Qaraba\u011f b\u00f6lg\u0259sind\u0259 i\u015f\u011fal\u00e7\u0131l\u0131q m\u0259qs\u0259dl\u0259rini davam etdirm\u0259y\u0259 nail olurlar. Bu zaman Erm\u0259nistan\u0131n Az\u0259rbaycana qar\u015f\u0131 \u0259razi iddialar\u0131 n\u0259tic\u0259sind\u0259 V\u0259t\u0259nimizin q\u0259dim, \u0259z\u0259li torpaqlar\u0131 olan Da\u011fl\u0131q Qaraba\u011f b\u00f6lg\u0259si v\u0259 onun \u0259traf\u0131ndak\u0131 7 rayon &#8211; La\u00e7\u0131n, K\u0259lb\u0259c\u0259r, A\u011fdam, C\u0259bray\u0131l, F\u00fczuli, Qubadl\u0131, Z\u0259ngilan d\u00fc\u015fm\u0259n t\u0259r\u0259find\u0259n i\u015f\u011fal edildi. Erm\u0259nil\u0259rin n\u00f6vb\u0259ti q\u0259sbkarl\u0131q siyas\u0259tinin n\u0259tic\u0259si olaraq 1 milyondan art\u0131q v\u0259t\u0259nda\u015f\u0131m\u0131z ata-baba yurdlar\u0131ndan zorla did\u0259rgin sal\u0131nd\u0131, 20 min\u0259 q\u0259d\u0259r az\u0259rbaycanl\u0131 q\u0259tl\u0259 yetirildi, 20 mind\u0259n \u00e7ox dinc sakin yaraland\u0131, 50 mind\u0259n \u00e7ox adam \u0259lil oldu, 4 min n\u0259f\u0259rd\u0259n art\u0131q az\u0259rbaycanl\u0131 is\u0259 \u0259sir v\u0259 girov g\u00f6t\u00fcr\u00fcld\u00fc.<\/p>\n<p>Erm\u0259ni vandallar\u0131 t\u0259kc\u0259 insanlara qar\u015f\u0131 deyil h\u0259m\u00e7inin i\u015f\u011fal etdikl\u0259ri torpaqlar\u0131n tarixin\u0259 v\u0259 m\u0259d\u0259niyy\u0259tin\u0259 qar\u015f\u0131 v\u0259h\u015filik edir, k\u0259ndl\u0259ri \u015f\u0259h\u0259rl\u0259ri viran qoyurdular. Bu v\u0259h\u015filikl\u0259rin qurbanlar\u0131ndan birid\u0259 A\u011fdam idi. 1993-c\u00fc il iyulun 4-d\u0259 erm\u0259ni q\u00fcvv\u0259l\u0259ri artilleriya il\u0259 A\u011fdam\u0131 bombalam\u0131\u015f, \u015f\u0259h\u0259rin \u0259ks\u0259r hiss\u0259sini\u00a0m\u0259hv\u00a0etmi\u015fdil\u0259r v\u0259 bunun n\u0259tic\u0259sind\u0259, \u0259sg\u0259rl\u0259r v\u0259 m\u00fclki v\u0259t\u0259nda\u015flar \u015f\u0259h\u0259rd\u0259n evakuasiya olunmu\u015fdur. 1994-c\u00fc il may ay\u0131n\u0131n 12-d\u0259k davam ed\u0259n h\u0259rbi t\u0259cav\u00fcz n\u0259tic\u0259sind\u0259 is\u0259 erm\u0259nil\u0259r A\u011fdam rayonu \u0259razisinin 846,7 kvadrat kilometrini, y\u0259ni \u00fcmumi \u0259razisinin 77,4 faizini i\u015f\u011fal etm\u0259y\u0259 nail oldular. A\u011fdam\u0131n m\u00fcdafi\u0259si u\u011frunda 5 ild\u0259n art\u0131q ged\u0259n qanl\u0131 d\u00f6y\u00fc\u015fl\u0259rd\u0259 qism\u0259tin\u0259 5897 \u015f\u0259hid, 3531 n\u0259f\u0259r \u0259lil, 1871 n\u0259f\u0259r yetim u\u015faq d\u00fc\u015fd\u00fc. Minl\u0259rl\u0259 insan fiziki \u015fik\u0259stlik qazanm\u0131\u015f, 126 min n\u0259f\u0259rd\u0259n art\u0131q a\u011fdaml\u0131 \u00f6z do\u011fma ev-e\u015fiyind\u0259n did\u0259rgin d\u00fc\u015fm\u00fc\u015fd\u00fc. \u0130\u015f\u011fal d\u00f6vr\u00fcnd\u0259 erm\u0259ni v\u0259h\u015fil\u0259rinin tapda\u011f\u0131 alt\u0131nda olan A\u011fdam yerl\u0259 yeks\u0259n edilmi\u015f, b\u00fct\u00fcn tarixi abid\u0259l\u0259r, m\u0259scidl\u0259r, m\u0259d\u0259niyy\u0259t ocaqlar\u0131 da\u011f\u0131d\u0131laraq tarixd\u0259n silinm\u0259y\u0259 \u00e7al\u0131\u015f\u0131lm\u0131\u015fd\u0131r.<\/p>\n<p>Lakin Az\u0259rbaycan Respublikas\u0131n\u0131n Prezidenti, Ali Ba\u015f Komandan c\u0259nab \u0130lham \u018fliyevin r\u0259hb\u0259rliyi il\u0259 M\u00fcz\u0259ff\u0259r Ordumuz 20 noyabr 2020-ci ild\u0259 A\u011fdam\u0131m\u0131z\u0131 biz\u0259 qaytard\u0131. Bu g\u00fcn dig\u0259r azad olunan torpaqlar\u0131m\u0131z kimi A\u011fdam \u015f\u0259h\u0259rid\u0259 yenid\u0259n qurma b\u0259rpa i\u015fl\u0259rind\u0259n sonra \u00f6z g\u00f6z\u0259lliyin\u0259 qovu\u015facaq v\u0259 respublikan\u0131n iqtisadi inki\u015faf\u0131nda \u00f6z t\u00f6hv\u0259l\u0259rini ver\u0259c\u0259k. Bunu bu g\u00fcnl\u0259rd\u0259 a\u00e7\u0131l\u0131\u015f m\u0259rasimind\u0259 i\u015ftirak ed\u0259n Az\u0259rbaycan Respublikas\u0131n\u0131n Prezidenti \u0130lham \u018fliyevin BMT-nin M\u0259skunla\u015fma Proqram\u0131 (UN-HABITAT) v\u0259 D\u00f6vl\u0259t \u015e\u0259h\u0259rsalma v\u0259 Arxitektura Komit\u0259sinin birg\u0259 \u0259m\u0259kda\u015fl\u0131\u011f\u0131, ADA Universitetinin t\u0259\u015fkilati d\u0259st\u0259yi il\u0259 A\u011fdamda \u201cDayan\u0131ql\u0131 \u0130nki\u015faf M\u0259qs\u0259dl\u0259ri\u201d v\u0259 \u201cYeni \u015e\u0259h\u0259r G\u00fcnd\u0259liyi\u201d \u2013 postm\u00fcnaqi\u015f\u0259 d\u00f6vr\u00fcnd\u0259 b\u0259rpa v\u0259 yenid\u0259nqurman\u0131n apar\u0131c\u0131 q\u00fcvv\u0259si kimi\u201d m\u00f6vzusunda Az\u0259rbaycan Milli \u015e\u0259h\u0259rsalma Forumunda s\u00f6yl\u0259dikl\u0259ri \u0259sas verir. Bel\u0259 ki, C\u0259nab Prezident \u00e7\u0131x\u0131\u015f\u0131nda: i\u015f\u011faldan azad olunmu\u015f A\u011fdamda ke\u00e7mi\u015f m\u0259cburi k\u00f6\u00e7k\u00fcnl\u0259rin \u00f6z yurdlar\u0131na tezlikl\u0259 qay\u0131tmas\u0131 \u00fc\u00e7\u00fcn b\u00fct\u00fcn potensial\u0131m\u0131z\u0131 s\u0259f\u0259rb\u0259r edirik. \u0130rimiqyasl\u0131 infrastruktur layih\u0259l\u0259r icra olunur. Siz F\u00fczuli Beyn\u0259lxalq Hava Liman\u0131n\u0131 g\u00f6rd\u00fcn\u00fcz, o, s\u0259kkiz ay \u0259rzind\u0259 tikilib. Bu ay biz Z\u0259ngilan Beyn\u0259lxalq Hava Liman\u0131n\u0131 a\u00e7ma\u011f\u0131 v\u0259 2025-ci ild\u0259 is\u0259 La\u00e7\u0131nda Beyn\u0259lxalq Hava Liman\u0131n\u0131 istifad\u0259y\u0259 verm\u0259yi planla\u015fd\u0131r\u0131r\u0131q. B\u0259rd\u0259-A\u011fdam d\u0259mir yolu g\u0259l\u0259n il istifad\u0259y\u0259 veril\u0259c\u0259k. D\u00fcn\u0259n m\u0259n yeni d\u0259mir yolunun t\u0259m\u0259l da\u015f\u0131n\u0131 qoydum. Haz\u0131rda magistral yollar v\u0259 k\u0259nd yollar\u0131 tikilm\u0259kd\u0259dir. T\u0259sdiq olunmu\u015f investisiya plan\u0131na \u0259sas\u0259n, i\u015f\u011faldan azad edilmi\u015f Qaraba\u011f v\u0259 \u015e\u0259rqi Z\u0259ng\u0259zur \u0259razisind\u0259 \u00fcmumi uzunlu\u011fu 50 kilometrd\u0259n \u00e7ox olan 33 tunel olacaq, uzunlu\u011fu 12 kilometr olan 84 yeni k\u00f6rp\u00fc sal\u0131nacaq. Bu, bizim g\u00f6rd\u00fcy\u00fcm\u00fcz i\u015fl\u0259rin yaln\u0131z bir hiss\u0259sidir. Biz b\u00fct\u00fcn azad olunmu\u015f \u0259razil\u0259rd\u0259 elektrik t\u0259chizat\u0131n\u0131 tamamil\u0259 b\u0259rpa etmi\u015fik v\u0259 \u00fcmidvaram ki, tezlikl\u0259 C\u0259bray\u0131lda 230 meqavat g\u00fcc\u00fcnd\u0259 olan g\u00fcn\u0259\u015f elektrik stansiyas\u0131n\u0131n tikintisin\u0259 ba\u015flayaca\u011f\u0131q. \u00dcmumiyy\u0259tl\u0259, biz i\u015f\u011faldan azad olunmu\u015f \u0259razil\u0259rd\u0259 b\u0259rpaolunan enerjinin potensial\u0131n\u0131 qiym\u0259tl\u0259ndirmi\u015fik v\u0259 ilkin t\u0259hlill\u0259r\u0259 g\u00f6r\u0259, bu, dem\u0259k olar ki, on min meqavat t\u0259\u015fkil edir. Biz art\u0131q bir ne\u00e7\u0259 su elektrik stansiyas\u0131n\u0131n a\u00e7\u0131l\u0131\u015f\u0131n\u0131 etmi\u015fik v\u0259 su elektrik enerjisinin \u00fcmumi g\u00fcc\u00fc be\u015f y\u00fcz meqavatdan \u00e7ox olacaq. Yerd\u0259 qalan g\u00fcc is\u0259 g\u00fcn\u0259\u015f v\u0259 k\u00fcl\u0259k elektrik enerjisind\u0259n qaynaqlanacaq. Bu \u0259razi n\u0259inki t\u0259kc\u0259 i\u015f\u011fal ill\u0259rind\u0259 Az\u0259rbaycan\u0131n m\u00fcxt\u0259lif b\u00f6lg\u0259l\u0259rind\u0259 ya\u015famaq m\u0259cburiyy\u0259tind\u0259 qalan insanlar\u0131 bir araya g\u0259tir\u0259c\u0259k, eyni zamanda, g\u0259l\u0259c\u0259kd\u0259 Az\u0259rbaycan\u0131n iqtisadiyyat\u0131 \u00fc\u00e7\u00fcn apar\u0131c\u0131 q\u00fcvv\u0259 olacaqd\u0131r. Bizim burada i\u015f\u011fal d\u00f6vr\u00fcnd\u0259 m\u0259hrum oldu\u011fumuz geni\u015f su ehtiyatlar\u0131m\u0131z var. \u00c7\u00fcnki erm\u0259nil\u0259r t\u0259kc\u0259 bizim \u015f\u0259h\u0259rl\u0259rimizi i\u015f\u011fal etm\u0259mi\u015fdil\u0259r, onlar bizim ehtiyatlar\u0131m\u0131z\u0131 da i\u015f\u011fal etmi\u015fdil\u0259r. Qanunsuz olaraq da\u011f-m\u0259d\u0259n i\u015fl\u0259ri apar\u0131l\u0131rd\u0131, bizim suya \u00e7\u0131x\u0131\u015f\u0131m\u0131z\u0131 k\u0259s\u0259n qanunsuz i\u015fl\u0259r g\u00f6r\u00fcl\u00fcrd\u00fc v\u0259 biz y\u00fcz minl\u0259rl\u0259 hektar torpa\u011f\u0131 suvara bilmirdik. \u0130ndi biz \u00e7aylar\u0131m\u0131za, torpa\u011f\u0131m\u0131za qay\u0131tm\u0131\u015f\u0131q. B\u00fct\u00fcn \u015f\u0259h\u0259rl\u0259rin Ba\u015f planlar\u0131 apar\u0131c\u0131 beyn\u0259lxalq \u015firk\u0259tl\u0259r t\u0259r\u0259find\u0259n art\u0131q haz\u0131rlanm\u0131\u015fd\u0131r v\u0259 t\u0259sdiql\u0259nmi\u015fdir dey\u0259 bildirmi\u015fdir.<\/p>\n<p><strong>Vilay\u0259t Mirz\u0259yev,<\/strong><br \/>\n<em>SOCAR \u201cQaz \u0130xrac\u201d \u0130dar\u0259sinin \u0130nformasiya kommunikasiya texnologiyalar\u0131 \u015f\u00f6b\u0259sinin r\u0259isi,<br \/>\nYAP X\u0259tai rayon t\u0259\u015fkilat\u0131n\u0131n &#8220;R.\u018fliyev k\u00fc\u00e7\u0259si 19&#8221; \u00fcnvan\u0131nda yerl\u0259\u015f\u0259n \u0259razi partiya t\u0259\u015fkilat\u0131n\u0131n s\u0259dr m\u00fcavini<\/em><\/p>\n","protected":false},"excerpt":{"rendered":"<p>200 ild\u0259n art\u0131q erm\u0259ni mill\u0259t\u00e7il\u0259rinin t\u00fcrk xalqlar\u0131na qar\u015f\u0131 t\u00f6r\u0259tdiyi d\u00fc\u015fm\u0259n\u00e7ilik siyas\u0259ti tarixi m\u0259nb\u0259l\u0259rd\u0259 art\u0131q s\u00fcbuta yetirilmi\u015f bir faktd\u0131r. \u018fsrl\u0259r, ill\u0259r ke\u00e7m\u0259sin\u0259 baxmayaraq xalq\u0131m\u0131z o a\u011f\u0131r i\u015fg\u0259nc\u0259l\u0259ri unutmur, soyq\u0131r\u0131mlar\u0131n\u0131n qurbanlar\u0131 olmu\u015f g\u00fcnahs\u0131z insanlar\u0131n xatir\u0259sini d\u0259rin ehtiramla yad edir. \u018fslind\u0259, ke\u00e7mi\u015fini unudan tarixini ya\u015fatmayan bir xalq\u0131n g\u0259l\u0259c\u0259yi yoxdur. B\u00fct\u00fcn hadis\u0259l\u0259r h\u0259r bir mill\u0259tin qan yadda\u015f\u0131nda \u0259b\u0259di yer tutmal\u0131 v\u0259 g\u0259l\u0259c\u0259k n\u0259sill\u0259r\u0259 t\u0259bli\u011f edilm\u0259lidir. Xalq\u0131m\u0131za, t\u00fcrk d\u00fcnyas\u0131na qar\u015f\u0131 erm\u0259ni da\u015fnaklar\u0131n\u0131n h\u0259yata ke\u00e7irdiyi soyq\u0131r\u0131m\u0131 siyas\u0259tinin bir m\u0259qs\u0259di olub: i\u015f\u011fal olunmu\u015f t\u00fcrk torpaqlar\u0131 hesab\u0131na &#8220;B\u00f6y\u00fck Erm\u0259nistan&#8221; d\u00f6vl\u0259ti yaratmaq. Az\u0259rbaycan Respublikas\u0131n\u0131n Prezidenti c\u0259nab \u0130lham \u018fliyev m\u00f6t\u0259b\u0259r&hellip;<\/p>\n","protected":false},"author":2,"featured_media":521277,"comment_status":"closed","ping_status":"closed","sticky":false,"template":"","format":"standard","meta":{"om_disable_all_campaigns":false,"_monsterinsights_skip_tracking":false,"_monsterinsights_sitenote_active":false,"_monsterinsights_sitenote_note":"","_monsterinsights_sitenote_category":0},"categories":[1],"tags":[],"aioseo_notices":[],"gutentor_comment":0,"rttpg_featured_image_url":{"full":["https:\/\/arantv.az\/wp-content\/uploads\/2022\/10\/1868f17c160602692280291171110028109-1.jpg",975,540,false],"landscape":["https:\/\/arantv.az\/wp-content\/uploads\/2022\/10\/1868f17c160602692280291171110028109-1.jpg",975,540,false],"portraits":["https:\/\/arantv.az\/wp-content\/uploads\/2022\/10\/1868f17c160602692280291171110028109-1.jpg",975,540,false],"thumbnail":["https:\/\/arantv.az\/wp-content\/uploads\/2022\/10\/1868f17c160602692280291171110028109-1-500x280.jpg",500,280,true],"medium":["https:\/\/arantv.az\/wp-content\/uploads\/2022\/10\/1868f17c160602692280291171110028109-1-660x365.jpg",660,365,true],"large":["https:\/\/arantv.az\/wp-content\/uploads\/2022\/10\/1868f17c160602692280291171110028109-1-840x465.jpg",640,354,true],"1536x1536":["https:\/\/arantv.az\/wp-content\/uploads\/2022\/10\/1868f17c160602692280291171110028109-1.jpg",975,540,false],"2048x2048":["https:\/\/arantv.az\/wp-content\/uploads\/2022\/10\/1868f17c160602692280291171110028109-1.jpg",975,540,false],"post-thumbnail":["https:\/\/arantv.az\/wp-content\/uploads\/2022\/10\/1868f17c160602692280291171110028109-1-240x172.jpg",240,172,true],"advps-thumb-one":["https:\/\/arantv.az\/wp-content\/uploads\/2022\/10\/1868f17c160602692280291171110028109-1.jpg",975,540,false]},"rttpg_author":{"display_name":"V\u00fcsal Rafiqo\u011flu","author_link":"https:\/\/arantv.az\/?author=2"},"rttpg_comment":0,"rttpg_category":"<a href=\"https:\/\/arantv.az\/?cat=1\" rel=\"category\">C\u0259miyy\u0259t<\/a>","rttpg_excerpt":"200 ild\u0259n art\u0131q erm\u0259ni mill\u0259t\u00e7il\u0259rinin t\u00fcrk xalqlar\u0131na qar\u015f\u0131 t\u00f6r\u0259tdiyi d\u00fc\u015fm\u0259n\u00e7ilik siyas\u0259ti tarixi m\u0259nb\u0259l\u0259rd\u0259 art\u0131q s\u00fcbuta yetirilmi\u015f bir faktd\u0131r. \u018fsrl\u0259r, ill\u0259r ke\u00e7m\u0259sin\u0259 baxmayaraq xalq\u0131m\u0131z o a\u011f\u0131r i\u015fg\u0259nc\u0259l\u0259ri unutmur, soyq\u0131r\u0131mlar\u0131n\u0131n qurbanlar\u0131 olmu\u015f g\u00fcnahs\u0131z insanlar\u0131n xatir\u0259sini d\u0259rin ehtiramla yad edir. \u018fslind\u0259, ke\u00e7mi\u015fini unudan tarixini ya\u015fatmayan bir xalq\u0131n g\u0259l\u0259c\u0259yi yoxdur. B\u00fct\u00fcn hadis\u0259l\u0259r h\u0259r bir mill\u0259tin qan yadda\u015f\u0131nda \u0259b\u0259di yer&hellip;","_links":{"self":[{"href":"https:\/\/arantv.az\/index.php?rest_route=\/wp\/v2\/posts\/521276"}],"collection":[{"href":"https:\/\/arantv.az\/index.php?rest_route=\/wp\/v2\/posts"}],"about":[{"href":"https:\/\/arantv.az\/index.php?rest_route=\/wp\/v2\/types\/post"}],"author":[{"embeddable":true,"href":"https:\/\/arantv.az\/index.php?rest_route=\/wp\/v2\/users\/2"}],"replies":[{"embeddable":true,"href":"https:\/\/arantv.az\/index.php?rest_route=%2Fwp%2Fv2%2Fcomments&post=521276"}],"version-history":[{"count":0,"href":"https:\/\/arantv.az\/index.php?rest_route=\/wp\/v2\/posts\/521276\/revisions"}],"wp:featuredmedia":[{"embeddable":true,"href":"https:\/\/arantv.az\/index.php?rest_route=\/wp\/v2\/media\/521277"}],"wp:attachment":[{"href":"https:\/\/arantv.az\/index.php?rest_route=%2Fwp%2Fv2%2Fmedia&parent=521276"}],"wp:term":[{"taxonomy":"category","embeddable":true,"href":"https:\/\/arantv.az\/index.php?rest_route=%2Fwp%2Fv2%2Fcategories&post=521276"},{"taxonomy":"post_tag","embeddable":true,"href":"https:\/\/arantv.az\/index.php?rest_route=%2Fwp%2Fv2%2Ftags&post=521276"}],"curies":[{"name":"wp","href":"https:\/\/api.w.org\/{rel}","templated":true}]}}