{"id":521280,"date":"2022-10-08T16:27:11","date_gmt":"2022-10-08T13:27:11","guid":{"rendered":"https:\/\/arantv.az\/?p=521280"},"modified":"2022-10-08T16:27:11","modified_gmt":"2022-10-08T13:27:11","slug":"pasinyanin-q%c9%99rari-rusiyani-hovs%c9%99l%c9%99d%c9%99n-cixarir-az%c9%99rbaycan-furs%c9%99td%c9%99n-yararlanacaq-t%c9%99hlil","status":"publish","type":"post","link":"https:\/\/arantv.az\/?p=521280","title":{"rendered":"Pa\u015finyan\u0131n q\u0259rar\u0131 Rusiyan\u0131 h\u00f6vs\u0259l\u0259d\u0259n \u00e7\u0131xar\u0131r: Az\u0259rbaycan f\u00fcrs\u0259td\u0259n yararlanacaq \u2013 T\u018fHL\u0130L"},"content":{"rendered":"<p>Az\u0259rbaycan Prezidenti \u0130lham \u018fliyev, Avropa \u0130ttifaq\u0131 \u015euras\u0131n\u0131n Prezidenti \u015earl Mi\u015fel, Fransa Prezidenti Emmanuel Makron v\u0259 Erm\u0259nistan\u0131n ba\u015f naziri Nikol Pa\u015finyan aras\u0131nda Praqada ba\u015f tutan d\u00f6rdt\u0259r\u0259fli g\u00f6r\u00fc\u015f\u00fcn n\u0259tic\u0259si Moskva-\u0130r\u0259van x\u0259ttind\u0259 g\u0259rginliyi y\u00fcks\u0259ld\u0259 bil\u0259r.<\/p>\n<p>\u018fliyev Erm\u0259nistanla g\u0259rginliyin azald\u0131lmas\u0131 \u00fc\u00e7\u00fcn se\u00e7diyi formulda Rusiyaya \u0259ks q\u00fctbd\u0259 dayanan q\u00fcvv\u0259l\u0259rin s\u0259rh\u0259din Az\u0259rbaycan t\u0259r\u0259fin\u0259 yerl\u0259\u015fdirilm\u0259sin\u0259 raz\u0131l\u0131q verm\u0259di. \u0130lham \u018fliyev sad\u0259c\u0259 Az\u0259rbaycan\u0131n m\u00f6vqeyini q\u0259tiyy\u0259tl\u0259 m\u00fcdafi\u0259 ed\u0259r\u0259k \u0130r\u0259van v\u0259 ona havadar \u00e7\u0131xan AB\u015e v\u0259 Fransa koalisiyas\u0131na qar\u015f\u0131 m\u00fcbariz\u0259ni Praqada da n\u00fcmayi\u015f etdirdi.<\/p>\n<div class=\"AdviadNativeVideo\"><\/div>\n<p>Pa\u015finyan is\u0259 Avropa \u0130ttifaq\u0131 missiyas\u0131n\u0131n \u00f6z \u00f6lk\u0259sinin Az\u0259rbaycanla s\u0259rh\u0259d zola\u011f\u0131na g\u0259li\u015fin\u0259 \u201ch\u0259\u201d dedi, bu, Rusiyan\u0131n Ukraynada apard\u0131\u011f\u0131 m\u00fcharib\u0259d\u0259 m\u0259ruz qald\u0131\u011f\u0131 u\u011fursuzluqlardan dolay\u0131 q\u0259z\u0259bini \u0130r\u0259van\u0131n \u00fcz\u0259rin\u0259 t\u00f6km\u0259sin\u0259 s\u0259b\u0259bl\u0259r yarada bil\u0259r. Ona g\u00f6r\u0259 yox ki, Avropa \u0130ttifaq\u0131 Rusiya \u00fc\u00e7\u00fcn \u0259sasl\u0131 \u0259s\u0259b m\u0259nb\u0259yidir, ona g\u00f6r\u0259 ki, AB\u015e v\u0259 Britaniya \u0130ttifaq\u0131n s\u0259rh\u0259dd\u0259ki f\u0259aliyy\u0259tini \u00f6z maraqlar\u0131na calaq edib Moskvaya qar\u015f\u0131 yeni c\u0259bh\u0259 a\u00e7a bil\u0259r.<\/p>\n<p>\u0130r\u0259van\u0131n son zamanlar Rusiyaya qar\u015f\u0131 kartlar\u0131 a\u00e7\u0131q oynamas\u0131, Kremlin sinirl\u0259rini g\u0259r\u0259 bil\u0259r v\u0259 Erm\u0259nistan n\u00f6vb\u0259ti c\u0259za dal\u011fas\u0131,\u00a0\u0259zilm\u0259k t\u0259hl\u00fck\u0259si il\u0259 \u00fczl\u0259\u015f\u0259 bil\u0259r.<\/p>\n<p>Kreml Pa\u015finyan\u0131n hiyl\u0259g\u0259r oyunlar\u0131ndan zinhara g\u0259lib, h\u0259r\u00e7\u0259nd ki, Erm\u0259nistan AB\u015e v\u0259 Fransan\u0131n k\u00f6lg\u0259sind\u0259 gizl\u0259nm\u0259kl\u0259 ona d\u0259y\u0259 bil\u0259c\u0259k z\u0259rb\u0259l\u0259rd\u0259n m\u00fcv\u0259qq\u0259ti d\u0259 olsa yay\u0131nd\u0131\u011f\u0131n\u0131 d\u00fc\u015f\u00fcn\u00fcr.<\/p>\n<p>Haz\u0131rda Q\u0259rbl\u0259 Rusiyan\u0131n C\u0259nubi Qafqazdak\u0131 \u00e7\u0259ki\u015fm\u0259sinin bir s\u0259b\u0259bi d\u0259 realla\u015fmas\u0131 g\u00f6zl\u0259nil\u0259n Z\u0259ng\u0259zur d\u0259hlizin\u0259 g\u00f6r\u0259dir, t\u0259r\u0259fl\u0259r \u00f6zl\u0259rinin maraqlar\u0131n\u0131n r\u0259qib \u0259lin\u0259 d\u00fc\u015fm\u0259m\u0259sin\u0259 \u00e7al\u0131\u015f\u0131rlar.<\/p>\n<p>Pa\u015finyan is\u0259 daha \u00e7ox AB\u015e-\u0131n d\u0259hliz\u0259 n\u0259zar\u0259td\u0259 dominant m\u00f6vqel\u0259r\u0259 yiy\u0259l\u0259nm\u0259sini \u015f\u0259rtl\u0259ndir\u0259n siyas\u0259t y\u00fcr\u00fcd\u00fcr ki, bu da Moskvan\u0131n hidd\u0259t d\u0259r\u0259c\u0259sini \u00e7oxaldacaq.<\/p>\n<p>Bundan ba\u015fqa, Rusiya Az\u0259rbaycan-Erm\u0259nistan s\u0259rh\u0259dl\u0259rinin delimitasiyas\u0131n\u0131 \u00f6z \u00e7\u0259tiri alt\u0131nda realla\u015fd\u0131rmaq ist\u0259yir, \u0130r\u0259van is\u0259 Z\u0259ng\u0259zur d\u0259hlizin\u0259 n\u0259zar\u0259t kontekstind\u0259 delimitasiya ipl\u0259rini Q\u0259rb\u0259 t\u0259qdim edir.<\/p>\n<p>Pa\u015finyan\u0131n vurnuxmalar\u0131 Erm\u0259nistan\u0131 Rusiyan\u0131n daimi forpostuna \u00e7evirm\u0259k riskl\u0259rini art\u0131racaq. \u0130r\u0259van\u0131n Q\u0259rbin ipind\u0259n yap\u0131\u015fmas\u0131 regionda Erm\u0259nistana m\u00fcnasib\u0259td\u0259 Rusiya m\u0259rk\u0259zli g\u0259rginliyi art\u0131ra bil\u0259r.<\/p>\n<p>Az\u0259rbaycan v\u0259ziyy\u0259td\u0259n yararlanaraq delimitasiyaya dair XIX \u0259sr x\u0259rit\u0259l\u0259rini Erm\u0259nistana q\u0259bul etdirm\u0259k \u00fc\u00e7\u00fcn f\u00fcrs\u0259tl\u0259rd\u0259n yararlanma\u011fa \u00e7al\u0131\u015facaq.<\/p>\n","protected":false},"excerpt":{"rendered":"<p>Az\u0259rbaycan Prezidenti \u0130lham \u018fliyev, Avropa \u0130ttifaq\u0131 \u015euras\u0131n\u0131n Prezidenti \u015earl Mi\u015fel, Fransa Prezidenti Emmanuel Makron v\u0259 Erm\u0259nistan\u0131n ba\u015f naziri Nikol Pa\u015finyan aras\u0131nda Praqada ba\u015f tutan d\u00f6rdt\u0259r\u0259fli g\u00f6r\u00fc\u015f\u00fcn n\u0259tic\u0259si Moskva-\u0130r\u0259van x\u0259ttind\u0259 g\u0259rginliyi y\u00fcks\u0259ld\u0259 bil\u0259r. \u018fliyev Erm\u0259nistanla g\u0259rginliyin azald\u0131lmas\u0131 \u00fc\u00e7\u00fcn se\u00e7diyi formulda Rusiyaya \u0259ks q\u00fctbd\u0259 dayanan q\u00fcvv\u0259l\u0259rin s\u0259rh\u0259din Az\u0259rbaycan t\u0259r\u0259fin\u0259 yerl\u0259\u015fdirilm\u0259sin\u0259 raz\u0131l\u0131q verm\u0259di. \u0130lham \u018fliyev sad\u0259c\u0259 Az\u0259rbaycan\u0131n m\u00f6vqeyini q\u0259tiyy\u0259tl\u0259 m\u00fcdafi\u0259 ed\u0259r\u0259k \u0130r\u0259van v\u0259 ona havadar \u00e7\u0131xan AB\u015e v\u0259 Fransa koalisiyas\u0131na qar\u015f\u0131 m\u00fcbariz\u0259ni Praqada da n\u00fcmayi\u015f etdirdi. Pa\u015finyan is\u0259 Avropa \u0130ttifaq\u0131 missiyas\u0131n\u0131n \u00f6z \u00f6lk\u0259sinin Az\u0259rbaycanla s\u0259rh\u0259d zola\u011f\u0131na g\u0259li\u015fin\u0259 \u201ch\u0259\u201d dedi, bu, Rusiyan\u0131n Ukraynada apard\u0131\u011f\u0131&hellip;<\/p>\n","protected":false},"author":2,"featured_media":521281,"comment_status":"closed","ping_status":"closed","sticky":false,"template":"","format":"standard","meta":{"om_disable_all_campaigns":false,"_monsterinsights_skip_tracking":false,"_monsterinsights_sitenote_active":false,"_monsterinsights_sitenote_note":"","_monsterinsights_sitenote_category":0},"categories":[4],"tags":[],"aioseo_notices":[],"gutentor_comment":0,"rttpg_featured_image_url":{"full":["https:\/\/arantv.az\/wp-content\/uploads\/2022\/10\/FotoJet-30.jpg",620,413,false],"landscape":["https:\/\/arantv.az\/wp-content\/uploads\/2022\/10\/FotoJet-30.jpg",620,413,false],"portraits":["https:\/\/arantv.az\/wp-content\/uploads\/2022\/10\/FotoJet-30.jpg",620,413,false],"thumbnail":["https:\/\/arantv.az\/wp-content\/uploads\/2022\/10\/FotoJet-30-500x280.jpg",500,280,true],"medium":["https:\/\/arantv.az\/wp-content\/uploads\/2022\/10\/FotoJet-30-548x365.jpg",548,365,true],"large":["https:\/\/arantv.az\/wp-content\/uploads\/2022\/10\/FotoJet-30.jpg",620,413,false],"1536x1536":["https:\/\/arantv.az\/wp-content\/uploads\/2022\/10\/FotoJet-30.jpg",620,413,false],"2048x2048":["https:\/\/arantv.az\/wp-content\/uploads\/2022\/10\/FotoJet-30.jpg",620,413,false],"post-thumbnail":["https:\/\/arantv.az\/wp-content\/uploads\/2022\/10\/FotoJet-30-240x172.jpg",240,172,true],"advps-thumb-one":["https:\/\/arantv.az\/wp-content\/uploads\/2022\/10\/FotoJet-30.jpg",620,413,false]},"rttpg_author":{"display_name":"V\u00fcsal Rafiqo\u011flu","author_link":"https:\/\/arantv.az\/?author=2"},"rttpg_comment":0,"rttpg_category":"<a href=\"https:\/\/arantv.az\/?cat=4\" rel=\"category\">Siyas\u0259t<\/a>","rttpg_excerpt":"Az\u0259rbaycan Prezidenti \u0130lham \u018fliyev, Avropa \u0130ttifaq\u0131 \u015euras\u0131n\u0131n Prezidenti \u015earl Mi\u015fel, Fransa Prezidenti Emmanuel Makron v\u0259 Erm\u0259nistan\u0131n ba\u015f naziri Nikol Pa\u015finyan aras\u0131nda Praqada ba\u015f tutan d\u00f6rdt\u0259r\u0259fli g\u00f6r\u00fc\u015f\u00fcn n\u0259tic\u0259si Moskva-\u0130r\u0259van x\u0259ttind\u0259 g\u0259rginliyi y\u00fcks\u0259ld\u0259 bil\u0259r. \u018fliyev Erm\u0259nistanla g\u0259rginliyin azald\u0131lmas\u0131 \u00fc\u00e7\u00fcn se\u00e7diyi formulda Rusiyaya \u0259ks q\u00fctbd\u0259 dayanan q\u00fcvv\u0259l\u0259rin s\u0259rh\u0259din Az\u0259rbaycan t\u0259r\u0259fin\u0259 yerl\u0259\u015fdirilm\u0259sin\u0259 raz\u0131l\u0131q verm\u0259di. \u0130lham \u018fliyev sad\u0259c\u0259 Az\u0259rbaycan\u0131n m\u00f6vqeyini&hellip;","_links":{"self":[{"href":"https:\/\/arantv.az\/index.php?rest_route=\/wp\/v2\/posts\/521280"}],"collection":[{"href":"https:\/\/arantv.az\/index.php?rest_route=\/wp\/v2\/posts"}],"about":[{"href":"https:\/\/arantv.az\/index.php?rest_route=\/wp\/v2\/types\/post"}],"author":[{"embeddable":true,"href":"https:\/\/arantv.az\/index.php?rest_route=\/wp\/v2\/users\/2"}],"replies":[{"embeddable":true,"href":"https:\/\/arantv.az\/index.php?rest_route=%2Fwp%2Fv2%2Fcomments&post=521280"}],"version-history":[{"count":0,"href":"https:\/\/arantv.az\/index.php?rest_route=\/wp\/v2\/posts\/521280\/revisions"}],"wp:featuredmedia":[{"embeddable":true,"href":"https:\/\/arantv.az\/index.php?rest_route=\/wp\/v2\/media\/521281"}],"wp:attachment":[{"href":"https:\/\/arantv.az\/index.php?rest_route=%2Fwp%2Fv2%2Fmedia&parent=521280"}],"wp:term":[{"taxonomy":"category","embeddable":true,"href":"https:\/\/arantv.az\/index.php?rest_route=%2Fwp%2Fv2%2Fcategories&post=521280"},{"taxonomy":"post_tag","embeddable":true,"href":"https:\/\/arantv.az\/index.php?rest_route=%2Fwp%2Fv2%2Ftags&post=521280"}],"curies":[{"name":"wp","href":"https:\/\/api.w.org\/{rel}","templated":true}]}}