{"id":521283,"date":"2022-10-08T16:28:19","date_gmt":"2022-10-08T13:28:19","guid":{"rendered":"https:\/\/arantv.az\/?p=521283"},"modified":"2022-10-08T16:28:19","modified_gmt":"2022-10-08T13:28:19","slug":"s%c9%99rq-q%c9%99rb-qarsidurmasi-v%c9%99-az%c9%99rbaycanin-balansli-siyas%c9%99ti-s%c9%99rh-foto","status":"publish","type":"post","link":"https:\/\/arantv.az\/?p=521283","title":{"rendered":"\u015e\u0259rq-Q\u0259rb qar\u015f\u0131durmas\u0131 v\u0259 Az\u0259rbaycan\u0131n balansl\u0131 siyas\u0259ti &#8211; \u015e\u018fRH + FOTO"},"content":{"rendered":"<p>Az\u0259rbaycan x\u00fcsusil\u0259 44 g\u00fcnl\u00fck V\u0259t\u0259n m\u00fcharib\u0259sind\u0259n sonra ayr\u0131-ayr\u0131 d\u00f6vl\u0259tl\u0259r \u00fc\u00e7\u00fcn vacib partnyorlardan birin\u0259 \u00e7evrilib. H\u0259m Q\u0259rb, h\u0259m d\u0259 \u015e\u0259rq d\u00f6vl\u0259tl\u0259ri r\u0259smi Bak\u0131 il\u0259 \u0259m\u0259kda\u015fl\u0131\u011fa x\u00fcsusi \u00f6n\u0259m verirl\u0259r. \u018flb\u0259tt\u0259, bunun \u0259sasl\u0131 s\u0259b\u0259bl\u0259ri var.<\/p>\n<p>\u018fvv\u0259la, Az\u0259rbaycan\u0131n geosiyasi m\u00f6vqeyi h\u0259m Q\u0259rb, h\u0259m d\u0259 \u015e\u0259rql\u0259 \u0259laq\u0259l\u0259r \u00fc\u00e7\u00fcn \u0259lveri\u015fli \u015f\u0259rait yarad\u0131r. \u0130kinci bir t\u0259r\u0259fd\u0259n, Az\u0259rbaycan art\u0131q n\u0259inki regional, h\u0259m d\u0259 beyn\u0259lxalq siyasi oyun\u00e7ulardan biridir. Bel\u0259 olan halda, s\u00f6zs\u00fcz ki, b\u00fct\u00fcn d\u00f6vl\u0259tl\u0259r r\u0259smi Bak\u0131 il\u0259 \u0259laq\u0259l\u0259r\u0259 x\u00fcsusi \u00f6n\u0259m verm\u0259y\u0259 \u00e7al\u0131\u015f\u0131rlar. \u018fg\u0259r Q\u0259rb \u00f6lk\u0259l\u0259ri il\u0259 t\u0259r\u0259fda\u015fl\u0131\u011f\u0131m\u0131z daha \u00e7ox neft-qaz ixrac\u0131 \u00fcz\u0259rind\u0259 qurulubsa, \u015e\u0259rq d\u00fcnyas\u0131 il\u0259 Bak\u0131 aras\u0131nda h\u0259m d\u0259 dil, din, mentalitet yax\u0131nl\u0131\u011f\u0131 var.<\/p>\n<div class=\"AdviadNativeVideo\"><\/div>\n<p>M\u0259rk\u0259zi Asiyada yerl\u0259\u015f\u0259n \u00d6zb\u0259kistan, Qazax\u0131stan, Q\u0131r\u011f\u0131z\u0131stan h\u0259m d\u0259 T\u00fcrk D\u00f6vl\u0259tl\u0259ri T\u0259\u015fkilat\u0131na daxildirl\u0259r. Bu m\u0259qam \u0259laq\u0259l\u0259rimizin inki\u015faf\u0131nda x\u00fcsusi \u0259h\u0259miyy\u0259t k\u0259sb edir. Az\u0259rbaycan\u0131n balansla\u015fd\u0131r\u0131lm\u0131\u015f xarici siyas\u0259t kursu b\u00fct\u00fcn istiqam\u0259tl\u0259rd\u0259 oldu\u011fu kimi, Q\u0259rb v\u0259 \u015e\u0259rql\u0259 m\u00fcnasib\u0259tl\u0259rimizd\u0259 d\u0259 \u00f6z\u00fcn\u00fc g\u00f6st\u0259rir. Bu\u00a0t\u0259kc\u0259 iqtisadi, n\u0259qliyyat-kommunikasiya, enerji sah\u0259sin\u0259 deyil, h\u0259m d\u0259 t\u0259hl\u00fck\u0259sizlik v\u0259 siyasi dialoqun inki\u015faf\u0131na aiddir.<\/p>\n<p><img src=\"https:\/\/cdn.oxu.az\/uploads\/W1siZiIsIjIwMjIvMTAvMDgvMTUvMDQvNDcvYzBjZTQyZDEtN2M5Ny00Y2I0LWE4MzEtNzM2NzBkMzg4ODE4L3MxLmpwZyJdLFsicCIsImVuY29kZSIsImpwZyIsIi1xdWFsaXR5IDgwIl0sWyJwIiwidGh1bWIiLCI1OTB4NTkwXHUwMDNlIl1d?sha=139d16c52b6f7180\" alt=\"\" \/><\/p>\n<p>Az\u0259rbaycan Q\u0259rbl\u0259 \u015e\u0259rq aras\u0131nda balansla\u015fd\u0131r\u0131lm\u0131\u015f xarici siyas\u0259t yerid\u0259n nadir d\u00f6vl\u0259tl\u0259rd\u0259ndir. Bu\u00a0\u00f6z\u00fcn\u00fc h\u0259m d\u0259 xarici t\u0259maslarda, o c\u00fcml\u0259d\u0259n qar\u015f\u0131l\u0131ql\u0131 s\u0259f\u0259rl\u0259rd\u0259 g\u00f6st\u0259rir. M\u0259s\u0259l\u0259n, Az\u0259rbaycan Prezidenti\u00a0<strong>\u0130lham \u018fliyev<\/strong>\u00a0oktyabr\u0131n 6-da \u00c7exiyan\u0131n paytaxt\u0131 Praqa \u015f\u0259h\u0259rind\u0259 ke\u00e7iril\u0259n \u201cAvropa siyasi birliyi\u201d\u00a0Zirv\u0259 Toplant\u0131s\u0131nda i\u015ftirak etdi. Ondan \u0259vv\u0259l, daha d\u0259qiq des\u0259k, bu ilin sentyabr ay\u0131nda is\u0259 d\u00f6vl\u0259t ba\u015f\u00e7\u0131s\u0131 \u00d6zb\u0259kistan\u0131n paytaxt\u0131 S\u0259m\u0259rq\u0259ndd\u0259 ke\u00e7iril\u0259n \u015eanxay \u018fm\u0259kda\u015fl\u0131q T\u0259\u015fkilat\u0131n\u0131n sammitind\u0259 i\u015ftirak edib.<\/p>\n<p>Sammit \u00e7\u0259r\u00e7iv\u0259sind\u0259 Prezident \u0130lham \u018fliyev v\u0259 \u00d6zb\u0259kistan\u0131n d\u00f6vl\u0259t ba\u015f\u00e7\u0131s\u0131 \u015e\u00f6vk\u0259t Mirziyoyevin g\u00f6r\u00fc\u015f\u00fc olub. Liderl\u0259r qar\u015f\u0131l\u0131ql\u0131 maraq do\u011furan bir s\u0131ra m\u0259s\u0259l\u0259l\u0259rl\u0259 yana\u015f\u0131, h\u0259m d\u0259 regional v\u0259 ikit\u0259r\u0259fli \u0259laq\u0259l\u0259ri, \u0259m\u0259kda\u015fl\u0131\u011f\u0131n g\u00fccl\u0259ndirilm\u0259sini m\u00fczakir\u0259 edibl\u0259r. D\u00f6vl\u0259t ba\u015f\u00e7\u0131m\u0131z\u0131n \u00d6zb\u0259kistana ba\u015fqa bir s\u0259f\u0259ri is\u0259 bu ilin iyun ay\u0131nda ba\u015f tutub.<\/p>\n<p><img src=\"https:\/\/cdn.oxu.az\/uploads\/W1siZiIsIjIwMjIvMTAvMDgvMTUvMDQvNDcvOWU3ZWNmNDAtZTQ0Ny00YmJjLTkxM2MtYThmOTM5NjM4YjljL3MyLmpwZyJdLFsicCIsImVuY29kZSIsImpwZyIsIi1xdWFsaXR5IDgwIl0sWyJwIiwidGh1bWIiLCI1OTB4NTkwXHUwMDNlIl1d?sha=5fd9ba5cb7b58462\" alt=\"\" \/><\/p>\n<p>Avqust ay\u0131nda Qazax\u0131stan Prezidenti Kas\u0131m-Jomart Tokayev Bak\u0131ya r\u0259smi s\u0259f\u0259r\u0259 g\u0259lib. H\u0259min g\u00f6r\u00fc\u015f d\u0259 s\u0259m\u0259r\u0259li v\u0259 u\u011furlu ke\u00e7ib. Bu ilin aprel ay\u0131nda Q\u0131r\u011f\u0131z\u0131stan Prezidenti Sad\u0131r Japarov Bak\u0131ya r\u0259smi s\u0259f\u0259r edib. Prezident \u0130lham \u018fliyevl\u0259 g\u00f6r\u00fc\u015f zaman\u0131 ikit\u0259r\u0259fli v\u0259 regional konteksd\u0259 bir s\u0131ra m\u0259s\u0259l\u0259l\u0259r bar\u0259d\u0259 qar\u015f\u0131l\u0131ql\u0131 fikir m\u00fcbadil\u0259si apar\u0131l\u0131b.<\/p>\n<p>M\u0259rk\u0259zi Asiya d\u00f6vl\u0259tl\u0259ri il\u0259 \u0259m\u0259kda\u015fl\u0131q h\u0259m Az\u0259rbaycan, h\u0259m d\u0259 onlar\u00a0\u00fc\u00e7\u00fcn vacibdir. Az\u0259rbaycan Qazax\u0131stan, \u00d6zb\u0259kistan v\u0259 dig\u0259r \u00f6lk\u0259l\u0259r \u00fc\u00e7\u00fcn C\u0259nubi Qafqaza a\u00e7\u0131lan qap\u0131d\u0131r.<\/p>\n<p>V\u0259t\u0259n m\u00fcharib\u0259sind\u0259n sonra t\u00fcrk d\u00fcnyas\u0131n\u0131n iki b\u00f6y\u00fck lideri &#8211; Prezident \u0130lham \u018fliyev v\u0259 t\u00fcrkiy\u0259li h\u0259mkar\u0131 R\u0259c\u0259b Tayyib \u018frdo\u011fan t\u00fcrkdilli d\u00f6vl\u0259tl\u0259r aras\u0131nda \u0259laq\u0259l\u0259rin inki\u015faf\u0131 \u00fc\u00e7\u00fcn x\u00fcsusi s\u0259yl\u0259r g\u00f6st\u0259rir. At\u0131lan add\u0131mlar \u00f6z n\u0259tic\u0259sini verir. Az\u0259rbaycan\u0131n Q\u0259rbl\u0259 \u015e\u0259rq aras\u0131nda k\u00f6rp\u00fc statusu daha da m\u00f6hk\u0259ml\u0259nir v\u0259 m\u00fcasir d\u00f6vr\u00fcn reall\u0131qlar\u0131 \u00e7\u0259r\u00e7iv\u0259sind\u0259 yeni m\u0259zmun qazan\u0131r.<\/p>\n<p><img src=\"https:\/\/cdn.oxu.az\/uploads\/W1siZiIsIjIwMjIvMTAvMDgvMTUvMDQvNDYvYzdkZmZmM2UtNGYwMy00OTVmLWFlYTYtYjlkZTFiNmQ5Mzg4L3MzLmpwZyJdLFsicCIsImVuY29kZSIsImpwZyIsIi1xdWFsaXR5IDgwIl0sWyJwIiwidGh1bWIiLCI1OTB4NTkwXHUwMDNlIl1d?sha=9158c8ba79625e2f\" alt=\"\" \/><\/p>\n<p>Bel\u0259likl\u0259, Az\u0259rbaycan Q\u0259rb v\u0259 \u015e\u0259rq d\u00f6vl\u0259tl\u0259ri aras\u0131nda balansl\u0131 siyas\u0259t yeritm\u0259kl\u0259 \u00f6z xarici siyas\u0259t kursunda \u0259m\u0259kda\u015fl\u0131\u011f\u0131n, dostlu\u011fun v\u0259 tolerantl\u0131\u011f\u0131n \u0259sas prinsipl\u0259r oldu\u011funu bir daha b\u00fct\u00fcn d\u00fcnyaya n\u00fcmayi\u015f etdirir. Bunun n\u0259tic\u0259sind\u0259 Az\u0259rbaycan \u015e\u0259rql\u0259 Q\u0259rb aras\u0131nda k\u00f6rp\u00fc rolunu oynay\u0131r. R\u0259smi Bak\u0131n\u0131n X\u0259z\u0259r-Atlantik okean\u0131 akvatoriyas\u0131 \u00fczr\u0259 Q\u0259rb istiqam\u0259tind\u0259 v\u0259 X\u0259z\u0259r-Sakit okean-Hind okean\u0131 akvatoriyas\u0131 \u00fczr\u0259 Asiya istiqam\u0259tind\u0259 \u0259h\u0259miyy\u0259ti getdikc\u0259 art\u0131r.<\/p>\n<p><strong>Report \u0130nformasiya Agentliyi<\/strong><\/p>\n","protected":false},"excerpt":{"rendered":"<p>Az\u0259rbaycan x\u00fcsusil\u0259 44 g\u00fcnl\u00fck V\u0259t\u0259n m\u00fcharib\u0259sind\u0259n sonra ayr\u0131-ayr\u0131 d\u00f6vl\u0259tl\u0259r \u00fc\u00e7\u00fcn vacib partnyorlardan birin\u0259 \u00e7evrilib. H\u0259m Q\u0259rb, h\u0259m d\u0259 \u015e\u0259rq d\u00f6vl\u0259tl\u0259ri r\u0259smi Bak\u0131 il\u0259 \u0259m\u0259kda\u015fl\u0131\u011fa x\u00fcsusi \u00f6n\u0259m verirl\u0259r. \u018flb\u0259tt\u0259, bunun \u0259sasl\u0131 s\u0259b\u0259bl\u0259ri var. \u018fvv\u0259la, Az\u0259rbaycan\u0131n geosiyasi m\u00f6vqeyi h\u0259m Q\u0259rb, h\u0259m d\u0259 \u015e\u0259rql\u0259 \u0259laq\u0259l\u0259r \u00fc\u00e7\u00fcn \u0259lveri\u015fli \u015f\u0259rait yarad\u0131r. \u0130kinci bir t\u0259r\u0259fd\u0259n, Az\u0259rbaycan art\u0131q n\u0259inki regional, h\u0259m d\u0259 beyn\u0259lxalq siyasi oyun\u00e7ulardan biridir. Bel\u0259 olan halda, s\u00f6zs\u00fcz ki, b\u00fct\u00fcn d\u00f6vl\u0259tl\u0259r r\u0259smi Bak\u0131 il\u0259 \u0259laq\u0259l\u0259r\u0259 x\u00fcsusi \u00f6n\u0259m verm\u0259y\u0259 \u00e7al\u0131\u015f\u0131rlar. \u018fg\u0259r Q\u0259rb \u00f6lk\u0259l\u0259ri il\u0259 t\u0259r\u0259fda\u015fl\u0131\u011f\u0131m\u0131z daha \u00e7ox neft-qaz ixrac\u0131 \u00fcz\u0259rind\u0259 qurulubsa, \u015e\u0259rq d\u00fcnyas\u0131 il\u0259 Bak\u0131 aras\u0131nda&hellip;<\/p>\n","protected":false},"author":2,"featured_media":521284,"comment_status":"closed","ping_status":"closed","sticky":false,"template":"","format":"standard","meta":{"om_disable_all_campaigns":false,"_monsterinsights_skip_tracking":false,"_monsterinsights_sitenote_active":false,"_monsterinsights_sitenote_note":"","_monsterinsights_sitenote_category":0},"categories":[4],"tags":[],"aioseo_notices":[],"gutentor_comment":0,"rttpg_featured_image_url":{"full":["https:\/\/arantv.az\/wp-content\/uploads\/2022\/10\/bayraq.jpg",620,413,false],"landscape":["https:\/\/arantv.az\/wp-content\/uploads\/2022\/10\/bayraq.jpg",620,413,false],"portraits":["https:\/\/arantv.az\/wp-content\/uploads\/2022\/10\/bayraq.jpg",620,413,false],"thumbnail":["https:\/\/arantv.az\/wp-content\/uploads\/2022\/10\/bayraq-500x280.jpg",500,280,true],"medium":["https:\/\/arantv.az\/wp-content\/uploads\/2022\/10\/bayraq-548x365.jpg",548,365,true],"large":["https:\/\/arantv.az\/wp-content\/uploads\/2022\/10\/bayraq.jpg",620,413,false],"1536x1536":["https:\/\/arantv.az\/wp-content\/uploads\/2022\/10\/bayraq.jpg",620,413,false],"2048x2048":["https:\/\/arantv.az\/wp-content\/uploads\/2022\/10\/bayraq.jpg",620,413,false],"post-thumbnail":["https:\/\/arantv.az\/wp-content\/uploads\/2022\/10\/bayraq-240x172.jpg",240,172,true],"advps-thumb-one":["https:\/\/arantv.az\/wp-content\/uploads\/2022\/10\/bayraq.jpg",620,413,false]},"rttpg_author":{"display_name":"V\u00fcsal Rafiqo\u011flu","author_link":"https:\/\/arantv.az\/?author=2"},"rttpg_comment":0,"rttpg_category":"<a href=\"https:\/\/arantv.az\/?cat=4\" rel=\"category\">Siyas\u0259t<\/a>","rttpg_excerpt":"Az\u0259rbaycan x\u00fcsusil\u0259 44 g\u00fcnl\u00fck V\u0259t\u0259n m\u00fcharib\u0259sind\u0259n sonra ayr\u0131-ayr\u0131 d\u00f6vl\u0259tl\u0259r \u00fc\u00e7\u00fcn vacib partnyorlardan birin\u0259 \u00e7evrilib. H\u0259m Q\u0259rb, h\u0259m d\u0259 \u015e\u0259rq d\u00f6vl\u0259tl\u0259ri r\u0259smi Bak\u0131 il\u0259 \u0259m\u0259kda\u015fl\u0131\u011fa x\u00fcsusi \u00f6n\u0259m verirl\u0259r. \u018flb\u0259tt\u0259, bunun \u0259sasl\u0131 s\u0259b\u0259bl\u0259ri var. \u018fvv\u0259la, Az\u0259rbaycan\u0131n geosiyasi m\u00f6vqeyi h\u0259m Q\u0259rb, h\u0259m d\u0259 \u015e\u0259rql\u0259 \u0259laq\u0259l\u0259r \u00fc\u00e7\u00fcn \u0259lveri\u015fli \u015f\u0259rait yarad\u0131r. \u0130kinci bir t\u0259r\u0259fd\u0259n, Az\u0259rbaycan art\u0131q n\u0259inki regional, h\u0259m d\u0259&hellip;","_links":{"self":[{"href":"https:\/\/arantv.az\/index.php?rest_route=\/wp\/v2\/posts\/521283"}],"collection":[{"href":"https:\/\/arantv.az\/index.php?rest_route=\/wp\/v2\/posts"}],"about":[{"href":"https:\/\/arantv.az\/index.php?rest_route=\/wp\/v2\/types\/post"}],"author":[{"embeddable":true,"href":"https:\/\/arantv.az\/index.php?rest_route=\/wp\/v2\/users\/2"}],"replies":[{"embeddable":true,"href":"https:\/\/arantv.az\/index.php?rest_route=%2Fwp%2Fv2%2Fcomments&post=521283"}],"version-history":[{"count":0,"href":"https:\/\/arantv.az\/index.php?rest_route=\/wp\/v2\/posts\/521283\/revisions"}],"wp:featuredmedia":[{"embeddable":true,"href":"https:\/\/arantv.az\/index.php?rest_route=\/wp\/v2\/media\/521284"}],"wp:attachment":[{"href":"https:\/\/arantv.az\/index.php?rest_route=%2Fwp%2Fv2%2Fmedia&parent=521283"}],"wp:term":[{"taxonomy":"category","embeddable":true,"href":"https:\/\/arantv.az\/index.php?rest_route=%2Fwp%2Fv2%2Fcategories&post=521283"},{"taxonomy":"post_tag","embeddable":true,"href":"https:\/\/arantv.az\/index.php?rest_route=%2Fwp%2Fv2%2Ftags&post=521283"}],"curies":[{"name":"wp","href":"https:\/\/api.w.org\/{rel}","templated":true}]}}