{"id":521286,"date":"2022-10-08T16:29:13","date_gmt":"2022-10-08T13:29:13","guid":{"rendered":"https:\/\/arantv.az\/?p=521286"},"modified":"2022-10-08T16:29:13","modified_gmt":"2022-10-08T13:29:13","slug":"ukraynali-ekspert-q%c9%99rb-olk%c9%99l%c9%99rind%c9%99n-olan-dostlarimiz-az%c9%99rbaycanla-erm%c9%99nistana-yardim-etm%c9%99lidirl%c9%99r-foto","status":"publish","type":"post","link":"https:\/\/arantv.az\/?p=521286","title":{"rendered":"Ukraynal\u0131 ekspert: \u201cQ\u0259rb \u00f6lk\u0259l\u0259rind\u0259n olan dostlar\u0131m\u0131z Az\u0259rbaycanla Erm\u0259nistana yard\u0131m etm\u0259lidirl\u0259r\u201d &#8211; FOTO"},"content":{"rendered":"<p>\u201cPraqada Az\u0259rbaycanla Erm\u0259nistan r\u0259hb\u0259rliyinin Avropa \u0130ttifaq\u0131 (A\u0130) vasit\u0259\u00e7iliyi il\u0259 raz\u0131la\u015fmalar \u0259ld\u0259 etm\u0259si iki \u00f6lk\u0259nin m\u00fcnasib\u0259tl\u0259rind\u0259 yeni s\u0259hif\u0259 a\u00e7\u0131r\u201d.<\/p>\n<p>Bunu \u201cReport\u201dun \u015e\u0259rqi Avropa b\u00fcrosuna a\u00e7\u0131qlamas\u0131nda ukraynal\u0131 ekspert Taras Berezovets bildirib.<\/p>\n<div class=\"AdviadNativeVideo\"><\/div>\n<p>\u201cBMT-y\u0259 daxil olan \u00f6lk\u0259l\u0259rin \u0259ks\u0259riyy\u0259ti bir-birinin \u0259razi b\u00fct\u00f6vl\u00fcy\u00fcn\u00fc tan\u0131y\u0131r. Erm\u0259nistan r\u0259hb\u0259rliyinin Az\u0259rbaycan\u0131n\u00a0\u0259razi b\u00fct\u00f6vl\u00fcy\u00fcn\u00fc tan\u0131mas\u0131n\u0131 m\u00fcsb\u0259t m\u0259qam kimi qeyd ed\u0259 bil\u0259rik. \u00dcmid ed\u0259k ki, Erm\u0259nistan yax\u0131n ke\u00e7mi\u015fin ac\u0131 t\u0259cr\u00fcb\u0259sind\u0259n d\u0259rs g\u00f6t\u00fcr\u0259c\u0259k v\u0259 s\u0259rh\u0259dl\u0259rin toxunulmazl\u0131\u011f\u0131 prinsipini t\u0259kc\u0259 de-yure\u00a0deyil, h\u0259m d\u0259 de-fakto q\u0259bul ed\u0259c\u0259k. Erm\u0259ni xalq\u0131 da bunu q\u0259bul etm\u0259lidir. Bel\u0259likl\u0259, qon\u015fu \u00f6lk\u0259l\u0259r olan Erm\u0259nistanla Az\u0259rbaycan s\u00fclh v\u0259 raz\u0131l\u0131q \u015f\u0259raitind\u0259 ya\u015famal\u0131d\u0131rlar\u201d.<\/p>\n<p>O vur\u011fulay\u0131b ki, t\u0259r\u0259fl\u0259r yeni s\u0259hif\u0259 a\u00e7mal\u0131d\u0131rlar:<\/p>\n<p>\u201cDo\u011frudur, bu, \u00e7ox \u00e7\u0259tin olacaq. Bu m\u0259s\u0259l\u0259d\u0259 iki \u00f6lk\u0259y\u0259 Q\u0259rb \u00f6lk\u0259l\u0259rind\u0259n olan dostlar\u0131m\u0131z yard\u0131m g\u00f6st\u0259rm\u0259lidirl\u0259r. S\u00f6hb\u0259t ilk n\u00f6vb\u0259d\u0259 C\u0259nubi Qafqazda s\u00fclh\u00fcn yaranmas\u0131nda maraql\u0131 olan A\u0130 v\u0259 AB\u015e r\u0259hb\u0259rliyind\u0259n gedir\u201d.<\/p>\n<p><img src=\"https:\/\/cdn.oxu.az\/uploads\/W1siZiIsIjIwMjIvMTAvMDgvMTQvNTgvMTIvZTIzN2I2YTItMmFjNi00YzZiLTljMzEtMmRhNjc4N2NmYmZiL3l1LmpwZyJdLFsicCIsImVuY29kZSIsImpwZyIsIi1xdWFsaXR5IDgwIl0sWyJwIiwidGh1bWIiLCI1OTB4NTkwXHUwMDNlIl1d?sha=6259a075e9f3b4b0\" alt=\"\" \/><\/p>\n<p>Onun s\u00f6zl\u0259rin\u0259 g\u00f6r\u0259, uzunm\u00fcdd\u0259tli s\u00fclh\u00fcn b\u0259rq\u0259rar olmas\u0131 \u00fc\u00e7\u00fcn ciddi s\u0259yl\u0259r\u0259 v\u0259 b\u00f6y\u00fck zamana ehtiyac duyulur:<\/p>\n<p>\u201c\u018flb\u0259tt\u0259, Az\u0259rbaycanla Erm\u0259nistan\u0131n \u00e7ox sayda d\u00fc\u015fm\u0259ninin oldu\u011funu anlay\u0131r\u0131q. \u015e\u00fcbh\u0259siz, Rusiya v\u0259 \u0130ran g\u00fccl\u00fc r\u0259qibl\u0259rdir. Odur ki, onlar v\u0259ziyy\u0259t\u0259 m\u00fcdaxil\u0259 etm\u0259y\u0259, sabitliyi pozma\u011fa \u00e7al\u0131\u015facaqlar. H\u0259r halda, Praqa g\u00f6r\u00fc\u015f\u00fcnd\u0259 m\u00fcsb\u0259t n\u0259tic\u0259l\u0259r \u0259ld\u0259 olunub. Ukrayna d\u00f6vl\u0259ti v\u0259 c\u0259miyy\u0259ti bu raz\u0131la\u015fmalar\u0131 alq\u0131\u015flay\u0131r. C\u0259nubi Qafqazda s\u00fclh\u00fcn yaranmas\u0131, bu regionda \u0259sas m\u00fctt\u0259fiqimiz olan Az\u0259rbaycan\u0131n sabitliyi v\u0259 t\u0259hl\u00fck\u0259sizliyinin t\u0259min edilm\u0259si Ukraynan\u0131n da maraqlar\u0131na cavab verir\u201d.<\/p>\n","protected":false},"excerpt":{"rendered":"<p>\u201cPraqada Az\u0259rbaycanla Erm\u0259nistan r\u0259hb\u0259rliyinin Avropa \u0130ttifaq\u0131 (A\u0130) vasit\u0259\u00e7iliyi il\u0259 raz\u0131la\u015fmalar \u0259ld\u0259 etm\u0259si iki \u00f6lk\u0259nin m\u00fcnasib\u0259tl\u0259rind\u0259 yeni s\u0259hif\u0259 a\u00e7\u0131r\u201d. Bunu \u201cReport\u201dun \u015e\u0259rqi Avropa b\u00fcrosuna a\u00e7\u0131qlamas\u0131nda ukraynal\u0131 ekspert Taras Berezovets bildirib. \u201cBMT-y\u0259 daxil olan \u00f6lk\u0259l\u0259rin \u0259ks\u0259riyy\u0259ti bir-birinin \u0259razi b\u00fct\u00f6vl\u00fcy\u00fcn\u00fc tan\u0131y\u0131r. Erm\u0259nistan r\u0259hb\u0259rliyinin Az\u0259rbaycan\u0131n\u00a0\u0259razi b\u00fct\u00f6vl\u00fcy\u00fcn\u00fc tan\u0131mas\u0131n\u0131 m\u00fcsb\u0259t m\u0259qam kimi qeyd ed\u0259 bil\u0259rik. \u00dcmid ed\u0259k ki, Erm\u0259nistan yax\u0131n ke\u00e7mi\u015fin ac\u0131 t\u0259cr\u00fcb\u0259sind\u0259n d\u0259rs g\u00f6t\u00fcr\u0259c\u0259k v\u0259 s\u0259rh\u0259dl\u0259rin toxunulmazl\u0131\u011f\u0131 prinsipini t\u0259kc\u0259 de-yure\u00a0deyil, h\u0259m d\u0259 de-fakto q\u0259bul ed\u0259c\u0259k. Erm\u0259ni xalq\u0131 da bunu q\u0259bul etm\u0259lidir. Bel\u0259likl\u0259, qon\u015fu \u00f6lk\u0259l\u0259r olan Erm\u0259nistanla Az\u0259rbaycan s\u00fclh v\u0259 raz\u0131l\u0131q \u015f\u0259raitind\u0259 ya\u015famal\u0131d\u0131rlar\u201d. O vur\u011fulay\u0131b ki,&hellip;<\/p>\n","protected":false},"author":2,"featured_media":521287,"comment_status":"closed","ping_status":"closed","sticky":false,"template":"","format":"standard","meta":{"om_disable_all_campaigns":false,"_monsterinsights_skip_tracking":false,"_monsterinsights_sitenote_active":false,"_monsterinsights_sitenote_note":"","_monsterinsights_sitenote_category":0},"categories":[4],"tags":[],"aioseo_notices":[],"gutentor_comment":0,"rttpg_featured_image_url":{"full":["https:\/\/arantv.az\/wp-content\/uploads\/2022\/10\/eks.jpg",620,413,false],"landscape":["https:\/\/arantv.az\/wp-content\/uploads\/2022\/10\/eks.jpg",620,413,false],"portraits":["https:\/\/arantv.az\/wp-content\/uploads\/2022\/10\/eks.jpg",620,413,false],"thumbnail":["https:\/\/arantv.az\/wp-content\/uploads\/2022\/10\/eks-500x280.jpg",500,280,true],"medium":["https:\/\/arantv.az\/wp-content\/uploads\/2022\/10\/eks-548x365.jpg",548,365,true],"large":["https:\/\/arantv.az\/wp-content\/uploads\/2022\/10\/eks.jpg",620,413,false],"1536x1536":["https:\/\/arantv.az\/wp-content\/uploads\/2022\/10\/eks.jpg",620,413,false],"2048x2048":["https:\/\/arantv.az\/wp-content\/uploads\/2022\/10\/eks.jpg",620,413,false],"post-thumbnail":["https:\/\/arantv.az\/wp-content\/uploads\/2022\/10\/eks-240x172.jpg",240,172,true],"advps-thumb-one":["https:\/\/arantv.az\/wp-content\/uploads\/2022\/10\/eks.jpg",620,413,false]},"rttpg_author":{"display_name":"V\u00fcsal Rafiqo\u011flu","author_link":"https:\/\/arantv.az\/?author=2"},"rttpg_comment":0,"rttpg_category":"<a href=\"https:\/\/arantv.az\/?cat=4\" rel=\"category\">Siyas\u0259t<\/a>","rttpg_excerpt":"\u201cPraqada Az\u0259rbaycanla Erm\u0259nistan r\u0259hb\u0259rliyinin Avropa \u0130ttifaq\u0131 (A\u0130) vasit\u0259\u00e7iliyi il\u0259 raz\u0131la\u015fmalar \u0259ld\u0259 etm\u0259si iki \u00f6lk\u0259nin m\u00fcnasib\u0259tl\u0259rind\u0259 yeni s\u0259hif\u0259 a\u00e7\u0131r\u201d. Bunu \u201cReport\u201dun \u015e\u0259rqi Avropa b\u00fcrosuna a\u00e7\u0131qlamas\u0131nda ukraynal\u0131 ekspert Taras Berezovets bildirib. \u201cBMT-y\u0259 daxil olan \u00f6lk\u0259l\u0259rin \u0259ks\u0259riyy\u0259ti bir-birinin \u0259razi b\u00fct\u00f6vl\u00fcy\u00fcn\u00fc tan\u0131y\u0131r. Erm\u0259nistan r\u0259hb\u0259rliyinin Az\u0259rbaycan\u0131n\u00a0\u0259razi b\u00fct\u00f6vl\u00fcy\u00fcn\u00fc tan\u0131mas\u0131n\u0131 m\u00fcsb\u0259t m\u0259qam kimi qeyd ed\u0259 bil\u0259rik. \u00dcmid ed\u0259k ki, Erm\u0259nistan yax\u0131n ke\u00e7mi\u015fin&hellip;","_links":{"self":[{"href":"https:\/\/arantv.az\/index.php?rest_route=\/wp\/v2\/posts\/521286"}],"collection":[{"href":"https:\/\/arantv.az\/index.php?rest_route=\/wp\/v2\/posts"}],"about":[{"href":"https:\/\/arantv.az\/index.php?rest_route=\/wp\/v2\/types\/post"}],"author":[{"embeddable":true,"href":"https:\/\/arantv.az\/index.php?rest_route=\/wp\/v2\/users\/2"}],"replies":[{"embeddable":true,"href":"https:\/\/arantv.az\/index.php?rest_route=%2Fwp%2Fv2%2Fcomments&post=521286"}],"version-history":[{"count":0,"href":"https:\/\/arantv.az\/index.php?rest_route=\/wp\/v2\/posts\/521286\/revisions"}],"wp:featuredmedia":[{"embeddable":true,"href":"https:\/\/arantv.az\/index.php?rest_route=\/wp\/v2\/media\/521287"}],"wp:attachment":[{"href":"https:\/\/arantv.az\/index.php?rest_route=%2Fwp%2Fv2%2Fmedia&parent=521286"}],"wp:term":[{"taxonomy":"category","embeddable":true,"href":"https:\/\/arantv.az\/index.php?rest_route=%2Fwp%2Fv2%2Fcategories&post=521286"},{"taxonomy":"post_tag","embeddable":true,"href":"https:\/\/arantv.az\/index.php?rest_route=%2Fwp%2Fv2%2Ftags&post=521286"}],"curies":[{"name":"wp","href":"https:\/\/api.w.org\/{rel}","templated":true}]}}