{"id":521298,"date":"2022-10-08T17:25:46","date_gmt":"2022-10-08T14:25:46","guid":{"rendered":"https:\/\/arantv.az\/?p=521298"},"modified":"2022-10-08T17:25:46","modified_gmt":"2022-10-08T14:25:46","slug":"bakida-mikayil-huseynov-v%c9%99-sadiq-dadasovun-birg%c9%99-abid%c9%99si-ucaldilacaq-s%c9%99r%c9%99ncam","status":"publish","type":"post","link":"https:\/\/arantv.az\/?p=521298","title":{"rendered":"Bak\u0131da Mikay\u0131l H\u00fcseynov v\u0259 Sad\u0131q Dada\u015fovun birg\u0259 abid\u0259si ucald\u0131lacaq &#8211; S\u018fR\u018fNCAM"},"content":{"rendered":"<p>Az\u0259rbaycan Respublikas\u0131n\u0131n Prezidenti \u0130lham \u018fliyev Mikay\u0131l H\u00fcseynovun v\u0259 Sad\u0131q Dada\u015fovun birg\u0259 abid\u0259sinin ucald\u0131lmas\u0131 haqq\u0131nda\u00a0s\u0259r\u0259ncam imzalay\u0131b.<\/p>\n<p>Bu bar\u0259d\u0259\u00a0<a href=\"https:\/\/azertag.az\/xeber\/Mikayil_Huseynovun_ve_Sadiq_Dadasovun_birge_abidesinin_ucaldilmasi_haqqinda__Azerbaycan_Respublikasi_Prezidentinin_Serencami-2325890\" target=\"_blank\" rel=\"noopener\">AZ\u018fRTAC<\/a>\u00a0x\u0259b\u0259r verib.<\/p>\n<div class=\"AdviadNativeVideo\"><\/div>\n<p>S\u0259rancamda deyilir:<\/p>\n<p>Az\u0259rbaycan Respublikas\u0131 Konstitusiyas\u0131n\u0131n 109-cu madd\u0259sinin 32-ci b\u0259ndini r\u0259hb\u0259r tutaraq, memarl\u0131q s\u0259n\u0259tinin t\u0259\u015f\u0259kk\u00fcl\u00fcnd\u0259 m\u00fch\u00fcm xidm\u0259tl\u0259ri olan g\u00f6rk\u0259mli Az\u0259rbaycan memarlar\u0131 Mikay\u0131l \u018fl\u0259sg\u0259r o\u011flu H\u00fcseynovun v\u0259 Sad\u0131q \u018fl\u0259kb\u0259r o\u011flu Dada\u015fovun xatir\u0259l\u0259rinin \u0259b\u0259dil\u0259\u015fdirilm\u0259si m\u0259qs\u0259dil\u0259 q\u0259rara al\u0131ram:<\/p>\n<p>\u201c1. Bak\u0131 \u015f\u0259h\u0259rind\u0259 g\u00f6rk\u0259mli memarlar Mikay\u0131l H\u00fcseynovun v\u0259 Sad\u0131q Dada\u015fovun vahid kompozisiya \u015f\u0259klind\u0259 birg\u0259 abid\u0259si ucald\u0131ls\u0131n.<\/p>\n<p>2. Bak\u0131 \u015e\u0259h\u0259r \u0130cra Hakimiyy\u0259ti Az\u0259rbaycan Respublikas\u0131n\u0131n M\u0259d\u0259niyy\u0259t Nazirliyi il\u0259 birlikd\u0259 Mikay\u0131l H\u00fcseynovun v\u0259 Sad\u0131q Dada\u015fovun birg\u0259 abid\u0259sinin ucald\u0131lmas\u0131 il\u0259 ba\u011fl\u0131 t\u0259dbirl\u0259rin h\u0259yata ke\u00e7irilm\u0259sini t\u0259min etsin.<\/p>\n<p>3. Az\u0259rbaycan Respublikas\u0131n\u0131n Nazirl\u0259r Kabineti bu S\u0259r\u0259ncamdan ir\u0259li g\u0259l\u0259n m\u0259s\u0259l\u0259l\u0259ri h\u0259ll etsin\u201d.<\/p>\n","protected":false},"excerpt":{"rendered":"<p>Az\u0259rbaycan Respublikas\u0131n\u0131n Prezidenti \u0130lham \u018fliyev Mikay\u0131l H\u00fcseynovun v\u0259 Sad\u0131q Dada\u015fovun birg\u0259 abid\u0259sinin ucald\u0131lmas\u0131 haqq\u0131nda\u00a0s\u0259r\u0259ncam imzalay\u0131b. Bu bar\u0259d\u0259\u00a0AZ\u018fRTAC\u00a0x\u0259b\u0259r verib. S\u0259rancamda deyilir: Az\u0259rbaycan Respublikas\u0131 Konstitusiyas\u0131n\u0131n 109-cu madd\u0259sinin 32-ci b\u0259ndini r\u0259hb\u0259r tutaraq, memarl\u0131q s\u0259n\u0259tinin t\u0259\u015f\u0259kk\u00fcl\u00fcnd\u0259 m\u00fch\u00fcm xidm\u0259tl\u0259ri olan g\u00f6rk\u0259mli Az\u0259rbaycan memarlar\u0131 Mikay\u0131l \u018fl\u0259sg\u0259r o\u011flu H\u00fcseynovun v\u0259 Sad\u0131q \u018fl\u0259kb\u0259r o\u011flu Dada\u015fovun xatir\u0259l\u0259rinin \u0259b\u0259dil\u0259\u015fdirilm\u0259si m\u0259qs\u0259dil\u0259 q\u0259rara al\u0131ram: \u201c1. Bak\u0131 \u015f\u0259h\u0259rind\u0259 g\u00f6rk\u0259mli memarlar Mikay\u0131l H\u00fcseynovun v\u0259 Sad\u0131q Dada\u015fovun vahid kompozisiya \u015f\u0259klind\u0259 birg\u0259 abid\u0259si ucald\u0131ls\u0131n. 2. Bak\u0131 \u015e\u0259h\u0259r \u0130cra Hakimiyy\u0259ti Az\u0259rbaycan Respublikas\u0131n\u0131n M\u0259d\u0259niyy\u0259t Nazirliyi il\u0259 birlikd\u0259 Mikay\u0131l H\u00fcseynovun v\u0259 Sad\u0131q Dada\u015fovun birg\u0259 abid\u0259sinin ucald\u0131lmas\u0131 il\u0259 ba\u011fl\u0131 t\u0259dbirl\u0259rin&hellip;<\/p>\n","protected":false},"author":2,"featured_media":517332,"comment_status":"closed","ping_status":"closed","sticky":false,"template":"","format":"standard","meta":{"om_disable_all_campaigns":false,"_monsterinsights_skip_tracking":false,"_monsterinsights_sitenote_active":false,"_monsterinsights_sitenote_note":"","_monsterinsights_sitenote_category":0},"categories":[4],"tags":[],"aioseo_notices":[],"gutentor_comment":0,"rttpg_featured_image_url":{"full":["https:\/\/arantv.az\/wp-content\/uploads\/2022\/09\/iLHAM-E_LA\u00b0YEV.jpg",620,413,false],"landscape":["https:\/\/arantv.az\/wp-content\/uploads\/2022\/09\/iLHAM-E_LA\u00b0YEV.jpg",620,413,false],"portraits":["https:\/\/arantv.az\/wp-content\/uploads\/2022\/09\/iLHAM-E_LA\u00b0YEV.jpg",620,413,false],"thumbnail":["https:\/\/arantv.az\/wp-content\/uploads\/2022\/09\/iLHAM-E_LA\u00b0YEV-500x280.jpg",500,280,true],"medium":["https:\/\/arantv.az\/wp-content\/uploads\/2022\/09\/iLHAM-E_LA\u00b0YEV-548x365.jpg",548,365,true],"large":["https:\/\/arantv.az\/wp-content\/uploads\/2022\/09\/iLHAM-E_LA\u00b0YEV.jpg",620,413,false],"1536x1536":["https:\/\/arantv.az\/wp-content\/uploads\/2022\/09\/iLHAM-E_LA\u00b0YEV.jpg",620,413,false],"2048x2048":["https:\/\/arantv.az\/wp-content\/uploads\/2022\/09\/iLHAM-E_LA\u00b0YEV.jpg",620,413,false],"post-thumbnail":["https:\/\/arantv.az\/wp-content\/uploads\/2022\/09\/iLHAM-E_LA\u00b0YEV-240x172.jpg",240,172,true],"advps-thumb-one":["https:\/\/arantv.az\/wp-content\/uploads\/2022\/09\/iLHAM-E_LA\u00b0YEV.jpg",620,413,false]},"rttpg_author":{"display_name":"V\u00fcsal Rafiqo\u011flu","author_link":"https:\/\/arantv.az\/?author=2"},"rttpg_comment":0,"rttpg_category":"<a href=\"https:\/\/arantv.az\/?cat=4\" rel=\"category\">Siyas\u0259t<\/a>","rttpg_excerpt":"Az\u0259rbaycan Respublikas\u0131n\u0131n Prezidenti \u0130lham \u018fliyev Mikay\u0131l H\u00fcseynovun v\u0259 Sad\u0131q Dada\u015fovun birg\u0259 abid\u0259sinin ucald\u0131lmas\u0131 haqq\u0131nda\u00a0s\u0259r\u0259ncam imzalay\u0131b. Bu bar\u0259d\u0259\u00a0AZ\u018fRTAC\u00a0x\u0259b\u0259r verib. S\u0259rancamda deyilir: Az\u0259rbaycan Respublikas\u0131 Konstitusiyas\u0131n\u0131n 109-cu madd\u0259sinin 32-ci b\u0259ndini r\u0259hb\u0259r tutaraq, memarl\u0131q s\u0259n\u0259tinin t\u0259\u015f\u0259kk\u00fcl\u00fcnd\u0259 m\u00fch\u00fcm xidm\u0259tl\u0259ri olan g\u00f6rk\u0259mli Az\u0259rbaycan memarlar\u0131 Mikay\u0131l \u018fl\u0259sg\u0259r o\u011flu H\u00fcseynovun v\u0259 Sad\u0131q \u018fl\u0259kb\u0259r o\u011flu Dada\u015fovun xatir\u0259l\u0259rinin \u0259b\u0259dil\u0259\u015fdirilm\u0259si m\u0259qs\u0259dil\u0259 q\u0259rara al\u0131ram: \u201c1. Bak\u0131 \u015f\u0259h\u0259rind\u0259&hellip;","_links":{"self":[{"href":"https:\/\/arantv.az\/index.php?rest_route=\/wp\/v2\/posts\/521298"}],"collection":[{"href":"https:\/\/arantv.az\/index.php?rest_route=\/wp\/v2\/posts"}],"about":[{"href":"https:\/\/arantv.az\/index.php?rest_route=\/wp\/v2\/types\/post"}],"author":[{"embeddable":true,"href":"https:\/\/arantv.az\/index.php?rest_route=\/wp\/v2\/users\/2"}],"replies":[{"embeddable":true,"href":"https:\/\/arantv.az\/index.php?rest_route=%2Fwp%2Fv2%2Fcomments&post=521298"}],"version-history":[{"count":0,"href":"https:\/\/arantv.az\/index.php?rest_route=\/wp\/v2\/posts\/521298\/revisions"}],"wp:featuredmedia":[{"embeddable":true,"href":"https:\/\/arantv.az\/index.php?rest_route=\/wp\/v2\/media\/517332"}],"wp:attachment":[{"href":"https:\/\/arantv.az\/index.php?rest_route=%2Fwp%2Fv2%2Fmedia&parent=521298"}],"wp:term":[{"taxonomy":"category","embeddable":true,"href":"https:\/\/arantv.az\/index.php?rest_route=%2Fwp%2Fv2%2Fcategories&post=521298"},{"taxonomy":"post_tag","embeddable":true,"href":"https:\/\/arantv.az\/index.php?rest_route=%2Fwp%2Fv2%2Ftags&post=521298"}],"curies":[{"name":"wp","href":"https:\/\/api.w.org\/{rel}","templated":true}]}}