{"id":521303,"date":"2022-10-08T17:27:32","date_gmt":"2022-10-08T14:27:32","guid":{"rendered":"https:\/\/arantv.az\/?p=521303"},"modified":"2022-10-08T17:27:32","modified_gmt":"2022-10-08T14:27:32","slug":"artiq-erm%c9%99nistan-qarabag-erm%c9%99nil%c9%99ri-il%c9%99-bagli-m%c9%99s%c9%99l%c9%99ni-az%c9%99rbaycanin-daxili-isi-sayir-r%c9%99y","status":"publish","type":"post","link":"https:\/\/arantv.az\/?p=521303","title":{"rendered":"\u201cArt\u0131q Erm\u0259nistan Qaraba\u011f erm\u0259nil\u0259ri il\u0259 ba\u011fl\u0131 m\u0259s\u0259l\u0259ni Az\u0259rbaycan\u0131n daxili i\u015fi say\u0131r\u201d &#8211; R\u018fY"},"content":{"rendered":"<p>\u201c\u00c7exiyan\u0131n paytaxt\u0131 Praqa \u015f\u0259h\u0259rind\u0259 ke\u00e7iril\u0259n d\u00f6rdt\u0259r\u0259fli g\u00f6r\u00fc\u015f \u0259slind\u0259 postm\u00fcharib\u0259 reall\u0131\u011f\u0131n\u0131n Erm\u0259nistan v\u0259 d\u00fcnya birliyi t\u0259r\u0259find\u0259n, n\u0259hay\u0259t, r\u0259smi q\u0259bul edilm\u0259si prosesinin ba\u015fa \u00e7atd\u0131r\u0131lmas\u0131 kimi qiym\u0259tl\u0259ndirilm\u0259lidir. Bu, strateji diplomatiyam\u0131z\u0131n m\u00fch\u00fcm nailiyy\u0259tl\u0259rind\u0259n biridir\u201d.<\/p>\n<p>Bunu \u201cReport\u201da a\u00e7\u0131qlamas\u0131nda Milli M\u0259clisin deputat\u0131 Hikm\u0259t Babao\u011flu deyib.<\/p>\n<div class=\"AdviadNativeVideo\"><\/div>\n<p>O bildirib ki, r\u0259smi \u0130r\u0259van Br\u00fcssel format\u0131n\u0131n onlar \u00fc\u00e7\u00fcn daha do\u011fma oldu\u011funa inan\u0131rd\u0131:<\/p>\n<p>\u201cBu formata Fransan\u0131n t\u0259sir imkanlar\u0131 daha \u00e7oxdur. Onlar el\u0259 bilirdil\u0259r, Avropa \u0130ttifaq\u0131 \u015euras\u0131n\u0131n Prezidenti \u015earl Mi\u015felin frans\u0131z olmas\u0131 \u0259lav\u0259 \u00fcst\u00fcnl\u00fck yaradacaq. Ona g\u00f6r\u0259 d\u0259 Erm\u0259nistan\u0131n ba\u015f naziri Nikol Pa\u015finyan \u00f6z t\u0259r\u0259fda\u015flar\u0131na b\u00f6y\u00fck v\u0259dl\u0259r ver\u0259r\u0259k Br\u00fcssel format\u0131n\u0131n bir q\u0259d\u0259r geni\u015fl\u0259ndirilmi\u015f format\u0131 hesab olunan Praqa g\u00f6r\u00fc\u015f\u00fcn\u0259 getmi\u015fdi. Ancaq ortaya \u00e7\u0131xan Praqa b\u0259yanat\u0131 onlar\u0131n \u00fcmidl\u0259rini do\u011frultmad\u0131. \u00c7\u00fcnki n\u0259tic\u0259 etibar\u0131 il\u0259 bu b\u0259yanat Az\u0259rbaycan\u0131n ir\u0259li s\u00fcrd\u00fcy\u00fc be\u015f baza prinsipinin q\u0259bul edilm\u0259si idi. S\u0259n\u0259dd\u0259 beyn\u0259lxalq h\u00fcququn iki m\u00fch\u00fcm prinsipi, d\u00f6vl\u0259tl\u0259rin \u0259razi b\u00fct\u00f6vl\u00fcy\u00fc v\u0259 suverenliyi \u0259sas g\u00f6t\u00fcr\u00fcl\u00fcb. H\u0259r iki\u00a0\u00f6lk\u0259 bu prinsipl\u0259ri q\u0259bul edib\u201d.<\/p>\n<p><img src=\"https:\/\/cdn.oxu.az\/uploads\/W1siZiIsIjIwMjIvMTAvMDgvMTcvMjYvMzIvMjRjM2I2NTYtMjA1Yi00YmIwLWFlMjQtNThmZDI3Y2I2ZmM3L2hiLmpwZyJdLFsicCIsImVuY29kZSIsImpwZyIsIi1xdWFsaXR5IDgwIl0sWyJwIiwidGh1bWIiLCI1OTB4NTkwXHUwMDNlIl1d?sha=8ddc0942e144abcb\" alt=\"\" \/>H.Babao\u011flunun fikrinc\u0259, bel\u0259likl\u0259, h\u0259m d\u0259 h\u0259min \u0259razil\u0259rd\u0259 d\u00f6vl\u0259tl\u0259rin ali irad\u0259si q\u0259bul edilib:<\/p>\n<p>\u201cY\u0259ni Erm\u0259nistan Qaraba\u011fda Az\u0259rbaycan\u0131n ali h\u00fcquqlar\u0131n\u0131 q\u0259bul edir v\u0259 orada ya\u015fayan erm\u0259nil\u0259rin t\u0259hl\u00fck\u0259sizlik v\u0259 h\u00fcquq\u00a0m\u0259s\u0259l\u0259sini Az\u0259rbaycan\u0131n daxili i\u015fi hesab edir. Y\u0259ni Erm\u0259nistan, n\u0259hay\u0259t, Praqada bizim daxili i\u015fl\u0259rimiz\u0259 qar\u0131\u015fmaqdan \u0259l \u00e7\u0259kdi. \u015e\u00fcbh\u0259siz ki, bu \u0259sas m\u0259s\u0259l\u0259 n\u00f6vb\u0259ti s\u00fclh add\u0131mlar\u0131n\u0131n\u00a0da \u00f6n\u00fcn\u00fc a\u00e7m\u0131\u015f olur. Raz\u0131la\u015fmaya \u0259sas\u0259n, art\u0131q s\u0259rh\u0259dl\u0259rin delimitasiyas\u0131 v\u0259 kommunikasiyalar \u00fczr\u0259 i\u015f\u00e7i qrup \u00f6z f\u0259aliyy\u0259tini b\u0259rpa etm\u0259kl\u0259 s\u00fclh prosesind\u0259 aktiv fazaya q\u0259d\u0259m qoyacaq. Bu is\u0259 m\u00fcmk\u00fcn s\u00fclh\u00fc daha da tezl\u0259\u015fdir\u0259 bil\u0259r\u201d.<\/p>\n<p>Qeyd ed\u0259k ki, oktyabr\u0131n 6-da Praqada Az\u0259rbaycan Prezidenti\u00a0<strong>\u0130lham \u018fliyev<\/strong>in Fransan\u0131n d\u00f6vl\u0259t ba\u015f\u00e7\u0131s\u0131 Emmanuel Makron, Avropa \u0130ttifaq\u0131 \u015euras\u0131n\u0131n Prezidenti \u015earl Mi\u015fel v\u0259 Erm\u0259nistan\u0131n ba\u015f naziri Nikol Pa\u015finyan il\u0259 g\u00f6r\u00fc\u015f\u00fc olub.<\/p>\n","protected":false},"excerpt":{"rendered":"<p>\u201c\u00c7exiyan\u0131n paytaxt\u0131 Praqa \u015f\u0259h\u0259rind\u0259 ke\u00e7iril\u0259n d\u00f6rdt\u0259r\u0259fli g\u00f6r\u00fc\u015f \u0259slind\u0259 postm\u00fcharib\u0259 reall\u0131\u011f\u0131n\u0131n Erm\u0259nistan v\u0259 d\u00fcnya birliyi t\u0259r\u0259find\u0259n, n\u0259hay\u0259t, r\u0259smi q\u0259bul edilm\u0259si prosesinin ba\u015fa \u00e7atd\u0131r\u0131lmas\u0131 kimi qiym\u0259tl\u0259ndirilm\u0259lidir. Bu, strateji diplomatiyam\u0131z\u0131n m\u00fch\u00fcm nailiyy\u0259tl\u0259rind\u0259n biridir\u201d. Bunu \u201cReport\u201da a\u00e7\u0131qlamas\u0131nda Milli M\u0259clisin deputat\u0131 Hikm\u0259t Babao\u011flu deyib. O bildirib ki, r\u0259smi \u0130r\u0259van Br\u00fcssel format\u0131n\u0131n onlar \u00fc\u00e7\u00fcn daha do\u011fma oldu\u011funa inan\u0131rd\u0131: \u201cBu formata Fransan\u0131n t\u0259sir imkanlar\u0131 daha \u00e7oxdur. Onlar el\u0259 bilirdil\u0259r, Avropa \u0130ttifaq\u0131 \u015euras\u0131n\u0131n Prezidenti \u015earl Mi\u015felin frans\u0131z olmas\u0131 \u0259lav\u0259 \u00fcst\u00fcnl\u00fck yaradacaq. Ona g\u00f6r\u0259 d\u0259 Erm\u0259nistan\u0131n ba\u015f naziri Nikol Pa\u015finyan \u00f6z t\u0259r\u0259fda\u015flar\u0131na b\u00f6y\u00fck v\u0259dl\u0259r ver\u0259r\u0259k Br\u00fcssel format\u0131n\u0131n bir q\u0259d\u0259r&hellip;<\/p>\n","protected":false},"author":2,"featured_media":521304,"comment_status":"closed","ping_status":"closed","sticky":false,"template":"","format":"standard","meta":{"om_disable_all_campaigns":false,"_monsterinsights_skip_tracking":false,"_monsterinsights_sitenote_active":false,"_monsterinsights_sitenote_note":"","_monsterinsights_sitenote_category":0},"categories":[4],"tags":[],"aioseo_notices":[],"gutentor_comment":0,"rttpg_featured_image_url":{"full":["https:\/\/arantv.az\/wp-content\/uploads\/2022\/10\/11.jpg",620,413,false],"landscape":["https:\/\/arantv.az\/wp-content\/uploads\/2022\/10\/11.jpg",620,413,false],"portraits":["https:\/\/arantv.az\/wp-content\/uploads\/2022\/10\/11.jpg",620,413,false],"thumbnail":["https:\/\/arantv.az\/wp-content\/uploads\/2022\/10\/11-500x280.jpg",500,280,true],"medium":["https:\/\/arantv.az\/wp-content\/uploads\/2022\/10\/11-548x365.jpg",548,365,true],"large":["https:\/\/arantv.az\/wp-content\/uploads\/2022\/10\/11.jpg",620,413,false],"1536x1536":["https:\/\/arantv.az\/wp-content\/uploads\/2022\/10\/11.jpg",620,413,false],"2048x2048":["https:\/\/arantv.az\/wp-content\/uploads\/2022\/10\/11.jpg",620,413,false],"post-thumbnail":["https:\/\/arantv.az\/wp-content\/uploads\/2022\/10\/11-240x172.jpg",240,172,true],"advps-thumb-one":["https:\/\/arantv.az\/wp-content\/uploads\/2022\/10\/11.jpg",620,413,false]},"rttpg_author":{"display_name":"V\u00fcsal Rafiqo\u011flu","author_link":"https:\/\/arantv.az\/?author=2"},"rttpg_comment":0,"rttpg_category":"<a href=\"https:\/\/arantv.az\/?cat=4\" rel=\"category\">Siyas\u0259t<\/a>","rttpg_excerpt":"\u201c\u00c7exiyan\u0131n paytaxt\u0131 Praqa \u015f\u0259h\u0259rind\u0259 ke\u00e7iril\u0259n d\u00f6rdt\u0259r\u0259fli g\u00f6r\u00fc\u015f \u0259slind\u0259 postm\u00fcharib\u0259 reall\u0131\u011f\u0131n\u0131n Erm\u0259nistan v\u0259 d\u00fcnya birliyi t\u0259r\u0259find\u0259n, n\u0259hay\u0259t, r\u0259smi q\u0259bul edilm\u0259si prosesinin ba\u015fa \u00e7atd\u0131r\u0131lmas\u0131 kimi qiym\u0259tl\u0259ndirilm\u0259lidir. Bu, strateji diplomatiyam\u0131z\u0131n m\u00fch\u00fcm nailiyy\u0259tl\u0259rind\u0259n biridir\u201d. Bunu \u201cReport\u201da a\u00e7\u0131qlamas\u0131nda Milli M\u0259clisin deputat\u0131 Hikm\u0259t Babao\u011flu deyib. O bildirib ki, r\u0259smi \u0130r\u0259van Br\u00fcssel format\u0131n\u0131n onlar \u00fc\u00e7\u00fcn daha do\u011fma oldu\u011funa inan\u0131rd\u0131: \u201cBu formata Fransan\u0131n&hellip;","_links":{"self":[{"href":"https:\/\/arantv.az\/index.php?rest_route=\/wp\/v2\/posts\/521303"}],"collection":[{"href":"https:\/\/arantv.az\/index.php?rest_route=\/wp\/v2\/posts"}],"about":[{"href":"https:\/\/arantv.az\/index.php?rest_route=\/wp\/v2\/types\/post"}],"author":[{"embeddable":true,"href":"https:\/\/arantv.az\/index.php?rest_route=\/wp\/v2\/users\/2"}],"replies":[{"embeddable":true,"href":"https:\/\/arantv.az\/index.php?rest_route=%2Fwp%2Fv2%2Fcomments&post=521303"}],"version-history":[{"count":0,"href":"https:\/\/arantv.az\/index.php?rest_route=\/wp\/v2\/posts\/521303\/revisions"}],"wp:featuredmedia":[{"embeddable":true,"href":"https:\/\/arantv.az\/index.php?rest_route=\/wp\/v2\/media\/521304"}],"wp:attachment":[{"href":"https:\/\/arantv.az\/index.php?rest_route=%2Fwp%2Fv2%2Fmedia&parent=521303"}],"wp:term":[{"taxonomy":"category","embeddable":true,"href":"https:\/\/arantv.az\/index.php?rest_route=%2Fwp%2Fv2%2Fcategories&post=521303"},{"taxonomy":"post_tag","embeddable":true,"href":"https:\/\/arantv.az\/index.php?rest_route=%2Fwp%2Fv2%2Ftags&post=521303"}],"curies":[{"name":"wp","href":"https:\/\/api.w.org\/{rel}","templated":true}]}}