{"id":521307,"date":"2022-10-08T18:48:24","date_gmt":"2022-10-08T15:48:24","guid":{"rendered":"https:\/\/arantv.az\/?p=521307"},"modified":"2022-10-08T18:48:24","modified_gmt":"2022-10-08T15:48:24","slug":"bas-prokurorluqdan-agdamdaki-mina-partlayisi-il%c9%99-bagli-aciqlama-yenil%c9%99nib","status":"publish","type":"post","link":"https:\/\/arantv.az\/?p=521307","title":{"rendered":"Ba\u015f Prokurorluqdan A\u011fdamdak\u0131 mina partlay\u0131\u015f\u0131 il\u0259 ba\u011fl\u0131 A\u00c7IQLAMA \u2013 YEN\u0130L\u018fN\u0130B"},"content":{"rendered":"<p>Oktyabr\u0131n 8-i saat 18 rad\u0259l\u0259rind\u0259 A\u011fdam rayonunun i\u015f\u011faldan azad edilmi\u015f Yusifcanl\u0131 k\u0259ndi \u0259razisind\u0259 iki n\u0259f\u0259r \u015f\u0259xsin minaya d\u00fc\u015fm\u0259si il\u0259 ba\u011fl\u0131 A\u011fdam rayon prokurorlu\u011funda ara\u015fd\u0131rma apar\u0131l\u0131r.<\/p>\n<p>Bu bar\u0259d\u0259 Oxu.Az-a Ba\u015f Prokurorlu\u011fun M\u0259tbuat Xidm\u0259tind\u0259n bildirilib.<\/p>\n<p>\u0130lkin ara\u015fd\u0131rmalarla h\u0259min \u0259razid\u0259 t\u0259mir tikinti i\u015fl\u0259ri aparan 1986-c\u0131 il t\u0259v\u0259ll\u00fcdl\u00fc P\u0259rviz N\u0259c\u0259fov v\u0259 1989-cu il t\u0259v\u0259ll\u00fcdl\u00fc Ramin \u018fliyevin minaya d\u00fc\u015fm\u0259l\u0259ri n\u0259tic\u0259sind\u0259 m\u00fcxt\u0259lif d\u0259r\u0259c\u0259li b\u0259d\u0259n x\u0259sar\u0259tl\u0259ri almalar\u0131 m\u00fc\u0259yy\u0259n edilib.<\/p>\n<p>Haz\u0131rda faktla ba\u011fl\u0131 A\u011fdam rayon prokurorlu\u011funda ara\u015fd\u0131rma apar\u0131l\u0131r.<\/p>\n<p>18:39<\/p>\n<p>Az\u0259rbaycan Respublikas\u0131n\u0131n Minat\u0259mizl\u0259m\u0259 Agentliyinin (ANAMA) M\u0259tbuat Xidm\u0259ti m\u0259lumat verir ki, 2022-ci il 8 oktyabr tarixind\u0259 F\u00fczuli-A\u011fdam yolu istiqam\u0259tind\u0259 minalardan t\u0259mizl\u0259nm\u0259mi\u015f \u0259razid\u0259 piyada-\u0259leyhin\u0259 minan\u0131n partlay\u0131\u015f\u0131 ba\u015f verib.<\/p>\n<p>ANAMA-dan \u201cReport\u201da veril\u0259n m\u0259lumata g\u00f6r\u0259, hadis\u0259 n\u0259tic\u0259sind\u0259 1989-cu il t\u0259v\u0259ll\u00fcdl\u00fc \u015e\u0259mkir rayon sakini \u018fliyev Ramin \u018fmir o\u011flu v\u0259 1986-c\u0131 il t\u0259v\u0259ll\u00fcdl\u00fc A\u011fstafa rayon sakini N\u0259c\u0259fov P\u0259rviz Sozal\u0131 o\u011flu x\u0259sar\u0259t al\u0131b.<\/p>\n<p>H\u0259r iki x\u0259sar\u0259t alan \u015f\u0259xs x\u0259st\u0259xanaya yerl\u0259\u015fdirilib. Z\u0259r\u0259r\u00e7\u0259k\u0259nl\u0259rin h\u0259r ikisinin bir aya\u011f\u0131 diz nahiy\u0259sind\u0259n amputasiya edilib.<\/p>\n<p>ANAMA bir daha v\u0259t\u0259nda\u015flar\u0131 m\u00fc\u0259yy\u0259n olunmu\u015f mar\u015frutlardan k\u0259nara \u00e7\u0131xmama\u011fa, m\u0259suliyy\u0259tli v\u0259 diqq\u0259tli davranaq t\u0259hl\u00fck\u0259li \u0259razil\u0259r\u0259 daxil olmama\u011fa \u00e7a\u011f\u0131r\u0131b.<\/p>\n","protected":false},"excerpt":{"rendered":"<p>Oktyabr\u0131n 8-i saat 18 rad\u0259l\u0259rind\u0259 A\u011fdam rayonunun i\u015f\u011faldan azad edilmi\u015f Yusifcanl\u0131 k\u0259ndi \u0259razisind\u0259 iki n\u0259f\u0259r \u015f\u0259xsin minaya d\u00fc\u015fm\u0259si il\u0259 ba\u011fl\u0131 A\u011fdam rayon prokurorlu\u011funda ara\u015fd\u0131rma apar\u0131l\u0131r. Bu bar\u0259d\u0259 Oxu.Az-a Ba\u015f Prokurorlu\u011fun M\u0259tbuat Xidm\u0259tind\u0259n bildirilib. \u0130lkin ara\u015fd\u0131rmalarla h\u0259min \u0259razid\u0259 t\u0259mir tikinti i\u015fl\u0259ri aparan 1986-c\u0131 il t\u0259v\u0259ll\u00fcdl\u00fc P\u0259rviz N\u0259c\u0259fov v\u0259 1989-cu il t\u0259v\u0259ll\u00fcdl\u00fc Ramin \u018fliyevin minaya d\u00fc\u015fm\u0259l\u0259ri n\u0259tic\u0259sind\u0259 m\u00fcxt\u0259lif d\u0259r\u0259c\u0259li b\u0259d\u0259n x\u0259sar\u0259tl\u0259ri almalar\u0131 m\u00fc\u0259yy\u0259n edilib. Haz\u0131rda faktla ba\u011fl\u0131 A\u011fdam rayon prokurorlu\u011funda ara\u015fd\u0131rma apar\u0131l\u0131r. 18:39 Az\u0259rbaycan Respublikas\u0131n\u0131n Minat\u0259mizl\u0259m\u0259 Agentliyinin (ANAMA) M\u0259tbuat Xidm\u0259ti m\u0259lumat verir ki, 2022-ci il 8 oktyabr tarixind\u0259 F\u00fczuli-A\u011fdam yolu istiqam\u0259tind\u0259 minalardan&hellip;<\/p>\n","protected":false},"author":2,"featured_media":348410,"comment_status":"closed","ping_status":"closed","sticky":false,"template":"","format":"standard","meta":{"om_disable_all_campaigns":false,"_monsterinsights_skip_tracking":false,"_monsterinsights_sitenote_active":false,"_monsterinsights_sitenote_note":"","_monsterinsights_sitenote_category":0},"categories":[1],"tags":[],"aioseo_notices":[],"gutentor_comment":0,"rttpg_featured_image_url":{"full":["https:\/\/arantv.az\/wp-content\/uploads\/2021\/06\/mina_0985.jpg",800,600,false],"landscape":["https:\/\/arantv.az\/wp-content\/uploads\/2021\/06\/mina_0985.jpg",800,600,false],"portraits":["https:\/\/arantv.az\/wp-content\/uploads\/2021\/06\/mina_0985.jpg",800,600,false],"thumbnail":["https:\/\/arantv.az\/wp-content\/uploads\/2021\/06\/mina_0985-500x280.jpg",500,280,true],"medium":["https:\/\/arantv.az\/wp-content\/uploads\/2021\/06\/mina_0985-487x365.jpg",487,365,true],"large":["https:\/\/arantv.az\/wp-content\/uploads\/2021\/06\/mina_0985.jpg",640,480,false],"1536x1536":["https:\/\/arantv.az\/wp-content\/uploads\/2021\/06\/mina_0985.jpg",800,600,false],"2048x2048":["https:\/\/arantv.az\/wp-content\/uploads\/2021\/06\/mina_0985.jpg",800,600,false],"post-thumbnail":["https:\/\/arantv.az\/wp-content\/uploads\/2021\/06\/mina_0985-240x172.jpg",240,172,true],"advps-thumb-one":["https:\/\/arantv.az\/wp-content\/uploads\/2021\/06\/mina_0985.jpg",800,600,false]},"rttpg_author":{"display_name":"V\u00fcsal Rafiqo\u011flu","author_link":"https:\/\/arantv.az\/?author=2"},"rttpg_comment":0,"rttpg_category":"<a href=\"https:\/\/arantv.az\/?cat=1\" rel=\"category\">C\u0259miyy\u0259t<\/a>","rttpg_excerpt":"Oktyabr\u0131n 8-i saat 18 rad\u0259l\u0259rind\u0259 A\u011fdam rayonunun i\u015f\u011faldan azad edilmi\u015f Yusifcanl\u0131 k\u0259ndi \u0259razisind\u0259 iki n\u0259f\u0259r \u015f\u0259xsin minaya d\u00fc\u015fm\u0259si il\u0259 ba\u011fl\u0131 A\u011fdam rayon prokurorlu\u011funda ara\u015fd\u0131rma apar\u0131l\u0131r. Bu bar\u0259d\u0259 Oxu.Az-a Ba\u015f Prokurorlu\u011fun M\u0259tbuat Xidm\u0259tind\u0259n bildirilib. \u0130lkin ara\u015fd\u0131rmalarla h\u0259min \u0259razid\u0259 t\u0259mir tikinti i\u015fl\u0259ri aparan 1986-c\u0131 il t\u0259v\u0259ll\u00fcdl\u00fc P\u0259rviz N\u0259c\u0259fov v\u0259 1989-cu il t\u0259v\u0259ll\u00fcdl\u00fc Ramin \u018fliyevin minaya d\u00fc\u015fm\u0259l\u0259ri n\u0259tic\u0259sind\u0259&hellip;","_links":{"self":[{"href":"https:\/\/arantv.az\/index.php?rest_route=\/wp\/v2\/posts\/521307"}],"collection":[{"href":"https:\/\/arantv.az\/index.php?rest_route=\/wp\/v2\/posts"}],"about":[{"href":"https:\/\/arantv.az\/index.php?rest_route=\/wp\/v2\/types\/post"}],"author":[{"embeddable":true,"href":"https:\/\/arantv.az\/index.php?rest_route=\/wp\/v2\/users\/2"}],"replies":[{"embeddable":true,"href":"https:\/\/arantv.az\/index.php?rest_route=%2Fwp%2Fv2%2Fcomments&post=521307"}],"version-history":[{"count":0,"href":"https:\/\/arantv.az\/index.php?rest_route=\/wp\/v2\/posts\/521307\/revisions"}],"wp:featuredmedia":[{"embeddable":true,"href":"https:\/\/arantv.az\/index.php?rest_route=\/wp\/v2\/media\/348410"}],"wp:attachment":[{"href":"https:\/\/arantv.az\/index.php?rest_route=%2Fwp%2Fv2%2Fmedia&parent=521307"}],"wp:term":[{"taxonomy":"category","embeddable":true,"href":"https:\/\/arantv.az\/index.php?rest_route=%2Fwp%2Fv2%2Fcategories&post=521307"},{"taxonomy":"post_tag","embeddable":true,"href":"https:\/\/arantv.az\/index.php?rest_route=%2Fwp%2Fv2%2Ftags&post=521307"}],"curies":[{"name":"wp","href":"https:\/\/api.w.org\/{rel}","templated":true}]}}