{"id":521310,"date":"2022-10-08T18:49:27","date_gmt":"2022-10-08T15:49:27","guid":{"rendered":"https:\/\/arantv.az\/?p=521310"},"modified":"2022-10-08T18:49:27","modified_gmt":"2022-10-08T15:49:27","slug":"korotcenko-erm%c9%99nistan-yeni-himay%c9%99darlar-axtaran-etibarsiz-olk%c9%99dir","status":"publish","type":"post","link":"https:\/\/arantv.az\/?p=521310","title":{"rendered":"Korot\u00e7enko: \u201cErm\u0259nistan yeni himay\u0259darlar axtaran etibars\u0131z \u00f6lk\u0259dir\u201d"},"content":{"rendered":"<p>\u201cErm\u0259nistan yeni himay\u0259darlar axtaran etibars\u0131z \u00f6lk\u0259dir v\u0259 Rusiya bununla ba\u011fl\u0131 m\u00fcvafiq n\u0259tic\u0259l\u0259r \u00e7\u0131xaracaq\u201d.<\/p>\n<div class=\"AdviadNativeVideo\"><\/div>\n<p>\u201cReport\u201dun Rusiya b\u00fcrosu x\u0259b\u0259r verir ki, bunu h\u0259rbi ekspert, \u201cNasionalnaya oborona\u201d jurnal\u0131n\u0131n ba\u015f redaktoru \u0130qor Korot\u00e7enko A\u0130-nin m\u00fclki missiyas\u0131n\u0131n Az\u0259rbaycan v\u0259 Erm\u0259nistan s\u0259rh\u0259dind\u0259 f\u0259aliyy\u0259t\u0259 ba\u015flamas\u0131 il\u0259 ba\u011fl\u0131 raz\u0131la\u015fman\u0131 \u015f\u0259rh ed\u0259rk\u0259n deyib.<\/p>\n<p>Ekspertin fikrinc\u0259, Erm\u0259nistan Q\u0259rb\u0259 t\u0259r\u0259f y\u00f6n\u0259lm\u0259y\u0259 \u00e7al\u0131\u015f\u0131r: \u201cBir m\u00fcdd\u0259tdir ki, Erm\u0259nistan\u0131n davaml\u0131 \u015f\u0259kild\u0259 Q\u0259rb\u0259 y\u00f6n\u0259lm\u0259sinin \u015fahidi oluruq. Haz\u0131rda Erm\u0259nistan\u0131n Ba\u015f naziri Nikol Pa\u015finyan Avropa \u0130ttifaq\u0131, Fransa v\u0259 AB\u015e-\u0131 C\u0259nubi Qafqaz regionundak\u0131 prosesl\u0259r\u0259 c\u0259lb etm\u0259y\u0259 \u00e7al\u0131\u015f\u0131r\u201d.<\/p>\n<p>\u201cRusiyan\u0131n siyasi dair\u0259l\u0259rind\u0259 Avropa \u0130ttifaq\u0131n\u0131n (A\u0130) m\u00fclki missiyas\u0131n\u0131n Az\u0259rbaycan v\u0259 Erm\u0259nistan s\u0259rh\u0259dind\u0259 f\u0259aliyy\u0259t g\u00f6st\u0259rm\u0259si il\u0259 ba\u011fl\u0131 raz\u0131la\u015fman\u0131n \u0259ld\u0259 olunmas\u0131 \u0130r\u0259van\u0131n Moskva qar\u015f\u0131s\u0131nda m\u00fctt\u0259fiqlik v\u0259 t\u0259r\u0259fda\u015fl\u0131q \u00f6hd\u0259likl\u0259rind\u0259n uzaqla\u015fmas\u0131 kimi qiym\u0259tl\u0259ndirilir. Bu, Erm\u0259nistan\u0131n Rusiyaya n\u00f6vb\u0259ti x\u0259yan\u0259tidir\u201d, &#8211; o bildirib.<\/p>\n<p>Politoloq Az\u0259rbaycan diplomatiyas\u0131n\u0131n v\u0259 \u015f\u0259xs\u0259n Az\u0259rbaycan Prezidenti \u0130lham \u018fliyevin ayd\u0131n, ard\u0131c\u0131l siyas\u0259tini qeyd edib: \u201cBununla Az\u0259rbaycan Pa\u015finyan\u0131n q\u0259rar\u0131ndan m\u00fcmk\u00fcn q\u0259d\u0259r uzaqla\u015f\u0131b. Bu, yekun s\u0259n\u0259dd\u0259 d\u0259 \u00f6z \u0259ksini tap\u0131b\u201d.<\/p>\n","protected":false},"excerpt":{"rendered":"<p>\u201cErm\u0259nistan yeni himay\u0259darlar axtaran etibars\u0131z \u00f6lk\u0259dir v\u0259 Rusiya bununla ba\u011fl\u0131 m\u00fcvafiq n\u0259tic\u0259l\u0259r \u00e7\u0131xaracaq\u201d. \u201cReport\u201dun Rusiya b\u00fcrosu x\u0259b\u0259r verir ki, bunu h\u0259rbi ekspert, \u201cNasionalnaya oborona\u201d jurnal\u0131n\u0131n ba\u015f redaktoru \u0130qor Korot\u00e7enko A\u0130-nin m\u00fclki missiyas\u0131n\u0131n Az\u0259rbaycan v\u0259 Erm\u0259nistan s\u0259rh\u0259dind\u0259 f\u0259aliyy\u0259t\u0259 ba\u015flamas\u0131 il\u0259 ba\u011fl\u0131 raz\u0131la\u015fman\u0131 \u015f\u0259rh ed\u0259rk\u0259n deyib. Ekspertin fikrinc\u0259, Erm\u0259nistan Q\u0259rb\u0259 t\u0259r\u0259f y\u00f6n\u0259lm\u0259y\u0259 \u00e7al\u0131\u015f\u0131r: \u201cBir m\u00fcdd\u0259tdir ki, Erm\u0259nistan\u0131n davaml\u0131 \u015f\u0259kild\u0259 Q\u0259rb\u0259 y\u00f6n\u0259lm\u0259sinin \u015fahidi oluruq. Haz\u0131rda Erm\u0259nistan\u0131n Ba\u015f naziri Nikol Pa\u015finyan Avropa \u0130ttifaq\u0131, Fransa v\u0259 AB\u015e-\u0131 C\u0259nubi Qafqaz regionundak\u0131 prosesl\u0259r\u0259 c\u0259lb etm\u0259y\u0259 \u00e7al\u0131\u015f\u0131r\u201d. \u201cRusiyan\u0131n siyasi dair\u0259l\u0259rind\u0259 Avropa \u0130ttifaq\u0131n\u0131n (A\u0130) m\u00fclki missiyas\u0131n\u0131n Az\u0259rbaycan v\u0259 Erm\u0259nistan&hellip;<\/p>\n","protected":false},"author":2,"featured_media":521311,"comment_status":"closed","ping_status":"closed","sticky":false,"template":"","format":"standard","meta":{"om_disable_all_campaigns":false,"_monsterinsights_skip_tracking":false,"_monsterinsights_sitenote_active":false,"_monsterinsights_sitenote_note":"","_monsterinsights_sitenote_category":0},"categories":[4],"tags":[],"aioseo_notices":[],"gutentor_comment":0,"rttpg_featured_image_url":{"full":["https:\/\/arantv.az\/wp-content\/uploads\/2022\/10\/CmXjU71iwvjP4T8ozwpAG5UcdZoiEVHddMiiByPw-1-1.jpg",620,413,false],"landscape":["https:\/\/arantv.az\/wp-content\/uploads\/2022\/10\/CmXjU71iwvjP4T8ozwpAG5UcdZoiEVHddMiiByPw-1-1.jpg",620,413,false],"portraits":["https:\/\/arantv.az\/wp-content\/uploads\/2022\/10\/CmXjU71iwvjP4T8ozwpAG5UcdZoiEVHddMiiByPw-1-1.jpg",620,413,false],"thumbnail":["https:\/\/arantv.az\/wp-content\/uploads\/2022\/10\/CmXjU71iwvjP4T8ozwpAG5UcdZoiEVHddMiiByPw-1-1-500x280.jpg",500,280,true],"medium":["https:\/\/arantv.az\/wp-content\/uploads\/2022\/10\/CmXjU71iwvjP4T8ozwpAG5UcdZoiEVHddMiiByPw-1-1-548x365.jpg",548,365,true],"large":["https:\/\/arantv.az\/wp-content\/uploads\/2022\/10\/CmXjU71iwvjP4T8ozwpAG5UcdZoiEVHddMiiByPw-1-1.jpg",620,413,false],"1536x1536":["https:\/\/arantv.az\/wp-content\/uploads\/2022\/10\/CmXjU71iwvjP4T8ozwpAG5UcdZoiEVHddMiiByPw-1-1.jpg",620,413,false],"2048x2048":["https:\/\/arantv.az\/wp-content\/uploads\/2022\/10\/CmXjU71iwvjP4T8ozwpAG5UcdZoiEVHddMiiByPw-1-1.jpg",620,413,false],"post-thumbnail":["https:\/\/arantv.az\/wp-content\/uploads\/2022\/10\/CmXjU71iwvjP4T8ozwpAG5UcdZoiEVHddMiiByPw-1-1-240x172.jpg",240,172,true],"advps-thumb-one":["https:\/\/arantv.az\/wp-content\/uploads\/2022\/10\/CmXjU71iwvjP4T8ozwpAG5UcdZoiEVHddMiiByPw-1-1.jpg",620,413,false]},"rttpg_author":{"display_name":"V\u00fcsal Rafiqo\u011flu","author_link":"https:\/\/arantv.az\/?author=2"},"rttpg_comment":0,"rttpg_category":"<a href=\"https:\/\/arantv.az\/?cat=4\" rel=\"category\">Siyas\u0259t<\/a>","rttpg_excerpt":"\u201cErm\u0259nistan yeni himay\u0259darlar axtaran etibars\u0131z \u00f6lk\u0259dir v\u0259 Rusiya bununla ba\u011fl\u0131 m\u00fcvafiq n\u0259tic\u0259l\u0259r \u00e7\u0131xaracaq\u201d. \u201cReport\u201dun Rusiya b\u00fcrosu x\u0259b\u0259r verir ki, bunu h\u0259rbi ekspert, \u201cNasionalnaya oborona\u201d jurnal\u0131n\u0131n ba\u015f redaktoru \u0130qor Korot\u00e7enko A\u0130-nin m\u00fclki missiyas\u0131n\u0131n Az\u0259rbaycan v\u0259 Erm\u0259nistan s\u0259rh\u0259dind\u0259 f\u0259aliyy\u0259t\u0259 ba\u015flamas\u0131 il\u0259 ba\u011fl\u0131 raz\u0131la\u015fman\u0131 \u015f\u0259rh ed\u0259rk\u0259n deyib. Ekspertin fikrinc\u0259, Erm\u0259nistan Q\u0259rb\u0259 t\u0259r\u0259f y\u00f6n\u0259lm\u0259y\u0259 \u00e7al\u0131\u015f\u0131r: \u201cBir m\u00fcdd\u0259tdir ki, Erm\u0259nistan\u0131n&hellip;","_links":{"self":[{"href":"https:\/\/arantv.az\/index.php?rest_route=\/wp\/v2\/posts\/521310"}],"collection":[{"href":"https:\/\/arantv.az\/index.php?rest_route=\/wp\/v2\/posts"}],"about":[{"href":"https:\/\/arantv.az\/index.php?rest_route=\/wp\/v2\/types\/post"}],"author":[{"embeddable":true,"href":"https:\/\/arantv.az\/index.php?rest_route=\/wp\/v2\/users\/2"}],"replies":[{"embeddable":true,"href":"https:\/\/arantv.az\/index.php?rest_route=%2Fwp%2Fv2%2Fcomments&post=521310"}],"version-history":[{"count":0,"href":"https:\/\/arantv.az\/index.php?rest_route=\/wp\/v2\/posts\/521310\/revisions"}],"wp:featuredmedia":[{"embeddable":true,"href":"https:\/\/arantv.az\/index.php?rest_route=\/wp\/v2\/media\/521311"}],"wp:attachment":[{"href":"https:\/\/arantv.az\/index.php?rest_route=%2Fwp%2Fv2%2Fmedia&parent=521310"}],"wp:term":[{"taxonomy":"category","embeddable":true,"href":"https:\/\/arantv.az\/index.php?rest_route=%2Fwp%2Fv2%2Fcategories&post=521310"},{"taxonomy":"post_tag","embeddable":true,"href":"https:\/\/arantv.az\/index.php?rest_route=%2Fwp%2Fv2%2Ftags&post=521310"}],"curies":[{"name":"wp","href":"https:\/\/api.w.org\/{rel}","templated":true}]}}