{"id":521398,"date":"2022-10-09T16:35:38","date_gmt":"2022-10-09T13:35:38","guid":{"rendered":"https:\/\/arantv.az\/?p=521398"},"modified":"2022-10-09T16:35:38","modified_gmt":"2022-10-09T13:35:38","slug":"azadliga-cixan-sabiq-nazir-v%c9%99li-%c9%99l%c9%99sg%c9%99rovun-naxcivandan-cixisina-qadaga-qoyulub-aciqlama","status":"publish","type":"post","link":"https:\/\/arantv.az\/?p=521398","title":{"rendered":"Azadl\u0131\u011fa \u00e7\u0131xan sabiq nazir V\u0259li \u018fl\u0259sg\u0259rovun Nax\u00e7\u0131vandan \u00e7\u0131x\u0131\u015f\u0131na qada\u011fa qoyulub? &#8211; A\u00c7IQLAMA"},"content":{"rendered":"<p>Nax\u00e7\u0131van MR ke\u00e7mi\u015f Milli T\u0259hl\u00fck\u0259sizlik naziri V\u0259li \u018fl\u0259sg\u0259rovun azadl\u0131\u011fa burax\u0131ld\u0131qdan sonra Nax\u00e7\u0131vandan \u00e7\u0131x\u0131\u015f\u0131na qada\u011fa qoyuldu\u011fu, Bak\u0131ya g\u0259l\u0259 bilm\u0259diyi haqda m\u0259lumatlar yay\u0131l\u0131b.<\/p>\n<div class=\"AdviadNativeVideo\"><\/div>\n<p>M\u0259s\u0259l\u0259 il\u0259 ba\u011fl\u0131\u00a0Manset.az-a a\u00e7\u0131qlama ver\u0259n sabiq nazir deyil\u0259nl\u0259rin yalan oldu\u011funu bildirib.<\/p>\n<p>O, azadl\u0131\u011fa \u00e7\u0131xmas\u0131 haqda dan\u0131\u015f\u0131b:<\/p>\n<p>\u201cM\u0259nim son ana q\u0259d\u0259r he\u00e7 n\u0259d\u0259n x\u0259b\u0259rim olmay\u0131b. R\u0259is m\u0259ni \u00e7a\u011f\u0131r\u0131b dey\u0259nd\u0259 ki, sizi azadl\u0131\u011fa burax\u0131r\u0131q, \u015foka d\u00fc\u015fd\u00fcm, el\u0259 bildim zarafat edir. \u0130ndi d\u0259 azadl\u0131qdayam. Bu deyil\u0259nl\u0259r yaland\u0131r. Haz\u0131rda Bak\u0131da, ail\u0259min yan\u0131dayam. S\u0259hh\u0259timl\u0259, probleml\u0259rl\u0259 m\u0259\u015f\u011fulam\u201d.<\/p>\n<p>Qeyd ed\u0259k ki, Ali M\u0259hk\u0259m\u0259nin q\u0259rar\u0131 il\u0259 V\u0259li \u018fl\u0259sg\u0259rov bar\u0259sind\u0259 apellyasiya m\u0259hk\u0259m\u0259sinin q\u0259rar\u0131 d\u0259yi\u015fdiril\u0259r\u0259k 6 il 6 ay 20 g\u00fcn azadl\u0131qdan m\u0259hrum etm\u0259 c\u0259zas\u0131n\u0131n t\u0259yin edilm\u0259si v\u0259 2016-c\u0131 ild\u0259n h\u0259bsd\u0259 olmaqla bu c\u0259zan\u0131 \u00e7\u0259kmi\u015f oldu\u011fundan c\u0259za\u00e7\u0259km\u0259 m\u00fc\u0259ssis\u0259sind\u0259n azad edilm\u0259si q\u0259rara al\u0131n\u0131b.<\/p>\n","protected":false},"excerpt":{"rendered":"<p>Nax\u00e7\u0131van MR ke\u00e7mi\u015f Milli T\u0259hl\u00fck\u0259sizlik naziri V\u0259li \u018fl\u0259sg\u0259rovun azadl\u0131\u011fa burax\u0131ld\u0131qdan sonra Nax\u00e7\u0131vandan \u00e7\u0131x\u0131\u015f\u0131na qada\u011fa qoyuldu\u011fu, Bak\u0131ya g\u0259l\u0259 bilm\u0259diyi haqda m\u0259lumatlar yay\u0131l\u0131b. M\u0259s\u0259l\u0259 il\u0259 ba\u011fl\u0131\u00a0Manset.az-a a\u00e7\u0131qlama ver\u0259n sabiq nazir deyil\u0259nl\u0259rin yalan oldu\u011funu bildirib. O, azadl\u0131\u011fa \u00e7\u0131xmas\u0131 haqda dan\u0131\u015f\u0131b: \u201cM\u0259nim son ana q\u0259d\u0259r he\u00e7 n\u0259d\u0259n x\u0259b\u0259rim olmay\u0131b. R\u0259is m\u0259ni \u00e7a\u011f\u0131r\u0131b dey\u0259nd\u0259 ki, sizi azadl\u0131\u011fa burax\u0131r\u0131q, \u015foka d\u00fc\u015fd\u00fcm, el\u0259 bildim zarafat edir. \u0130ndi d\u0259 azadl\u0131qdayam. Bu deyil\u0259nl\u0259r yaland\u0131r. Haz\u0131rda Bak\u0131da, ail\u0259min yan\u0131dayam. S\u0259hh\u0259timl\u0259, probleml\u0259rl\u0259 m\u0259\u015f\u011fulam\u201d. Qeyd ed\u0259k ki, Ali M\u0259hk\u0259m\u0259nin q\u0259rar\u0131 il\u0259 V\u0259li \u018fl\u0259sg\u0259rov bar\u0259sind\u0259 apellyasiya m\u0259hk\u0259m\u0259sinin q\u0259rar\u0131 d\u0259yi\u015fdiril\u0259r\u0259k 6 il 6 ay&hellip;<\/p>\n","protected":false},"author":2,"featured_media":521399,"comment_status":"closed","ping_status":"closed","sticky":false,"template":"","format":"standard","meta":{"om_disable_all_campaigns":false,"_monsterinsights_skip_tracking":false,"_monsterinsights_sitenote_active":false,"_monsterinsights_sitenote_note":"","_monsterinsights_sitenote_category":0},"categories":[1],"tags":[],"aioseo_notices":[],"gutentor_comment":0,"rttpg_featured_image_url":{"full":["https:\/\/arantv.az\/wp-content\/uploads\/2022\/10\/FotoJet-2022-09-27T221649.626-2.jpg",620,413,false],"landscape":["https:\/\/arantv.az\/wp-content\/uploads\/2022\/10\/FotoJet-2022-09-27T221649.626-2.jpg",620,413,false],"portraits":["https:\/\/arantv.az\/wp-content\/uploads\/2022\/10\/FotoJet-2022-09-27T221649.626-2.jpg",620,413,false],"thumbnail":["https:\/\/arantv.az\/wp-content\/uploads\/2022\/10\/FotoJet-2022-09-27T221649.626-2-500x280.jpg",500,280,true],"medium":["https:\/\/arantv.az\/wp-content\/uploads\/2022\/10\/FotoJet-2022-09-27T221649.626-2-548x365.jpg",548,365,true],"large":["https:\/\/arantv.az\/wp-content\/uploads\/2022\/10\/FotoJet-2022-09-27T221649.626-2.jpg",620,413,false],"1536x1536":["https:\/\/arantv.az\/wp-content\/uploads\/2022\/10\/FotoJet-2022-09-27T221649.626-2.jpg",620,413,false],"2048x2048":["https:\/\/arantv.az\/wp-content\/uploads\/2022\/10\/FotoJet-2022-09-27T221649.626-2.jpg",620,413,false],"post-thumbnail":["https:\/\/arantv.az\/wp-content\/uploads\/2022\/10\/FotoJet-2022-09-27T221649.626-2-240x172.jpg",240,172,true],"advps-thumb-one":["https:\/\/arantv.az\/wp-content\/uploads\/2022\/10\/FotoJet-2022-09-27T221649.626-2.jpg",620,413,false]},"rttpg_author":{"display_name":"V\u00fcsal Rafiqo\u011flu","author_link":"https:\/\/arantv.az\/?author=2"},"rttpg_comment":0,"rttpg_category":"<a href=\"https:\/\/arantv.az\/?cat=1\" rel=\"category\">C\u0259miyy\u0259t<\/a>","rttpg_excerpt":"Nax\u00e7\u0131van MR ke\u00e7mi\u015f Milli T\u0259hl\u00fck\u0259sizlik naziri V\u0259li \u018fl\u0259sg\u0259rovun azadl\u0131\u011fa burax\u0131ld\u0131qdan sonra Nax\u00e7\u0131vandan \u00e7\u0131x\u0131\u015f\u0131na qada\u011fa qoyuldu\u011fu, Bak\u0131ya g\u0259l\u0259 bilm\u0259diyi haqda m\u0259lumatlar yay\u0131l\u0131b. M\u0259s\u0259l\u0259 il\u0259 ba\u011fl\u0131\u00a0Manset.az-a a\u00e7\u0131qlama ver\u0259n sabiq nazir deyil\u0259nl\u0259rin yalan oldu\u011funu bildirib. O, azadl\u0131\u011fa \u00e7\u0131xmas\u0131 haqda dan\u0131\u015f\u0131b: \u201cM\u0259nim son ana q\u0259d\u0259r he\u00e7 n\u0259d\u0259n x\u0259b\u0259rim olmay\u0131b. R\u0259is m\u0259ni \u00e7a\u011f\u0131r\u0131b dey\u0259nd\u0259 ki, sizi azadl\u0131\u011fa burax\u0131r\u0131q, \u015foka d\u00fc\u015fd\u00fcm,&hellip;","_links":{"self":[{"href":"https:\/\/arantv.az\/index.php?rest_route=\/wp\/v2\/posts\/521398"}],"collection":[{"href":"https:\/\/arantv.az\/index.php?rest_route=\/wp\/v2\/posts"}],"about":[{"href":"https:\/\/arantv.az\/index.php?rest_route=\/wp\/v2\/types\/post"}],"author":[{"embeddable":true,"href":"https:\/\/arantv.az\/index.php?rest_route=\/wp\/v2\/users\/2"}],"replies":[{"embeddable":true,"href":"https:\/\/arantv.az\/index.php?rest_route=%2Fwp%2Fv2%2Fcomments&post=521398"}],"version-history":[{"count":0,"href":"https:\/\/arantv.az\/index.php?rest_route=\/wp\/v2\/posts\/521398\/revisions"}],"wp:featuredmedia":[{"embeddable":true,"href":"https:\/\/arantv.az\/index.php?rest_route=\/wp\/v2\/media\/521399"}],"wp:attachment":[{"href":"https:\/\/arantv.az\/index.php?rest_route=%2Fwp%2Fv2%2Fmedia&parent=521398"}],"wp:term":[{"taxonomy":"category","embeddable":true,"href":"https:\/\/arantv.az\/index.php?rest_route=%2Fwp%2Fv2%2Fcategories&post=521398"},{"taxonomy":"post_tag","embeddable":true,"href":"https:\/\/arantv.az\/index.php?rest_route=%2Fwp%2Fv2%2Ftags&post=521398"}],"curies":[{"name":"wp","href":"https:\/\/api.w.org\/{rel}","templated":true}]}}