{"id":52208,"date":"2019-04-22T14:50:59","date_gmt":"2019-04-22T11:50:59","guid":{"rendered":"http:\/\/arantv.az\/?p=52208"},"modified":"2019-04-22T14:50:59","modified_gmt":"2019-04-22T11:50:59","slug":"m%c9%99rd%c9%99kan-qalasi-v%c9%99-tuba-sah-m%c9%99scidini-turkl%c9%99r-b%c9%99rpa-ed%c9%99c%c9%99k","status":"publish","type":"post","link":"https:\/\/arantv.az\/?p=52208","title":{"rendered":"M\u0259rd\u0259kan qalas\u0131 v\u0259 Tuba \u015eah m\u0259scidini t\u00fcrkl\u0259r b\u0259rpa ed\u0259c\u0259k"},"content":{"rendered":"<p>Az\u0259rbaycan\u0131n B\u00f6y\u00fck M\u0259rd\u0259kan qalas\u0131 v\u0259 qalan\u0131n yax\u0131nl\u0131\u011f\u0131ndak\u0131 Tuba \u015eah m\u0259scidi b\u0259rpa edil\u0259c\u0259k.<\/p>\n<p><strong>ARANTV.AZ<\/strong>-\u0131n m\u0259lumat\u0131na g\u00f6r\u0259, bununla ba\u011fl\u0131 Az\u0259rbaycan M\u0259d\u0259niyy\u0259t Nazirliyi yan\u0131nda M\u0259d\u0259ni \u0130rsin Qorunmas\u0131, \u0130nki\u015faf\u0131 v\u0259 B\u0259rpas\u0131 \u00fczr\u0259 D\u00f6vl\u0259t Xidm\u0259ti il\u0259 T\u00fcrk \u018fm\u0259kda\u015fl\u0131q v\u0259 Koordinasiya Agentliyi (T\u0130KA) tarixi qalan\u0131n v\u0259 m\u0259scidin b\u0259rpas\u0131 haqq\u0131nda\u00a0aprelin 18-d\u0259 protokol imzalay\u0131blar.<\/p>\n<div id=\"AdviadNativeVideo0\" class=\"AdviadNativeVideo\"><\/div>\n<p>Qeyd ed\u0259k ki,\u00a0 Bak\u0131n\u0131n M\u0259rd\u0259kan q\u0259s\u0259b\u0259sind\u0259 yerl\u0259\u015f\u0259n bu qala XII \u0259srd\u0259 &#8211; 1187-1188-ci ill\u0259rd\u0259 \u015eirvan\u015fah I Axsitan t\u0259r\u0259find\u0259n tikilib. Axsitan\u0131n d\u00fc\u015fm\u0259n \u00fcz\u0259rind\u0259ki parlaq q\u0259l\u0259b\u0259si \u015f\u0259r\u0259fin\u0259 ucald\u0131lm\u0131\u015f qaladan m\u00fcxt\u0259lif vaxtlarda m\u00fcdafi\u0259 m\u0259qs\u0259dil\u0259, el\u0259c\u0259 d\u0259, m\u00fc\u015fahid\u0259 m\u0259nt\u0259q\u0259si, b\u0259zi d\u00f6vrl\u0259rd\u0259 is\u0259 q\u0259sr kimi istifad\u0259 edilib. Tuba \u015eah m\u0259scidi is\u0259 1481-1482-ci ill\u0259rd\u0259 in\u015fa edilib.oxu.az<\/p>\n","protected":false},"excerpt":{"rendered":"<p>Az\u0259rbaycan\u0131n B\u00f6y\u00fck M\u0259rd\u0259kan qalas\u0131 v\u0259 qalan\u0131n yax\u0131nl\u0131\u011f\u0131ndak\u0131 Tuba \u015eah m\u0259scidi b\u0259rpa edil\u0259c\u0259k. ARANTV.AZ-\u0131n m\u0259lumat\u0131na g\u00f6r\u0259, bununla ba\u011fl\u0131 Az\u0259rbaycan M\u0259d\u0259niyy\u0259t Nazirliyi yan\u0131nda M\u0259d\u0259ni \u0130rsin Qorunmas\u0131, \u0130nki\u015faf\u0131 v\u0259 B\u0259rpas\u0131 \u00fczr\u0259 D\u00f6vl\u0259t Xidm\u0259ti il\u0259 T\u00fcrk \u018fm\u0259kda\u015fl\u0131q v\u0259 Koordinasiya Agentliyi (T\u0130KA) tarixi qalan\u0131n v\u0259 m\u0259scidin b\u0259rpas\u0131 haqq\u0131nda\u00a0aprelin 18-d\u0259 protokol imzalay\u0131blar. Qeyd ed\u0259k ki,\u00a0 Bak\u0131n\u0131n M\u0259rd\u0259kan q\u0259s\u0259b\u0259sind\u0259 yerl\u0259\u015f\u0259n bu qala XII \u0259srd\u0259 &#8211; 1187-1188-ci ill\u0259rd\u0259 \u015eirvan\u015fah I Axsitan t\u0259r\u0259find\u0259n tikilib. Axsitan\u0131n d\u00fc\u015fm\u0259n \u00fcz\u0259rind\u0259ki parlaq q\u0259l\u0259b\u0259si \u015f\u0259r\u0259fin\u0259 ucald\u0131lm\u0131\u015f qaladan m\u00fcxt\u0259lif vaxtlarda m\u00fcdafi\u0259 m\u0259qs\u0259dil\u0259, el\u0259c\u0259 d\u0259, m\u00fc\u015fahid\u0259 m\u0259nt\u0259q\u0259si, b\u0259zi d\u00f6vrl\u0259rd\u0259 is\u0259 q\u0259sr kimi istifad\u0259 edilib. Tuba \u015eah&hellip;<\/p>\n","protected":false},"author":2,"featured_media":52209,"comment_status":"closed","ping_status":"closed","sticky":false,"template":"","format":"standard","meta":{"om_disable_all_campaigns":false,"_monsterinsights_skip_tracking":false,"_monsterinsights_sitenote_active":false,"_monsterinsights_sitenote_note":"","_monsterinsights_sitenote_category":0},"categories":[1],"tags":[],"aioseo_notices":[],"gutentor_comment":0,"rttpg_featured_image_url":{"full":["https:\/\/arantv.az\/wp-content\/uploads\/2019\/04\/qala.jpg",620,465,false],"landscape":["https:\/\/arantv.az\/wp-content\/uploads\/2019\/04\/qala.jpg",620,465,false],"portraits":["https:\/\/arantv.az\/wp-content\/uploads\/2019\/04\/qala.jpg",620,465,false],"thumbnail":["https:\/\/arantv.az\/wp-content\/uploads\/2019\/04\/qala-150x150.jpg",150,150,true],"medium":["https:\/\/arantv.az\/wp-content\/uploads\/2019\/04\/qala-300x225.jpg",300,225,true],"large":["https:\/\/arantv.az\/wp-content\/uploads\/2019\/04\/qala.jpg",620,465,false],"1536x1536":["https:\/\/arantv.az\/wp-content\/uploads\/2019\/04\/qala.jpg",620,465,false],"2048x2048":["https:\/\/arantv.az\/wp-content\/uploads\/2019\/04\/qala.jpg",620,465,false],"post-thumbnail":["https:\/\/arantv.az\/wp-content\/uploads\/2019\/04\/qala-240x172.jpg",240,172,true],"advps-thumb-one":["https:\/\/arantv.az\/wp-content\/uploads\/2019\/04\/qala.jpg",620,465,false]},"rttpg_author":{"display_name":"V\u00fcsal Rafiqo\u011flu","author_link":"https:\/\/arantv.az\/?author=2"},"rttpg_comment":0,"rttpg_category":"<a href=\"https:\/\/arantv.az\/?cat=1\" rel=\"category\">C\u0259miyy\u0259t<\/a>","rttpg_excerpt":"Az\u0259rbaycan\u0131n B\u00f6y\u00fck M\u0259rd\u0259kan qalas\u0131 v\u0259 qalan\u0131n yax\u0131nl\u0131\u011f\u0131ndak\u0131 Tuba \u015eah m\u0259scidi b\u0259rpa edil\u0259c\u0259k. ARANTV.AZ-\u0131n m\u0259lumat\u0131na g\u00f6r\u0259, bununla ba\u011fl\u0131 Az\u0259rbaycan M\u0259d\u0259niyy\u0259t Nazirliyi yan\u0131nda M\u0259d\u0259ni \u0130rsin Qorunmas\u0131, \u0130nki\u015faf\u0131 v\u0259 B\u0259rpas\u0131 \u00fczr\u0259 D\u00f6vl\u0259t Xidm\u0259ti il\u0259 T\u00fcrk \u018fm\u0259kda\u015fl\u0131q v\u0259 Koordinasiya Agentliyi (T\u0130KA) tarixi qalan\u0131n v\u0259 m\u0259scidin b\u0259rpas\u0131 haqq\u0131nda\u00a0aprelin 18-d\u0259 protokol imzalay\u0131blar. Qeyd ed\u0259k ki,\u00a0 Bak\u0131n\u0131n M\u0259rd\u0259kan q\u0259s\u0259b\u0259sind\u0259 yerl\u0259\u015f\u0259n bu qala&hellip;","_links":{"self":[{"href":"https:\/\/arantv.az\/index.php?rest_route=\/wp\/v2\/posts\/52208"}],"collection":[{"href":"https:\/\/arantv.az\/index.php?rest_route=\/wp\/v2\/posts"}],"about":[{"href":"https:\/\/arantv.az\/index.php?rest_route=\/wp\/v2\/types\/post"}],"author":[{"embeddable":true,"href":"https:\/\/arantv.az\/index.php?rest_route=\/wp\/v2\/users\/2"}],"replies":[{"embeddable":true,"href":"https:\/\/arantv.az\/index.php?rest_route=%2Fwp%2Fv2%2Fcomments&post=52208"}],"version-history":[{"count":0,"href":"https:\/\/arantv.az\/index.php?rest_route=\/wp\/v2\/posts\/52208\/revisions"}],"wp:featuredmedia":[{"embeddable":true,"href":"https:\/\/arantv.az\/index.php?rest_route=\/wp\/v2\/media\/52209"}],"wp:attachment":[{"href":"https:\/\/arantv.az\/index.php?rest_route=%2Fwp%2Fv2%2Fmedia&parent=52208"}],"wp:term":[{"taxonomy":"category","embeddable":true,"href":"https:\/\/arantv.az\/index.php?rest_route=%2Fwp%2Fv2%2Fcategories&post=52208"},{"taxonomy":"post_tag","embeddable":true,"href":"https:\/\/arantv.az\/index.php?rest_route=%2Fwp%2Fv2%2Ftags&post=52208"}],"curies":[{"name":"wp","href":"https:\/\/api.w.org\/{rel}","templated":true}]}}