{"id":52229,"date":"2019-04-22T15:05:17","date_gmt":"2019-04-22T12:05:17","guid":{"rendered":"http:\/\/arantv.az\/?p=52229"},"modified":"2019-04-22T15:05:17","modified_gmt":"2019-04-22T12:05:17","slug":"millimizin-bas-m%c9%99sqcisi-stadnik-haminin-yerin%c9%99-gul%c9%99s%c9%99si-deyil","status":"publish","type":"post","link":"https:\/\/arantv.az\/?p=52229","title":{"rendered":"Millimizin ba\u015f m\u0259\u015fq\u00e7isi: Stadnik ham\u0131n\u0131n yerin\u0259 g\u00fcl\u0259\u015f\u0259si deyil"},"content":{"rendered":"<p>Ma\u015fan\u0131n olmamas\u0131na g\u00f6r\u0259 narahatl\u0131q var idi. T\u0259bii ki, Stadnik ham\u0131n\u0131n yerin\u0259 g\u00fcl\u0259\u015f\u0259si deyildi.<\/p>\n<p><b>ARANTV.AZ\u00a0<\/b>x\u0259b\u0259r verir ki, bunu Az\u0259rbaycan G\u00fcl\u0259\u015f Federasiyas\u0131n\u0131n sayt\u0131na m\u00fcsahib\u0259sind\u0259 qad\u0131n g\u00fcl\u0259\u015fi \u00fczr\u0259 millimizin ba\u015f m\u0259\u015fq\u00e7isi Aslan A\u011fayev deyib.<\/p>\n<p>Qad\u0131nlardan ibar\u0259t y\u0131\u011fmam\u0131z Rum\u0131niyan\u0131n paytaxt\u0131 Buxarestd\u0259 ke\u00e7iril\u0259n Avropa \u00e7empionat\u0131nda u\u011furlu \u00e7\u0131x\u0131\u015fla diqq\u0259ti \u00e7\u0259kdi. Halbuki millimiz qit\u0259 birinciliyin\u0259 lidersiz yollanm\u0131\u015fd\u0131. Ancaq Mariya Stadnik (-50 kq) olmasa bel\u0259, dig\u0259r g\u00fcl\u0259\u015f\u00e7il\u0259rimiz u\u011fur qazana bildi. Elis Manolova (-65 kq) q\u0131z\u0131l, Alyona Kolesnik (-57 kq), Elmira Q\u0259mb\u0259rova (-59 kq) v\u0259 Tatyana Omel\u00e7enko (-62 kq) is\u0259 b\u00fcr\u00fcnc medal qazand\u0131.<\/p>\n<div id=\"AdviadNativeVideo0\" class=\"AdviadNativeVideo\">\n<div class=\"adviad-inboard\">\n<div>\n<div id=\"teads0\" class=\"adviad-player\"><\/div>\n<\/div>\n<\/div>\n<\/div>\n<p>O, \u0259m\u0259liyyat olundu\u011fu \u00fc\u00e7\u00fcn d\u00fcnya v\u0259 Avropa \u00e7empionumuz Mariya Stadnikin qit\u0259 birinciliyin\u0259 g\u00fcl\u0259\u015f\u00e7i kimi yox, tama\u015fa\u00e7\u0131 kimi yolland\u0131\u011f\u0131n\u0131 bildirib:<\/p>\n<p>\u201cKomanda \u00fc\u00e7\u00fcn lider dart\u0131c\u0131 q\u00fcvv\u0259dir. Mariya sonuncu toplan\u0131\u015fda biziml\u0259 birg\u0259 idi. El\u0259 Buxarest\u0259 d\u0259 g\u0259lib komandadan m\u0259n\u0259vi d\u0259st\u0259yini \u0259sirg\u0259m\u0259di. Bu yar\u0131\u015fdan \u00fc\u00e7 medal g\u00f6zl\u0259yirdim. Onlar\u0131n da \u201cg\u00fcm\u00fc\u015f\u201d v\u0259 \u201cb\u00fcr\u00fcnc\u201d olaca\u011f\u0131n\u0131 proqnozla\u015fd\u0131r\u0131rd\u0131m. Ancaq haz\u0131rl\u0131\u011f\u0131m\u0131z yax\u015f\u0131 ke\u00e7mi\u015fdi. Ona g\u00f6r\u0259 komandaya inam\u0131m vard\u0131.<\/p>\n<p>\u015e\u00fck\u00fcrl\u0259r olsun, d\u00f6rd medal \u2013 bir q\u0131z\u0131l, \u00fc\u00e7 b\u00fcr\u00fcnc qazand\u0131q. Komanda hesab\u0131nda \u00fc\u00e7\u00fcnc\u00fc yeri d\u0259 tuta bil\u0259rdik. T\u00fcrkiy\u0259 il\u0259 b\u00fct\u00fcn g\u00f6st\u0259ricil\u0259rimiz eyni idi. Ancaq iki \u00e7\u0259kid\u0259 g\u00fcl\u0259\u015f\u00e7imiz olmad\u0131\u011f\u0131ndan onlar bizi iki xal qabaqlad\u0131\u201d.<\/p>\n<p>Ba\u015f m\u0259\u015fq\u00e7i Elis Manolovan\u0131n \u00e7empion olmas\u0131ndan da dan\u0131\u015f\u0131b:<\/p>\n<p>\u201c\u018flb\u0259tt\u0259, ondan u\u011furlu \u00e7\u0131x\u0131\u015f g\u00f6zl\u0259yirdim. \u00c7\u00fcnki ke\u00e7\u0259n il Avropa \u00e7empionat\u0131n\u0131n final\u0131nda Petra Oliyl\u0259 g\u00f6r\u00fc\u015f 3:3 qurtard\u0131. H\u0259tta Kaspiyskd\u0259 Elis\u0259 qar\u015f\u0131 haqs\u0131zl\u0131q da oldu. Manolova orada \u00e7empion olmal\u0131 idi.<\/p>\n<p>Yegan\u0259 \u00e7empionlu\u011fu \u0259vv\u0259ld\u0259n el\u0259 Elisd\u0259n g\u00f6zl\u0259yirdik. Finalda 0:4 geriy\u0259 d\u00fc\u015fd\u00fc. Ancaq fasil\u0259d\u0259 ona tap\u015f\u0131r\u0131qlar\u0131m\u0131z\u0131 verdik. Dedik ki, g\u00f6r\u00fc\u015f h\u0259l\u0259 ba\u015fa \u00e7atmay\u0131b, o s\u0259nd\u0259n \u00fc\u00e7 d\u0259qiq\u0259y\u0259 d\u00f6rd xal al\u0131bsa, s\u0259n d\u0259 bunu bacararsan. El\u0259 d\u0259 oldu. Toparland\u0131 v\u0259 gerid\u00f6n\u00fc\u015f ed\u0259r\u0259k q\u0259l\u0259b\u0259 qazand\u0131\u201d.<\/p>\n<p>O, \u00f6t\u0259n il d\u00fcnya \u00fc\u00e7\u00fcnc\u00fcs\u00fc olmu\u015f \u0130rina Netreban\u0131n medals\u0131z qalmas\u0131n\u0131 is\u0259 bel\u0259 \u0259sasland\u0131r\u0131b:<\/p>\n<p>\u201cAvropa \u00e7empionat\u0131na az qalm\u0131\u015f onun anas\u0131 d\u00fcnyas\u0131n\u0131 d\u0259yi\u015fdi. Anas\u0131n\u0131 d\u0259fn edib yar\u0131\u015fa g\u0259lmi\u015fdi. \u0130rinan\u0131 ba\u015fa d\u00fc\u015fm\u0259k olar. H\u0259r halda, o da sona kimi m\u00fcbariz\u0259 apard\u0131. H\u0259m d\u0259 bu d\u0259f\u0259 d\u00fcnya \u00fc\u00e7\u00fcnc\u00fcs\u00fc oldu\u011fu 65 kq-da yox, 68 kq-da \u00e7\u0131x\u0131\u015f etdi. Anas\u0131n\u0131n v\u0259fat\u0131n\u0131n yaratd\u0131\u011f\u0131 psixoloji duruma g\u00f6r\u0259 u\u011fur qazanmaq m\u00fcmk\u00fcn olmad\u0131\u201d.<\/p>\n<p>Aslan A\u011fayev iyunda Minskd\u0259 ke\u00e7iril\u0259c\u0259k Avropa Oyunlar\u0131nda 59 v\u0259 65 kq \u00e7\u0259ki d\u0259r\u0259c\u0259sinin Olimpiada kateqoriyas\u0131 olmad\u0131\u011f\u0131ndan, qit\u0259 birinciliyinin \u00fc\u00e7 m\u00fckafat\u00e7\u0131s\u0131ndan birinin Belarusda m\u00fcbariz\u0259 aparaca\u011f\u0131n\u0131 bildirib:<\/p>\n<p>\u201cAvropa Oyunlar\u0131 \u00fc\u00e7\u00fcn T\u00fcrkiy\u0259 y\u0131\u011fmas\u0131yla birg\u0259 toplan\u0131\u015f ke\u00e7m\u0259yi planla\u015fd\u0131r\u0131r\u0131q. Olimpiya kateqoriyas\u0131 olan 62 kq \u00fc\u00e7\u00fcn Elmira Q\u0259mb\u0259rova, Tatyana Omel\u00e7enko v\u0259 Elis Manolova aras\u0131nda se\u00e7im ed\u0259c\u0259yik. Mariya Stadnik b\u0259rpa olunsa, Minskd\u0259ki m\u0259sul yar\u0131\u015fda \u00e7\u0131x\u0131\u015f ed\u0259c\u0259k.<\/p>\n<p>Alyona Kolesnik (-57 kq), \u0130rina Netreba (-68 kq) v\u0259 S\u0259bir\u0259 \u018fliyeva (-76 kq) \u00f6z \u00e7\u0259kil\u0259rind\u0259 m\u00fcbariz\u0259 aparacaq&#8230; Belarusdak\u0131 yar\u0131\u015fda bir d\u0259st medal qazansaq, bunu u\u011furlu n\u0259tic\u0259 saymaq olar\u201d.oxu.az<\/p>\n","protected":false},"excerpt":{"rendered":"<p>Ma\u015fan\u0131n olmamas\u0131na g\u00f6r\u0259 narahatl\u0131q var idi. T\u0259bii ki, Stadnik ham\u0131n\u0131n yerin\u0259 g\u00fcl\u0259\u015f\u0259si deyildi. ARANTV.AZ\u00a0x\u0259b\u0259r verir ki, bunu Az\u0259rbaycan G\u00fcl\u0259\u015f Federasiyas\u0131n\u0131n sayt\u0131na m\u00fcsahib\u0259sind\u0259 qad\u0131n g\u00fcl\u0259\u015fi \u00fczr\u0259 millimizin ba\u015f m\u0259\u015fq\u00e7isi Aslan A\u011fayev deyib. Qad\u0131nlardan ibar\u0259t y\u0131\u011fmam\u0131z Rum\u0131niyan\u0131n paytaxt\u0131 Buxarestd\u0259 ke\u00e7iril\u0259n Avropa \u00e7empionat\u0131nda u\u011furlu \u00e7\u0131x\u0131\u015fla diqq\u0259ti \u00e7\u0259kdi. Halbuki millimiz qit\u0259 birinciliyin\u0259 lidersiz yollanm\u0131\u015fd\u0131. Ancaq Mariya Stadnik (-50 kq) olmasa bel\u0259, dig\u0259r g\u00fcl\u0259\u015f\u00e7il\u0259rimiz u\u011fur qazana bildi. Elis Manolova (-65 kq) q\u0131z\u0131l, Alyona Kolesnik (-57 kq), Elmira Q\u0259mb\u0259rova (-59 kq) v\u0259 Tatyana Omel\u00e7enko (-62 kq) is\u0259 b\u00fcr\u00fcnc medal qazand\u0131. O, \u0259m\u0259liyyat olundu\u011fu \u00fc\u00e7\u00fcn d\u00fcnya v\u0259&hellip;<\/p>\n","protected":false},"author":2,"featured_media":52230,"comment_status":"closed","ping_status":"closed","sticky":false,"template":"","format":"standard","meta":{"om_disable_all_campaigns":false,"_monsterinsights_skip_tracking":false,"_monsterinsights_sitenote_active":false,"_monsterinsights_sitenote_note":"","_monsterinsights_sitenote_category":0},"categories":[6],"tags":[],"aioseo_notices":[],"gutentor_comment":0,"rttpg_featured_image_url":{"full":["https:\/\/arantv.az\/wp-content\/uploads\/2019\/04\/1-24723-920-485-100-wm-right_bottom-100-imageswmpng.jpg",620,413,false],"landscape":["https:\/\/arantv.az\/wp-content\/uploads\/2019\/04\/1-24723-920-485-100-wm-right_bottom-100-imageswmpng.jpg",620,413,false],"portraits":["https:\/\/arantv.az\/wp-content\/uploads\/2019\/04\/1-24723-920-485-100-wm-right_bottom-100-imageswmpng.jpg",620,413,false],"thumbnail":["https:\/\/arantv.az\/wp-content\/uploads\/2019\/04\/1-24723-920-485-100-wm-right_bottom-100-imageswmpng-150x150.jpg",150,150,true],"medium":["https:\/\/arantv.az\/wp-content\/uploads\/2019\/04\/1-24723-920-485-100-wm-right_bottom-100-imageswmpng-300x200.jpg",300,200,true],"large":["https:\/\/arantv.az\/wp-content\/uploads\/2019\/04\/1-24723-920-485-100-wm-right_bottom-100-imageswmpng.jpg",620,413,false],"1536x1536":["https:\/\/arantv.az\/wp-content\/uploads\/2019\/04\/1-24723-920-485-100-wm-right_bottom-100-imageswmpng.jpg",620,413,false],"2048x2048":["https:\/\/arantv.az\/wp-content\/uploads\/2019\/04\/1-24723-920-485-100-wm-right_bottom-100-imageswmpng.jpg",620,413,false],"post-thumbnail":["https:\/\/arantv.az\/wp-content\/uploads\/2019\/04\/1-24723-920-485-100-wm-right_bottom-100-imageswmpng-240x172.jpg",240,172,true],"advps-thumb-one":["https:\/\/arantv.az\/wp-content\/uploads\/2019\/04\/1-24723-920-485-100-wm-right_bottom-100-imageswmpng.jpg",620,413,false]},"rttpg_author":{"display_name":"V\u00fcsal Rafiqo\u011flu","author_link":"https:\/\/arantv.az\/?author=2"},"rttpg_comment":0,"rttpg_category":"<a href=\"https:\/\/arantv.az\/?cat=6\" rel=\"category\">\u0130dman<\/a>","rttpg_excerpt":"Ma\u015fan\u0131n olmamas\u0131na g\u00f6r\u0259 narahatl\u0131q var idi. T\u0259bii ki, Stadnik ham\u0131n\u0131n yerin\u0259 g\u00fcl\u0259\u015f\u0259si deyildi. ARANTV.AZ\u00a0x\u0259b\u0259r verir ki, bunu Az\u0259rbaycan G\u00fcl\u0259\u015f Federasiyas\u0131n\u0131n sayt\u0131na m\u00fcsahib\u0259sind\u0259 qad\u0131n g\u00fcl\u0259\u015fi \u00fczr\u0259 millimizin ba\u015f m\u0259\u015fq\u00e7isi Aslan A\u011fayev deyib. Qad\u0131nlardan ibar\u0259t y\u0131\u011fmam\u0131z Rum\u0131niyan\u0131n paytaxt\u0131 Buxarestd\u0259 ke\u00e7iril\u0259n Avropa \u00e7empionat\u0131nda u\u011furlu \u00e7\u0131x\u0131\u015fla diqq\u0259ti \u00e7\u0259kdi. Halbuki millimiz qit\u0259 birinciliyin\u0259 lidersiz yollanm\u0131\u015fd\u0131. Ancaq Mariya Stadnik (-50 kq)&hellip;","_links":{"self":[{"href":"https:\/\/arantv.az\/index.php?rest_route=\/wp\/v2\/posts\/52229"}],"collection":[{"href":"https:\/\/arantv.az\/index.php?rest_route=\/wp\/v2\/posts"}],"about":[{"href":"https:\/\/arantv.az\/index.php?rest_route=\/wp\/v2\/types\/post"}],"author":[{"embeddable":true,"href":"https:\/\/arantv.az\/index.php?rest_route=\/wp\/v2\/users\/2"}],"replies":[{"embeddable":true,"href":"https:\/\/arantv.az\/index.php?rest_route=%2Fwp%2Fv2%2Fcomments&post=52229"}],"version-history":[{"count":0,"href":"https:\/\/arantv.az\/index.php?rest_route=\/wp\/v2\/posts\/52229\/revisions"}],"wp:featuredmedia":[{"embeddable":true,"href":"https:\/\/arantv.az\/index.php?rest_route=\/wp\/v2\/media\/52230"}],"wp:attachment":[{"href":"https:\/\/arantv.az\/index.php?rest_route=%2Fwp%2Fv2%2Fmedia&parent=52229"}],"wp:term":[{"taxonomy":"category","embeddable":true,"href":"https:\/\/arantv.az\/index.php?rest_route=%2Fwp%2Fv2%2Fcategories&post=52229"},{"taxonomy":"post_tag","embeddable":true,"href":"https:\/\/arantv.az\/index.php?rest_route=%2Fwp%2Fv2%2Ftags&post=52229"}],"curies":[{"name":"wp","href":"https:\/\/api.w.org\/{rel}","templated":true}]}}