{"id":522327,"date":"2022-10-11T18:15:35","date_gmt":"2022-10-11T15:15:35","guid":{"rendered":"https:\/\/arantv.az\/?p=522327"},"modified":"2022-10-11T18:15:35","modified_gmt":"2022-10-11T15:15:35","slug":"biskekd%c9%99-qirgizistan-az%c9%99rbaycan-dostluq-parki-acilib-2","status":"publish","type":"post","link":"https:\/\/arantv.az\/?p=522327","title":{"rendered":"Bi\u015fkekd\u0259 Q\u0131r\u011f\u0131z\u0131stan-Az\u0259rbaycan Dostluq Park\u0131 a\u00e7\u0131l\u0131b"},"content":{"rendered":"<p>Oktyabr\u0131n 11-d\u0259 Bi\u015fkekd\u0259 Q\u0131r\u011f\u0131z\u0131stan-Az\u0259rbaycan Dostluq Park\u0131n\u0131n a\u00e7\u0131l\u0131\u015f\u0131 olub.<\/p>\n<div class=\"AdviadNativeVideo\"><\/div>\n<p><a href=\"https:\/\/azertag.az\/xeber\/Biskekde_Qirgizistan_Azerbaycan_Dostluq_Parki_achilib_YENILANACAK-2329490\" target=\"_blank\" rel=\"noopener\">AZ\u018fRTAC<\/a>\u00a0x\u0259b\u0259r verir ki, park\u0131n a\u00e7\u0131l\u0131\u015f\u0131nda Az\u0259rbaycan Respublikas\u0131n\u0131n Prezidenti\u00a0<strong>\u0130lham \u018fliyev<\/strong>\u00a0v\u0259 Q\u0131r\u011f\u0131z Respublikas\u0131n\u0131n Prezidenti Sad\u0131r Japarov i\u015ftirak edibl\u0259r.<\/p>\n<p>\u018fvv\u0259lc\u0259 d\u00f6vl\u0259t ba\u015f\u00e7\u0131lar\u0131 park\u0131n a\u00e7\u0131l\u0131\u015f\u0131n\u0131 bildir\u0259n lenti k\u0259sdil\u0259r.<\/p>\n<p>Az\u0259rbaycan Prezidenti \u0130lham \u018fliyev v\u0259 Q\u0131r\u011f\u0131z\u0131stan Prezidenti Sad\u0131r Japarov t\u0259dbird\u0259 \u00e7\u0131x\u0131\u015f etdil\u0259r.<\/p>\n","protected":false},"excerpt":{"rendered":"<p>Oktyabr\u0131n 11-d\u0259 Bi\u015fkekd\u0259 Q\u0131r\u011f\u0131z\u0131stan-Az\u0259rbaycan Dostluq Park\u0131n\u0131n a\u00e7\u0131l\u0131\u015f\u0131 olub. AZ\u018fRTAC\u00a0x\u0259b\u0259r verir ki, park\u0131n a\u00e7\u0131l\u0131\u015f\u0131nda Az\u0259rbaycan Respublikas\u0131n\u0131n Prezidenti\u00a0\u0130lham \u018fliyev\u00a0v\u0259 Q\u0131r\u011f\u0131z Respublikas\u0131n\u0131n Prezidenti Sad\u0131r Japarov i\u015ftirak edibl\u0259r. \u018fvv\u0259lc\u0259 d\u00f6vl\u0259t ba\u015f\u00e7\u0131lar\u0131 park\u0131n a\u00e7\u0131l\u0131\u015f\u0131n\u0131 bildir\u0259n lenti k\u0259sdil\u0259r. Az\u0259rbaycan Prezidenti \u0130lham \u018fliyev v\u0259 Q\u0131r\u011f\u0131z\u0131stan Prezidenti Sad\u0131r Japarov t\u0259dbird\u0259 \u00e7\u0131x\u0131\u015f etdil\u0259r.<\/p>\n","protected":false},"author":2,"featured_media":522328,"comment_status":"closed","ping_status":"closed","sticky":false,"template":"","format":"standard","meta":{"om_disable_all_campaigns":false,"_monsterinsights_skip_tracking":false,"_monsterinsights_sitenote_active":false,"_monsterinsights_sitenote_note":"","_monsterinsights_sitenote_category":0},"categories":[4],"tags":[],"aioseo_notices":[],"gutentor_comment":0,"rttpg_featured_image_url":{"full":["https:\/\/arantv.az\/wp-content\/uploads\/2022\/10\/FotoJet-2022-10-11T191309.017.jpg",620,413,false],"landscape":["https:\/\/arantv.az\/wp-content\/uploads\/2022\/10\/FotoJet-2022-10-11T191309.017.jpg",620,413,false],"portraits":["https:\/\/arantv.az\/wp-content\/uploads\/2022\/10\/FotoJet-2022-10-11T191309.017.jpg",620,413,false],"thumbnail":["https:\/\/arantv.az\/wp-content\/uploads\/2022\/10\/FotoJet-2022-10-11T191309.017-500x280.jpg",500,280,true],"medium":["https:\/\/arantv.az\/wp-content\/uploads\/2022\/10\/FotoJet-2022-10-11T191309.017-548x365.jpg",548,365,true],"large":["https:\/\/arantv.az\/wp-content\/uploads\/2022\/10\/FotoJet-2022-10-11T191309.017.jpg",620,413,false],"1536x1536":["https:\/\/arantv.az\/wp-content\/uploads\/2022\/10\/FotoJet-2022-10-11T191309.017.jpg",620,413,false],"2048x2048":["https:\/\/arantv.az\/wp-content\/uploads\/2022\/10\/FotoJet-2022-10-11T191309.017.jpg",620,413,false],"post-thumbnail":["https:\/\/arantv.az\/wp-content\/uploads\/2022\/10\/FotoJet-2022-10-11T191309.017-240x172.jpg",240,172,true],"advps-thumb-one":["https:\/\/arantv.az\/wp-content\/uploads\/2022\/10\/FotoJet-2022-10-11T191309.017.jpg",620,413,false]},"rttpg_author":{"display_name":"V\u00fcsal Rafiqo\u011flu","author_link":"https:\/\/arantv.az\/?author=2"},"rttpg_comment":0,"rttpg_category":"<a href=\"https:\/\/arantv.az\/?cat=4\" rel=\"category\">Siyas\u0259t<\/a>","rttpg_excerpt":"Oktyabr\u0131n 11-d\u0259 Bi\u015fkekd\u0259 Q\u0131r\u011f\u0131z\u0131stan-Az\u0259rbaycan Dostluq Park\u0131n\u0131n a\u00e7\u0131l\u0131\u015f\u0131 olub. AZ\u018fRTAC\u00a0x\u0259b\u0259r verir ki, park\u0131n a\u00e7\u0131l\u0131\u015f\u0131nda Az\u0259rbaycan Respublikas\u0131n\u0131n Prezidenti\u00a0\u0130lham \u018fliyev\u00a0v\u0259 Q\u0131r\u011f\u0131z Respublikas\u0131n\u0131n Prezidenti Sad\u0131r Japarov i\u015ftirak edibl\u0259r. \u018fvv\u0259lc\u0259 d\u00f6vl\u0259t ba\u015f\u00e7\u0131lar\u0131 park\u0131n a\u00e7\u0131l\u0131\u015f\u0131n\u0131 bildir\u0259n lenti k\u0259sdil\u0259r. Az\u0259rbaycan Prezidenti \u0130lham \u018fliyev v\u0259 Q\u0131r\u011f\u0131z\u0131stan Prezidenti Sad\u0131r Japarov t\u0259dbird\u0259 \u00e7\u0131x\u0131\u015f etdil\u0259r.","_links":{"self":[{"href":"https:\/\/arantv.az\/index.php?rest_route=\/wp\/v2\/posts\/522327"}],"collection":[{"href":"https:\/\/arantv.az\/index.php?rest_route=\/wp\/v2\/posts"}],"about":[{"href":"https:\/\/arantv.az\/index.php?rest_route=\/wp\/v2\/types\/post"}],"author":[{"embeddable":true,"href":"https:\/\/arantv.az\/index.php?rest_route=\/wp\/v2\/users\/2"}],"replies":[{"embeddable":true,"href":"https:\/\/arantv.az\/index.php?rest_route=%2Fwp%2Fv2%2Fcomments&post=522327"}],"version-history":[{"count":0,"href":"https:\/\/arantv.az\/index.php?rest_route=\/wp\/v2\/posts\/522327\/revisions"}],"wp:featuredmedia":[{"embeddable":true,"href":"https:\/\/arantv.az\/index.php?rest_route=\/wp\/v2\/media\/522328"}],"wp:attachment":[{"href":"https:\/\/arantv.az\/index.php?rest_route=%2Fwp%2Fv2%2Fmedia&parent=522327"}],"wp:term":[{"taxonomy":"category","embeddable":true,"href":"https:\/\/arantv.az\/index.php?rest_route=%2Fwp%2Fv2%2Fcategories&post=522327"},{"taxonomy":"post_tag","embeddable":true,"href":"https:\/\/arantv.az\/index.php?rest_route=%2Fwp%2Fv2%2Ftags&post=522327"}],"curies":[{"name":"wp","href":"https:\/\/api.w.org\/{rel}","templated":true}]}}