{"id":522331,"date":"2022-10-11T18:16:22","date_gmt":"2022-10-11T15:16:22","guid":{"rendered":"https:\/\/arantv.az\/?p=522331"},"modified":"2022-10-11T18:16:22","modified_gmt":"2022-10-11T15:16:22","slug":"ilham-%c9%99liyev-qarsiliqli-s%c9%99f%c9%99rl%c9%99r-munasib%c9%99tl%c9%99rimizi-f%c9%99allasdirmaq-%c9%99zmind%c9%99-oldugumuzu-numayis-etdirir-2","status":"publish","type":"post","link":"https:\/\/arantv.az\/?p=522331","title":{"rendered":"\u0130lham \u018fliyev: \u201cQar\u015f\u0131l\u0131ql\u0131 s\u0259f\u0259rl\u0259r m\u00fcnasib\u0259tl\u0259rimizi f\u0259alla\u015fd\u0131rmaq \u0259zmind\u0259 oldu\u011fumuzu n\u00fcmayi\u015f etdirir\u201d"},"content":{"rendered":"<p>H\u0259m xalqlar\u0131m\u0131z aras\u0131nda qarda\u015f xarakterli m\u00fcnasib\u0259tl\u0259r\u0259, h\u0259m d\u0259 Q\u0131r\u011f\u0131z-Az\u0259rbaycan m\u00fcnasib\u0259tl\u0259rinin haz\u0131rk\u0131 v\u0259ziyy\u0259tin\u0259 verdiyiniz qiym\u0259tl\u0259 tam \u015f\u0259rik\u0259m. Qarda\u015f Q\u0131r\u011f\u0131z\u0131stana d\u00f6vl\u0259t s\u0259f\u0259rin\u0259 d\u0259v\u0259t\u0259 g\u00f6r\u0259 bir daha minn\u0259tdarl\u0131\u011f\u0131m\u0131 bildirm\u0259k ist\u0259rdim.<\/p>\n<div class=\"AdviadNativeVideo\"><\/div>\n<p><a href=\"https:\/\/azertag.az\/xeber\/Prezident_Ilham_Aliyev_Qarsiliqli_seferler_munasibetlerimizi_feallasdirmaq_ezminde_oldugumuzu_numayis_etdirir-2329496?fbclid=IwAR0xXM1xK7HRznVmebhzMb4ls8138NHFlqc1HUD7t2iS5nGrYZZYmVPOoDE\" target=\"_blank\" rel=\"noopener\">AZ\u018fRTAC<\/a>\u00a0x\u0259b\u0259r verir ki, bu bar\u0259d\u0259 Prezident\u00a0<strong>\u0130lham \u018fliyev<\/strong>\u00a0Az\u0259rbaycanla Q\u0131r\u011f\u0131z\u0131stan aras\u0131nda Birinci D\u00f6vl\u0259tl\u0259raras\u0131 \u015euran\u0131n geni\u015f t\u0259rkibd\u0259 iclas\u0131nda deyib.<\/p>\n<p>\u0130ndiy\u0259d\u0259k qarda\u015f Q\u0131r\u011f\u0131z torpa\u011f\u0131nda iki d\u0259f\u0259 oldu\u011funu xat\u0131rladan d\u00f6vl\u0259timizin ba\u015f\u00e7\u0131s\u0131 qeyd edib ki, bu s\u0259f\u0259rl\u0259r beyn\u0259lxalq t\u0259dbirl\u0259rd\u0259 i\u015ftirakla ba\u011fl\u0131 olub. Az\u0259rbaycan Prezidenti q\u0131r\u011f\u0131z\u0131stanl\u0131 h\u0259mkar\u0131na m\u00fcraci\u0259tl\u0259 deyib:<\/p>\n<p>\u201cQ\u0131r\u011f\u0131z\u0131stana r\u0259smi d\u00f6vl\u0259t s\u0259f\u0259rim ilk d\u0259f\u0259dir v\u0259 o, dem\u0259k olar, Sizin r\u0259smi s\u0259f\u0259rinizd\u0259n yar\u0131m il sonra h\u0259yata ke\u00e7ir. Bu da m\u00fcnasib\u0259tl\u0259rimizi f\u0259alla\u015fd\u0131rmaq \u0259zmind\u0259 oldu\u011fumuzu n\u00fcmayi\u015f etdirir\u201d.<\/p>\n","protected":false},"excerpt":{"rendered":"<p>H\u0259m xalqlar\u0131m\u0131z aras\u0131nda qarda\u015f xarakterli m\u00fcnasib\u0259tl\u0259r\u0259, h\u0259m d\u0259 Q\u0131r\u011f\u0131z-Az\u0259rbaycan m\u00fcnasib\u0259tl\u0259rinin haz\u0131rk\u0131 v\u0259ziyy\u0259tin\u0259 verdiyiniz qiym\u0259tl\u0259 tam \u015f\u0259rik\u0259m. Qarda\u015f Q\u0131r\u011f\u0131z\u0131stana d\u00f6vl\u0259t s\u0259f\u0259rin\u0259 d\u0259v\u0259t\u0259 g\u00f6r\u0259 bir daha minn\u0259tdarl\u0131\u011f\u0131m\u0131 bildirm\u0259k ist\u0259rdim. AZ\u018fRTAC\u00a0x\u0259b\u0259r verir ki, bu bar\u0259d\u0259 Prezident\u00a0\u0130lham \u018fliyev\u00a0Az\u0259rbaycanla Q\u0131r\u011f\u0131z\u0131stan aras\u0131nda Birinci D\u00f6vl\u0259tl\u0259raras\u0131 \u015euran\u0131n geni\u015f t\u0259rkibd\u0259 iclas\u0131nda deyib. \u0130ndiy\u0259d\u0259k qarda\u015f Q\u0131r\u011f\u0131z torpa\u011f\u0131nda iki d\u0259f\u0259 oldu\u011funu xat\u0131rladan d\u00f6vl\u0259timizin ba\u015f\u00e7\u0131s\u0131 qeyd edib ki, bu s\u0259f\u0259rl\u0259r beyn\u0259lxalq t\u0259dbirl\u0259rd\u0259 i\u015ftirakla ba\u011fl\u0131 olub. Az\u0259rbaycan Prezidenti q\u0131r\u011f\u0131z\u0131stanl\u0131 h\u0259mkar\u0131na m\u00fcraci\u0259tl\u0259 deyib: \u201cQ\u0131r\u011f\u0131z\u0131stana r\u0259smi d\u00f6vl\u0259t s\u0259f\u0259rim ilk d\u0259f\u0259dir v\u0259 o, dem\u0259k olar, Sizin r\u0259smi s\u0259f\u0259rinizd\u0259n yar\u0131m il sonra h\u0259yata ke\u00e7ir. Bu da m\u00fcnasib\u0259tl\u0259rimizi&hellip;<\/p>\n","protected":false},"author":2,"featured_media":522319,"comment_status":"closed","ping_status":"closed","sticky":false,"template":"","format":"standard","meta":{"om_disable_all_campaigns":false,"_monsterinsights_skip_tracking":false,"_monsterinsights_sitenote_active":false,"_monsterinsights_sitenote_note":"","_monsterinsights_sitenote_category":0},"categories":[4],"tags":[],"aioseo_notices":[],"gutentor_comment":0,"rttpg_featured_image_url":{"full":["https:\/\/arantv.az\/wp-content\/uploads\/2022\/10\/FotoJet-26-1.jpg",620,413,false],"landscape":["https:\/\/arantv.az\/wp-content\/uploads\/2022\/10\/FotoJet-26-1.jpg",620,413,false],"portraits":["https:\/\/arantv.az\/wp-content\/uploads\/2022\/10\/FotoJet-26-1.jpg",620,413,false],"thumbnail":["https:\/\/arantv.az\/wp-content\/uploads\/2022\/10\/FotoJet-26-1-500x280.jpg",500,280,true],"medium":["https:\/\/arantv.az\/wp-content\/uploads\/2022\/10\/FotoJet-26-1-548x365.jpg",548,365,true],"large":["https:\/\/arantv.az\/wp-content\/uploads\/2022\/10\/FotoJet-26-1.jpg",620,413,false],"1536x1536":["https:\/\/arantv.az\/wp-content\/uploads\/2022\/10\/FotoJet-26-1.jpg",620,413,false],"2048x2048":["https:\/\/arantv.az\/wp-content\/uploads\/2022\/10\/FotoJet-26-1.jpg",620,413,false],"post-thumbnail":["https:\/\/arantv.az\/wp-content\/uploads\/2022\/10\/FotoJet-26-1-240x172.jpg",240,172,true],"advps-thumb-one":["https:\/\/arantv.az\/wp-content\/uploads\/2022\/10\/FotoJet-26-1.jpg",620,413,false]},"rttpg_author":{"display_name":"V\u00fcsal Rafiqo\u011flu","author_link":"https:\/\/arantv.az\/?author=2"},"rttpg_comment":0,"rttpg_category":"<a href=\"https:\/\/arantv.az\/?cat=4\" rel=\"category\">Siyas\u0259t<\/a>","rttpg_excerpt":"H\u0259m xalqlar\u0131m\u0131z aras\u0131nda qarda\u015f xarakterli m\u00fcnasib\u0259tl\u0259r\u0259, h\u0259m d\u0259 Q\u0131r\u011f\u0131z-Az\u0259rbaycan m\u00fcnasib\u0259tl\u0259rinin haz\u0131rk\u0131 v\u0259ziyy\u0259tin\u0259 verdiyiniz qiym\u0259tl\u0259 tam \u015f\u0259rik\u0259m. Qarda\u015f Q\u0131r\u011f\u0131z\u0131stana d\u00f6vl\u0259t s\u0259f\u0259rin\u0259 d\u0259v\u0259t\u0259 g\u00f6r\u0259 bir daha minn\u0259tdarl\u0131\u011f\u0131m\u0131 bildirm\u0259k ist\u0259rdim. AZ\u018fRTAC\u00a0x\u0259b\u0259r verir ki, bu bar\u0259d\u0259 Prezident\u00a0\u0130lham \u018fliyev\u00a0Az\u0259rbaycanla Q\u0131r\u011f\u0131z\u0131stan aras\u0131nda Birinci D\u00f6vl\u0259tl\u0259raras\u0131 \u015euran\u0131n geni\u015f t\u0259rkibd\u0259 iclas\u0131nda deyib. \u0130ndiy\u0259d\u0259k qarda\u015f Q\u0131r\u011f\u0131z torpa\u011f\u0131nda iki d\u0259f\u0259 oldu\u011funu xat\u0131rladan d\u00f6vl\u0259timizin ba\u015f\u00e7\u0131s\u0131 qeyd edib&hellip;","_links":{"self":[{"href":"https:\/\/arantv.az\/index.php?rest_route=\/wp\/v2\/posts\/522331"}],"collection":[{"href":"https:\/\/arantv.az\/index.php?rest_route=\/wp\/v2\/posts"}],"about":[{"href":"https:\/\/arantv.az\/index.php?rest_route=\/wp\/v2\/types\/post"}],"author":[{"embeddable":true,"href":"https:\/\/arantv.az\/index.php?rest_route=\/wp\/v2\/users\/2"}],"replies":[{"embeddable":true,"href":"https:\/\/arantv.az\/index.php?rest_route=%2Fwp%2Fv2%2Fcomments&post=522331"}],"version-history":[{"count":0,"href":"https:\/\/arantv.az\/index.php?rest_route=\/wp\/v2\/posts\/522331\/revisions"}],"wp:featuredmedia":[{"embeddable":true,"href":"https:\/\/arantv.az\/index.php?rest_route=\/wp\/v2\/media\/522319"}],"wp:attachment":[{"href":"https:\/\/arantv.az\/index.php?rest_route=%2Fwp%2Fv2%2Fmedia&parent=522331"}],"wp:term":[{"taxonomy":"category","embeddable":true,"href":"https:\/\/arantv.az\/index.php?rest_route=%2Fwp%2Fv2%2Fcategories&post=522331"},{"taxonomy":"post_tag","embeddable":true,"href":"https:\/\/arantv.az\/index.php?rest_route=%2Fwp%2Fv2%2Ftags&post=522331"}],"curies":[{"name":"wp","href":"https:\/\/api.w.org\/{rel}","templated":true}]}}