{"id":522333,"date":"2022-10-11T18:19:11","date_gmt":"2022-10-11T15:19:11","guid":{"rendered":"https:\/\/arantv.az\/?p=522333"},"modified":"2022-10-11T18:19:11","modified_gmt":"2022-10-11T15:19:11","slug":"prezident-az%c9%99rbaycan-v%c9%99-qirgizistan-turkdilli-dovl%c9%99tl%c9%99rin-munasib%c9%99tl%c9%99rinin-mohk%c9%99ml%c9%99nm%c9%99sin%c9%99-tohf%c9%99-verir-2","status":"publish","type":"post","link":"https:\/\/arantv.az\/?p=522333","title":{"rendered":"Prezident: \u201cAz\u0259rbaycan v\u0259 Q\u0131r\u011f\u0131z\u0131stan t\u00fcrkdilli d\u00f6vl\u0259tl\u0259rin m\u00fcnasib\u0259tl\u0259rinin m\u00f6hk\u0259ml\u0259nm\u0259sin\u0259 t\u00f6hf\u0259 verir\u201d"},"content":{"rendered":"<p>\u201cBu g\u00fcn T\u00fcrk d\u00fcnyas\u0131 yeni potensial \u0259ld\u0259 edir, h\u0259m Az\u0259rbaycan, h\u0259m Q\u0131r\u011f\u0131z\u0131stan t\u00fcrkdilli d\u00f6vl\u0259tl\u0259r aras\u0131nda qarda\u015fl\u0131q m\u00fcnasib\u0259tl\u0259rinin m\u00f6hk\u0259ml\u0259nm\u0259sin\u0259 f\u0259al t\u00f6hf\u0259 verir\u201d.<\/p>\n<div class=\"AdviadNativeVideo\"><\/div>\n<p><a href=\"https:\/\/azertag.az\/xeber\/Prezident_Ilham_Aliyev_Azerbaycan_ve_Qirgizistan_turkdilli_dovletler_arasinda_qardasliq_munasibetlerinin_mohkemlenmesine_feal_tohfe_verir-2329520?fbclid=IwAR1uFxNZsmb9nkvoQdYA-GMl2TxpgHp_tiHG22ceHWNAKsA78jsdmgso5iA\" target=\"_blank\" rel=\"noopener\">AZ\u018fRTAC<\/a>\u00a0x\u0259b\u0259r verir ki, bu fikirl\u0259ri Prezident\u00a0<strong>\u0130lham \u018fliyev<\/strong>\u00a0Az\u0259rbaycanla Q\u0131r\u011f\u0131z\u0131stan aras\u0131nda Birinci D\u00f6vl\u0259tl\u0259raras\u0131 \u015euran\u0131n geni\u015f t\u0259rkibd\u0259 iclas\u0131nda s\u00f6yl\u0259yib.<\/p>\n<p>D\u00f6vl\u0259timizin ba\u015f\u00e7\u0131s\u0131 deyib:<\/p>\n<p>\u201cG\u0259l\u0259n ay ke\u00e7iril\u0259c\u0259k zirv\u0259 g\u00f6r\u00fc\u015f\u00fc, fikrimc\u0259, bizim h\u0259mr\u0259yliyimizin m\u00f6hk\u0259ml\u0259nm\u0259si i\u015find\u0259 daha bir add\u0131m olacaq. Biz daim m\u00fcst\u0259qillik v\u0259 milli l\u0259yaq\u0259t yolu il\u0259 getm\u0259k \u00fc\u00e7\u00fcn \u00f6z k\u00f6kl\u0259rimiz\u0259 yax\u0131n olmal\u0131, \u00f6z \u0259n\u0259n\u0259l\u0259rimiz\u0259, \u0259cdadlar\u0131m\u0131z\u0131n v\u0259siyy\u0259tl\u0259rin\u0259 s\u00f6yk\u0259nm\u0259li v\u0259 xalqlar\u0131m\u0131z\u0131n unikal m\u0259d\u0259niyy\u0259tini qoruyub saxlamal\u0131y\u0131q\u201d.<\/p>\n","protected":false},"excerpt":{"rendered":"<p>\u201cBu g\u00fcn T\u00fcrk d\u00fcnyas\u0131 yeni potensial \u0259ld\u0259 edir, h\u0259m Az\u0259rbaycan, h\u0259m Q\u0131r\u011f\u0131z\u0131stan t\u00fcrkdilli d\u00f6vl\u0259tl\u0259r aras\u0131nda qarda\u015fl\u0131q m\u00fcnasib\u0259tl\u0259rinin m\u00f6hk\u0259ml\u0259nm\u0259sin\u0259 f\u0259al t\u00f6hf\u0259 verir\u201d. AZ\u018fRTAC\u00a0x\u0259b\u0259r verir ki, bu fikirl\u0259ri Prezident\u00a0\u0130lham \u018fliyev\u00a0Az\u0259rbaycanla Q\u0131r\u011f\u0131z\u0131stan aras\u0131nda Birinci D\u00f6vl\u0259tl\u0259raras\u0131 \u015euran\u0131n geni\u015f t\u0259rkibd\u0259 iclas\u0131nda s\u00f6yl\u0259yib. D\u00f6vl\u0259timizin ba\u015f\u00e7\u0131s\u0131 deyib: \u201cG\u0259l\u0259n ay ke\u00e7iril\u0259c\u0259k zirv\u0259 g\u00f6r\u00fc\u015f\u00fc, fikrimc\u0259, bizim h\u0259mr\u0259yliyimizin m\u00f6hk\u0259ml\u0259nm\u0259si i\u015find\u0259 daha bir add\u0131m olacaq. Biz daim m\u00fcst\u0259qillik v\u0259 milli l\u0259yaq\u0259t yolu il\u0259 getm\u0259k \u00fc\u00e7\u00fcn \u00f6z k\u00f6kl\u0259rimiz\u0259 yax\u0131n olmal\u0131, \u00f6z \u0259n\u0259n\u0259l\u0259rimiz\u0259, \u0259cdadlar\u0131m\u0131z\u0131n v\u0259siyy\u0259tl\u0259rin\u0259 s\u00f6yk\u0259nm\u0259li v\u0259 xalqlar\u0131m\u0131z\u0131n unikal m\u0259d\u0259niyy\u0259tini qoruyub saxlamal\u0131y\u0131q\u201d.<\/p>\n","protected":false},"author":2,"featured_media":522334,"comment_status":"closed","ping_status":"closed","sticky":false,"template":"","format":"standard","meta":{"om_disable_all_campaigns":false,"_monsterinsights_skip_tracking":false,"_monsterinsights_sitenote_active":false,"_monsterinsights_sitenote_note":"","_monsterinsights_sitenote_category":0},"categories":[4],"tags":[],"aioseo_notices":[],"gutentor_comment":0,"rttpg_featured_image_url":{"full":["https:\/\/arantv.az\/wp-content\/uploads\/2022\/10\/FotoJet-27-2.jpg",620,413,false],"landscape":["https:\/\/arantv.az\/wp-content\/uploads\/2022\/10\/FotoJet-27-2.jpg",620,413,false],"portraits":["https:\/\/arantv.az\/wp-content\/uploads\/2022\/10\/FotoJet-27-2.jpg",620,413,false],"thumbnail":["https:\/\/arantv.az\/wp-content\/uploads\/2022\/10\/FotoJet-27-2-500x280.jpg",500,280,true],"medium":["https:\/\/arantv.az\/wp-content\/uploads\/2022\/10\/FotoJet-27-2-548x365.jpg",548,365,true],"large":["https:\/\/arantv.az\/wp-content\/uploads\/2022\/10\/FotoJet-27-2.jpg",620,413,false],"1536x1536":["https:\/\/arantv.az\/wp-content\/uploads\/2022\/10\/FotoJet-27-2.jpg",620,413,false],"2048x2048":["https:\/\/arantv.az\/wp-content\/uploads\/2022\/10\/FotoJet-27-2.jpg",620,413,false],"post-thumbnail":["https:\/\/arantv.az\/wp-content\/uploads\/2022\/10\/FotoJet-27-2-240x172.jpg",240,172,true],"advps-thumb-one":["https:\/\/arantv.az\/wp-content\/uploads\/2022\/10\/FotoJet-27-2.jpg",620,413,false]},"rttpg_author":{"display_name":"V\u00fcsal Rafiqo\u011flu","author_link":"https:\/\/arantv.az\/?author=2"},"rttpg_comment":0,"rttpg_category":"<a href=\"https:\/\/arantv.az\/?cat=4\" rel=\"category\">Siyas\u0259t<\/a>","rttpg_excerpt":"\u201cBu g\u00fcn T\u00fcrk d\u00fcnyas\u0131 yeni potensial \u0259ld\u0259 edir, h\u0259m Az\u0259rbaycan, h\u0259m Q\u0131r\u011f\u0131z\u0131stan t\u00fcrkdilli d\u00f6vl\u0259tl\u0259r aras\u0131nda qarda\u015fl\u0131q m\u00fcnasib\u0259tl\u0259rinin m\u00f6hk\u0259ml\u0259nm\u0259sin\u0259 f\u0259al t\u00f6hf\u0259 verir\u201d. AZ\u018fRTAC\u00a0x\u0259b\u0259r verir ki, bu fikirl\u0259ri Prezident\u00a0\u0130lham \u018fliyev\u00a0Az\u0259rbaycanla Q\u0131r\u011f\u0131z\u0131stan aras\u0131nda Birinci D\u00f6vl\u0259tl\u0259raras\u0131 \u015euran\u0131n geni\u015f t\u0259rkibd\u0259 iclas\u0131nda s\u00f6yl\u0259yib. D\u00f6vl\u0259timizin ba\u015f\u00e7\u0131s\u0131 deyib: \u201cG\u0259l\u0259n ay ke\u00e7iril\u0259c\u0259k zirv\u0259 g\u00f6r\u00fc\u015f\u00fc, fikrimc\u0259, bizim h\u0259mr\u0259yliyimizin m\u00f6hk\u0259ml\u0259nm\u0259si i\u015find\u0259 daha bir add\u0131m olacaq. Biz&hellip;","_links":{"self":[{"href":"https:\/\/arantv.az\/index.php?rest_route=\/wp\/v2\/posts\/522333"}],"collection":[{"href":"https:\/\/arantv.az\/index.php?rest_route=\/wp\/v2\/posts"}],"about":[{"href":"https:\/\/arantv.az\/index.php?rest_route=\/wp\/v2\/types\/post"}],"author":[{"embeddable":true,"href":"https:\/\/arantv.az\/index.php?rest_route=\/wp\/v2\/users\/2"}],"replies":[{"embeddable":true,"href":"https:\/\/arantv.az\/index.php?rest_route=%2Fwp%2Fv2%2Fcomments&post=522333"}],"version-history":[{"count":0,"href":"https:\/\/arantv.az\/index.php?rest_route=\/wp\/v2\/posts\/522333\/revisions"}],"wp:featuredmedia":[{"embeddable":true,"href":"https:\/\/arantv.az\/index.php?rest_route=\/wp\/v2\/media\/522334"}],"wp:attachment":[{"href":"https:\/\/arantv.az\/index.php?rest_route=%2Fwp%2Fv2%2Fmedia&parent=522333"}],"wp:term":[{"taxonomy":"category","embeddable":true,"href":"https:\/\/arantv.az\/index.php?rest_route=%2Fwp%2Fv2%2Fcategories&post=522333"},{"taxonomy":"post_tag","embeddable":true,"href":"https:\/\/arantv.az\/index.php?rest_route=%2Fwp%2Fv2%2Ftags&post=522333"}],"curies":[{"name":"wp","href":"https:\/\/api.w.org\/{rel}","templated":true}]}}