{"id":522345,"date":"2022-10-11T18:33:52","date_gmt":"2022-10-11T15:33:52","guid":{"rendered":"https:\/\/arantv.az\/?p=522345"},"modified":"2022-10-11T18:33:52","modified_gmt":"2022-10-11T15:33:52","slug":"birinci-vitse-prezident-mehriban-%c9%99liyeva-m%c9%99n-dunya-birliyini-bas-ver%c9%99n-bu-hadis%c9%99l%c9%99r%c9%99-laqeyd-qalmamaga-cagiriram-11-10-2020","status":"publish","type":"post","link":"https:\/\/arantv.az\/?p=522345","title":{"rendered":"Birinci vitse-prezident Mehriban \u018fliyeva: M\u0259n d\u00fcnya birliyini ba\u015f ver\u0259n bu hadis\u0259l\u0259r\u0259 laqeyd qalmama\u011fa \u00e7a\u011f\u0131r\u0131ram- 11.10.2020"},"content":{"rendered":"<div class=\"content lead font-weight-normal\">\n<p>Az\u0259rbaycan Respublikas\u0131n\u0131n Birinci vitse-prezidenti Mehriban \u018fliyeva G\u0259nc\u0259 \u015f\u0259h\u0259rinin Erm\u0259nistan silahl\u0131 q\u00fcvv\u0259l\u0259ri t\u0259r\u0259find\u0259n raket at\u0259\u015fin\u0259 tutulmas\u0131 il\u0259 \u0259laq\u0259dar r\u0259smi \u201cInstagram\u201d s\u0259hif\u0259sind\u0259 payla\u015f\u0131m edib.<\/p>\n<p><strong>ARANTV.AZ x\u0259b\u0259r verir ki,<\/strong>\u00a0 payla\u015f\u0131mda deyilir:<\/p>\n<p>\u201cErm\u0259nistan silahl\u0131 q\u00fcvv\u0259l\u0259ri Az\u0259rbaycan\u0131n ya\u015fay\u0131\u015f m\u0259nt\u0259q\u0259l\u0259rini intensiv at\u0259\u015f\u0259 tutmaqda davam edirl\u0259r. Bu, humanitar at\u0259\u015fk\u0259s rejiminin, habel\u0259 1949-cu il Cenevr\u0259 konvensiyalar\u0131n\u0131n kobud \u015f\u0259kild\u0259 pozulmas\u0131 dem\u0259kdir.<\/p>\n<p>Bu gec\u0259 saat 2 rad\u0259l\u0259rind\u0259 G\u0259nc\u0259 \u015f\u0259h\u0259rin\u0259 amans\u0131zl\u0131\u011f\u0131na g\u00f6r\u0259 misli g\u00f6r\u00fcnm\u0259mi\u015f z\u0259rb\u0259 endirilib.<\/p>\n<p>\u018fld\u0259 olan m\u0259lumata g\u00f6r\u0259, raket at\u0259\u015fi n\u0259tic\u0259sind\u0259 9 n\u0259f\u0259r (o c\u00fcml\u0259d\u0259n 4 qad\u0131n) h\u0259lak olub, 34 n\u0259f\u0259r yaralan\u0131b, \u00e7oxsayl\u0131 m\u00fclki obyektl\u0259r\u0259 ciddi ziyan vurulub.<\/p>\n<p>Bizim \u015f\u0259h\u0259rl\u0259rin v\u0259 k\u0259ndl\u0259rin at\u0259\u015f\u0259 tutulmas\u0131 dem\u0259k olar ki, d\u00fcn\u0259n b\u00fct\u00fcn g\u00fcn \u0259rzind\u0259 davam edib. Humanitar at\u0259\u015fk\u0259s rejiminin q\u00fcvv\u0259y\u0259 mindiyi andan erm\u0259nil\u0259r t\u0259r\u0259find\u0259n Az\u0259rbaycan Respublikas\u0131n\u0131n bir s\u0131ra rayonlar\u0131na 548 m\u0259rmi at\u0131l\u0131b.<\/p>\n<p>D\u00f6y\u00fc\u015f meydan\u0131nda m\u0259\u011flub olmas\u0131 il\u0259 bar\u0131\u015fa bilm\u0259y\u0259n erm\u0259ni t\u0259r\u0259fi m\u0259qs\u0259dy\u00f6nl\u00fc \u015f\u0259kild\u0259 dinc \u0259haliy\u0259 h\u00fccum edir.<\/p>\n<p>M\u0259n d\u00fcnya birliyini ba\u015f ver\u0259n bu hadis\u0259l\u0259r\u0259 laqeyd qalmama\u011fa \u00e7a\u011f\u0131r\u0131ram.<\/p>\n<p>Beyn\u0259lxalq t\u0259\u015fkilatlar, h\u00fcquq m\u00fcdafi\u0259 strukturlar\u0131, k\u00fctl\u0259vi informasiya vasit\u0259l\u0259ri v\u0259 ictimai r\u0259yin liderl\u0259ri Az\u0259rbaycan\u0131n m\u00fclki \u0259halisin\u0259 qar\u015f\u0131 bu c\u00fcr v\u0259h\u015fic\u0259sin\u0259 amans\u0131zl\u0131\u011f\u0131 k\u0259skin pisl\u0259m\u0259lidirl\u0259r.<\/p>\n<p>Yerevan beyn\u0259lxalq konvensiyalara, habel\u0259 BMT T\u0259hl\u00fck\u0259sizlik \u015euras\u0131n\u0131n erm\u0259ni i\u015f\u011fal\u00e7\u0131 q\u00fcvv\u0259l\u0259rini Az\u0259rbaycana qar\u015f\u0131 t\u0259cav\u00fcz\u0259 son qoyma\u011fa \u00e7a\u011f\u0131ran q\u0259tnam\u0259l\u0259rin\u0259 etinas\u0131zl\u0131\u011f\u0131 dayand\u0131rmal\u0131d\u0131r.<\/p>\n<p>Rusiyan\u0131n vasit\u0259\u00e7iliyi il\u0259 Moskvada \u0259ld\u0259 edilmi\u015f raz\u0131la\u015fmalara a\u00e7\u0131q-a\u015fkar h\u00f6rm\u0259tsizlik n\u00fcmayi\u015f etdir\u0259n Erm\u0259nistan C\u0259nubi Qafqazda n\u0259tic\u0259l\u0259ri onun \u00fc\u00e7\u00fcn da\u011f\u0131d\u0131c\u0131 olacaq m\u00fcharib\u0259nin yeni m\u0259rh\u0259l\u0259sin\u0259 t\u0259hrik edir.<\/p>\n<p><strong>\u018fziz h\u0259mv\u0259t\u0259nl\u0259r!<\/strong><\/p>\n<p>Bu g\u00fcn siz xalq\u0131m\u0131z\u0131n birlik, h\u0259mr\u0259ylik, \u015f\u0259fq\u0259t v\u0259 qar\u015f\u0131l\u0131ql\u0131 yard\u0131m kimi \u0259n yax\u015f\u0131 x\u00fcsusiyy\u0259tl\u0259rini n\u00fcmayi\u015f etdirirsiniz. Bu, b\u00f6y\u00fck q\u00fcrur hissi ya\u015fatmaya bilm\u0259z! H\u0259qiq\u0259t v\u0259 \u0259dal\u0259t bizim t\u0259r\u0259fimizd\u0259dir! Biz z\u0259f\u0259r \u00e7alaca\u011f\u0131q! Allah h\u0259lak olanlara r\u0259hm\u0259t el\u0259sin. X\u0259sar\u0259t alanlar\u0131n tezlikl\u0259 sa\u011falmas\u0131n\u0131 arzulay\u0131ram. Uca Tanr\u0131 bizim Ordumuzu, xalq\u0131m\u0131z\u0131 v\u0259 V\u0259t\u0259nimizi qorusun! Qaraba\u011f Az\u0259rbaycand\u0131r!\u201d.<\/p>\n<div class=\"clearfix\"><\/div>\n<\/div>\n<div class=\"fotorama--hidden\"><\/div>\n<div id=\"galleryList\" class=\"fotorama fotorama1665502335452\" data-nav=\"thumbs\" data-width=\"100%\" data-thumbwidth=\"90\" data-thumbheight=\"60\" data-allowfullscreen=\"true\" data-autoplay=\"3000\" data-ratio=\"1.5\" data-keyboard=\"true\" data-fit=\"contain\">\n<div class=\"fotorama__wrap fotorama__wrap--css3 fotorama__wrap--slide fotorama__wrap--toggle-arrows fotorama__wrap--no-controls\">\n<div class=\"fotorama__stage\">\n<div class=\"fotorama__fullscreen-icon\" tabindex=\"0\" role=\"button\"><\/div>\n<div class=\"fotorama__stage__shaft\">\n<div class=\"fotorama__stage__frame fotorama__loaded fotorama__loaded--img\"><img class=\"fotorama__img\" src=\"http:\/\/ikisahil.az\/photo\/0x0_2\/upload\/gallery\/2022\/10\/10\/-e45823af166539092114432688610359223.jpg\" \/><\/div>\n<div class=\"fotorama__stage__frame fotorama__loaded fotorama__loaded--img fotorama__active\"><img class=\"fotorama__img\" src=\"http:\/\/ikisahil.az\/photo\/0x0_2\/upload\/gallery\/2022\/10\/10\/-8cc0225c166539092168877994610462403.jpg\" \/><\/div>\n<div class=\"fotorama__stage__frame fotorama__loaded fotorama__loaded--img\"><img class=\"fotorama__img\" src=\"http:\/\/ikisahil.az\/photo\/0x0_2\/upload\/gallery\/2022\/10\/10\/-ae587cfe166539092161019056310631728.jpg\" \/><\/div>\n<\/div>\n<div class=\"fotorama__arr fotorama__arr--prev fotorama__arr--disabled\" tabindex=\"-1\" role=\"button\"><\/div>\n<div class=\"fotorama__arr fotorama__arr--next\" tabindex=\"0\" role=\"button\"><\/div>\n<div class=\"fotorama__video-close\"><\/div>\n<\/div>\n<div class=\"fotorama__nav-wrap\">\n<div class=\"fotorama__nav fotorama__nav--thumbs\">\n<div class=\"fotorama__nav__shaft\">\n<div class=\"fotorama__thumb-border\"><\/div>\n<div class=\"fotorama__nav__frame fotorama__nav__frame--thumb fotorama__active\" tabindex=\"0\" role=\"button\">\n<div class=\"fotorama__thumb fotorama__loaded fotorama__loaded--img\"><img class=\"fotorama__img\" src=\"http:\/\/ikisahil.az\/photo\/150x100_2\/upload\/gallery\/2022\/10\/10\/-ae587cfe166539092161019056310631728.jpg\" \/><\/div>\n<\/div>\n<div class=\"fotorama__nav__frame fotorama__nav__frame--thumb\" tabindex=\"0\" role=\"button\">\n<div class=\"fotorama__thumb fotorama__loaded fotorama__loaded--img\"><img class=\"fotorama__img\" src=\"http:\/\/ikisahil.az\/photo\/150x100_2\/upload\/gallery\/2022\/10\/10\/-e45823af166539092114432688610359223.jpg\" \/><\/div>\n<\/div>\n<div class=\"fotorama__nav__frame fotorama__nav__frame--thumb\" tabindex=\"0\" role=\"button\">\n<div class=\"fotorama__thumb fotorama__loaded fotorama__loaded--img\"><img class=\"fotorama__img\" src=\"http:\/\/ikisahil.az\/photo\/150x100_2\/upload\/gallery\/2022\/10\/10\/-8cc0225c166539092168877994610462403.jpg\" \/><\/div>\n<\/div>\n<\/div>\n<\/div>\n<\/div>\n<\/div>\n<\/div>\n<div class=\"sharing my-2 row no-gutters d-print-none\">\n<div class=\"col-md-3\"><\/div>\n<\/div>\n","protected":false},"excerpt":{"rendered":"<p>Az\u0259rbaycan Respublikas\u0131n\u0131n Birinci vitse-prezidenti Mehriban \u018fliyeva G\u0259nc\u0259 \u015f\u0259h\u0259rinin Erm\u0259nistan silahl\u0131 q\u00fcvv\u0259l\u0259ri t\u0259r\u0259find\u0259n raket at\u0259\u015fin\u0259 tutulmas\u0131 il\u0259 \u0259laq\u0259dar r\u0259smi \u201cInstagram\u201d s\u0259hif\u0259sind\u0259 payla\u015f\u0131m edib. ARANTV.AZ x\u0259b\u0259r verir ki,\u00a0 payla\u015f\u0131mda deyilir: \u201cErm\u0259nistan silahl\u0131 q\u00fcvv\u0259l\u0259ri Az\u0259rbaycan\u0131n ya\u015fay\u0131\u015f m\u0259nt\u0259q\u0259l\u0259rini intensiv at\u0259\u015f\u0259 tutmaqda davam edirl\u0259r. Bu, humanitar at\u0259\u015fk\u0259s rejiminin, habel\u0259 1949-cu il Cenevr\u0259 konvensiyalar\u0131n\u0131n kobud \u015f\u0259kild\u0259 pozulmas\u0131 dem\u0259kdir. Bu gec\u0259 saat 2 rad\u0259l\u0259rind\u0259 G\u0259nc\u0259 \u015f\u0259h\u0259rin\u0259 amans\u0131zl\u0131\u011f\u0131na g\u00f6r\u0259 misli g\u00f6r\u00fcnm\u0259mi\u015f z\u0259rb\u0259 endirilib. \u018fld\u0259 olan m\u0259lumata g\u00f6r\u0259, raket at\u0259\u015fi n\u0259tic\u0259sind\u0259 9 n\u0259f\u0259r (o c\u00fcml\u0259d\u0259n 4 qad\u0131n) h\u0259lak olub, 34 n\u0259f\u0259r yaralan\u0131b, \u00e7oxsayl\u0131 m\u00fclki obyektl\u0259r\u0259 ciddi ziyan vurulub. Bizim&hellip;<\/p>\n","protected":false},"author":2,"featured_media":522346,"comment_status":"closed","ping_status":"closed","sticky":false,"template":"","format":"standard","meta":{"om_disable_all_campaigns":false,"_monsterinsights_skip_tracking":false,"_monsterinsights_sitenote_active":false,"_monsterinsights_sitenote_note":"","_monsterinsights_sitenote_category":0},"categories":[4],"tags":[],"aioseo_notices":[],"gutentor_comment":0,"rttpg_featured_image_url":{"full":["https:\/\/arantv.az\/wp-content\/uploads\/2022\/10\/75da5036161431942849702551510969554.jpg",975,540,false],"landscape":["https:\/\/arantv.az\/wp-content\/uploads\/2022\/10\/75da5036161431942849702551510969554.jpg",975,540,false],"portraits":["https:\/\/arantv.az\/wp-content\/uploads\/2022\/10\/75da5036161431942849702551510969554.jpg",975,540,false],"thumbnail":["https:\/\/arantv.az\/wp-content\/uploads\/2022\/10\/75da5036161431942849702551510969554-500x280.jpg",500,280,true],"medium":["https:\/\/arantv.az\/wp-content\/uploads\/2022\/10\/75da5036161431942849702551510969554-660x365.jpg",660,365,true],"large":["https:\/\/arantv.az\/wp-content\/uploads\/2022\/10\/75da5036161431942849702551510969554-840x465.jpg",640,354,true],"1536x1536":["https:\/\/arantv.az\/wp-content\/uploads\/2022\/10\/75da5036161431942849702551510969554.jpg",975,540,false],"2048x2048":["https:\/\/arantv.az\/wp-content\/uploads\/2022\/10\/75da5036161431942849702551510969554.jpg",975,540,false],"post-thumbnail":["https:\/\/arantv.az\/wp-content\/uploads\/2022\/10\/75da5036161431942849702551510969554-240x172.jpg",240,172,true],"advps-thumb-one":["https:\/\/arantv.az\/wp-content\/uploads\/2022\/10\/75da5036161431942849702551510969554.jpg",975,540,false]},"rttpg_author":{"display_name":"V\u00fcsal Rafiqo\u011flu","author_link":"https:\/\/arantv.az\/?author=2"},"rttpg_comment":0,"rttpg_category":"<a href=\"https:\/\/arantv.az\/?cat=4\" rel=\"category\">Siyas\u0259t<\/a>","rttpg_excerpt":"Az\u0259rbaycan Respublikas\u0131n\u0131n Birinci vitse-prezidenti Mehriban \u018fliyeva G\u0259nc\u0259 \u015f\u0259h\u0259rinin Erm\u0259nistan silahl\u0131 q\u00fcvv\u0259l\u0259ri t\u0259r\u0259find\u0259n raket at\u0259\u015fin\u0259 tutulmas\u0131 il\u0259 \u0259laq\u0259dar r\u0259smi \u201cInstagram\u201d s\u0259hif\u0259sind\u0259 payla\u015f\u0131m edib. ARANTV.AZ x\u0259b\u0259r verir ki,\u00a0 payla\u015f\u0131mda deyilir: \u201cErm\u0259nistan silahl\u0131 q\u00fcvv\u0259l\u0259ri Az\u0259rbaycan\u0131n ya\u015fay\u0131\u015f m\u0259nt\u0259q\u0259l\u0259rini intensiv at\u0259\u015f\u0259 tutmaqda davam edirl\u0259r. Bu, humanitar at\u0259\u015fk\u0259s rejiminin, habel\u0259 1949-cu il Cenevr\u0259 konvensiyalar\u0131n\u0131n kobud \u015f\u0259kild\u0259 pozulmas\u0131 dem\u0259kdir. Bu gec\u0259 saat&hellip;","_links":{"self":[{"href":"https:\/\/arantv.az\/index.php?rest_route=\/wp\/v2\/posts\/522345"}],"collection":[{"href":"https:\/\/arantv.az\/index.php?rest_route=\/wp\/v2\/posts"}],"about":[{"href":"https:\/\/arantv.az\/index.php?rest_route=\/wp\/v2\/types\/post"}],"author":[{"embeddable":true,"href":"https:\/\/arantv.az\/index.php?rest_route=\/wp\/v2\/users\/2"}],"replies":[{"embeddable":true,"href":"https:\/\/arantv.az\/index.php?rest_route=%2Fwp%2Fv2%2Fcomments&post=522345"}],"version-history":[{"count":0,"href":"https:\/\/arantv.az\/index.php?rest_route=\/wp\/v2\/posts\/522345\/revisions"}],"wp:featuredmedia":[{"embeddable":true,"href":"https:\/\/arantv.az\/index.php?rest_route=\/wp\/v2\/media\/522346"}],"wp:attachment":[{"href":"https:\/\/arantv.az\/index.php?rest_route=%2Fwp%2Fv2%2Fmedia&parent=522345"}],"wp:term":[{"taxonomy":"category","embeddable":true,"href":"https:\/\/arantv.az\/index.php?rest_route=%2Fwp%2Fv2%2Fcategories&post=522345"},{"taxonomy":"post_tag","embeddable":true,"href":"https:\/\/arantv.az\/index.php?rest_route=%2Fwp%2Fv2%2Ftags&post=522345"}],"curies":[{"name":"wp","href":"https:\/\/api.w.org\/{rel}","templated":true}]}}