{"id":522355,"date":"2022-10-11T19:29:15","date_gmt":"2022-10-11T16:29:15","guid":{"rendered":"https:\/\/arantv.az\/?p=522355"},"modified":"2022-10-11T19:29:15","modified_gmt":"2022-10-11T16:29:15","slug":"az%c9%99rbaycan-erm%c9%99nistan-v%c9%99-rusiya-xarici-isl%c9%99r-nazirl%c9%99ri-astanada-gorus%c9%99c%c9%99kl%c9%99r","status":"publish","type":"post","link":"https:\/\/arantv.az\/?p=522355","title":{"rendered":"Az\u0259rbaycan, Erm\u0259nistan v\u0259 Rusiya xarici i\u015fl\u0259r nazirl\u0259ri Astanada g\u00f6r\u00fc\u015f\u0259c\u0259kl\u0259r"},"content":{"rendered":"<p>Erm\u0259nistan, Az\u0259rbaycan v\u0259 Rusiya xarici i\u015fl\u0259r nazirl\u0259rinin n\u00f6vb\u0259ti g\u00f6r\u00fc\u015f\u00fc oktyabr\u0131n 14-d\u0259 Astanada ke\u00e7iril\u0259c\u0259k.<\/p>\n<div class=\"AdviadNativeVideo\"><\/div>\n<p><strong>ARANTV.AZ\u00a0 <\/strong>x\u0259b\u0259r verir ki, bu bar\u0259d\u0259 Em\u0259nistan X\u0130N-in m\u0259tbuat xidm\u0259tind\u0259n bildirilib.<\/p>\n<p>M\u0259lumata g\u00f6r\u0259, g\u00f6r\u00fc\u015f Rusiya t\u0259r\u0259finin t\u0259\u015f\u0259bb\u00fcs\u00fc il\u0259 ba\u015f tutacaq.<\/p>\n<p>Xat\u0131rladaq ki, Sergey Lavrov, Ararat Mirzoyan v\u0259 Ceyhun Bayramov sonuncu d\u0259f\u0259 D\u00fc\u015f\u0259nb\u0259d\u0259 MDB Xarici \u0130\u015fl\u0259r Nazirl\u0259ri \u015euras\u0131n\u0131n iclas\u0131 \u00e7\u0259r\u00e7iv\u0259sind\u0259 \u00fc\u00e7t\u0259r\u0259fli formatda g\u00f6r\u00fc\u015f\u00fcbl\u0259r.<\/p>\n","protected":false},"excerpt":{"rendered":"<p>Erm\u0259nistan, Az\u0259rbaycan v\u0259 Rusiya xarici i\u015fl\u0259r nazirl\u0259rinin n\u00f6vb\u0259ti g\u00f6r\u00fc\u015f\u00fc oktyabr\u0131n 14-d\u0259 Astanada ke\u00e7iril\u0259c\u0259k. ARANTV.AZ\u00a0 x\u0259b\u0259r verir ki, bu bar\u0259d\u0259 Em\u0259nistan X\u0130N-in m\u0259tbuat xidm\u0259tind\u0259n bildirilib. M\u0259lumata g\u00f6r\u0259, g\u00f6r\u00fc\u015f Rusiya t\u0259r\u0259finin t\u0259\u015f\u0259bb\u00fcs\u00fc il\u0259 ba\u015f tutacaq. Xat\u0131rladaq ki, Sergey Lavrov, Ararat Mirzoyan v\u0259 Ceyhun Bayramov sonuncu d\u0259f\u0259 D\u00fc\u015f\u0259nb\u0259d\u0259 MDB Xarici \u0130\u015fl\u0259r Nazirl\u0259ri \u015euras\u0131n\u0131n iclas\u0131 \u00e7\u0259r\u00e7iv\u0259sind\u0259 \u00fc\u00e7t\u0259r\u0259fli formatda g\u00f6r\u00fc\u015f\u00fcbl\u0259r.<\/p>\n","protected":false},"author":2,"featured_media":522356,"comment_status":"closed","ping_status":"closed","sticky":false,"template":"","format":"standard","meta":{"om_disable_all_campaigns":false,"_monsterinsights_skip_tracking":false,"_monsterinsights_sitenote_active":false,"_monsterinsights_sitenote_note":"","_monsterinsights_sitenote_category":0},"categories":[19],"tags":[],"aioseo_notices":[],"gutentor_comment":0,"rttpg_featured_image_url":{"full":["https:\/\/arantv.az\/wp-content\/uploads\/2022\/10\/FotoJet-2022-10-11T195012.042.jpg",620,413,false],"landscape":["https:\/\/arantv.az\/wp-content\/uploads\/2022\/10\/FotoJet-2022-10-11T195012.042.jpg",620,413,false],"portraits":["https:\/\/arantv.az\/wp-content\/uploads\/2022\/10\/FotoJet-2022-10-11T195012.042.jpg",620,413,false],"thumbnail":["https:\/\/arantv.az\/wp-content\/uploads\/2022\/10\/FotoJet-2022-10-11T195012.042-500x280.jpg",500,280,true],"medium":["https:\/\/arantv.az\/wp-content\/uploads\/2022\/10\/FotoJet-2022-10-11T195012.042-548x365.jpg",548,365,true],"large":["https:\/\/arantv.az\/wp-content\/uploads\/2022\/10\/FotoJet-2022-10-11T195012.042.jpg",620,413,false],"1536x1536":["https:\/\/arantv.az\/wp-content\/uploads\/2022\/10\/FotoJet-2022-10-11T195012.042.jpg",620,413,false],"2048x2048":["https:\/\/arantv.az\/wp-content\/uploads\/2022\/10\/FotoJet-2022-10-11T195012.042.jpg",620,413,false],"post-thumbnail":["https:\/\/arantv.az\/wp-content\/uploads\/2022\/10\/FotoJet-2022-10-11T195012.042-240x172.jpg",240,172,true],"advps-thumb-one":["https:\/\/arantv.az\/wp-content\/uploads\/2022\/10\/FotoJet-2022-10-11T195012.042.jpg",620,413,false]},"rttpg_author":{"display_name":"V\u00fcsal Rafiqo\u011flu","author_link":"https:\/\/arantv.az\/?author=2"},"rttpg_comment":0,"rttpg_category":"<a href=\"https:\/\/arantv.az\/?cat=19\" rel=\"category\">G\u00fcnd\u0259m<\/a>","rttpg_excerpt":"Erm\u0259nistan, Az\u0259rbaycan v\u0259 Rusiya xarici i\u015fl\u0259r nazirl\u0259rinin n\u00f6vb\u0259ti g\u00f6r\u00fc\u015f\u00fc oktyabr\u0131n 14-d\u0259 Astanada ke\u00e7iril\u0259c\u0259k. ARANTV.AZ\u00a0 x\u0259b\u0259r verir ki, bu bar\u0259d\u0259 Em\u0259nistan X\u0130N-in m\u0259tbuat xidm\u0259tind\u0259n bildirilib. M\u0259lumata g\u00f6r\u0259, g\u00f6r\u00fc\u015f Rusiya t\u0259r\u0259finin t\u0259\u015f\u0259bb\u00fcs\u00fc il\u0259 ba\u015f tutacaq. Xat\u0131rladaq ki, Sergey Lavrov, Ararat Mirzoyan v\u0259 Ceyhun Bayramov sonuncu d\u0259f\u0259 D\u00fc\u015f\u0259nb\u0259d\u0259 MDB Xarici \u0130\u015fl\u0259r Nazirl\u0259ri \u015euras\u0131n\u0131n iclas\u0131 \u00e7\u0259r\u00e7iv\u0259sind\u0259 \u00fc\u00e7t\u0259r\u0259fli formatda g\u00f6r\u00fc\u015f\u00fcbl\u0259r.","_links":{"self":[{"href":"https:\/\/arantv.az\/index.php?rest_route=\/wp\/v2\/posts\/522355"}],"collection":[{"href":"https:\/\/arantv.az\/index.php?rest_route=\/wp\/v2\/posts"}],"about":[{"href":"https:\/\/arantv.az\/index.php?rest_route=\/wp\/v2\/types\/post"}],"author":[{"embeddable":true,"href":"https:\/\/arantv.az\/index.php?rest_route=\/wp\/v2\/users\/2"}],"replies":[{"embeddable":true,"href":"https:\/\/arantv.az\/index.php?rest_route=%2Fwp%2Fv2%2Fcomments&post=522355"}],"version-history":[{"count":0,"href":"https:\/\/arantv.az\/index.php?rest_route=\/wp\/v2\/posts\/522355\/revisions"}],"wp:featuredmedia":[{"embeddable":true,"href":"https:\/\/arantv.az\/index.php?rest_route=\/wp\/v2\/media\/522356"}],"wp:attachment":[{"href":"https:\/\/arantv.az\/index.php?rest_route=%2Fwp%2Fv2%2Fmedia&parent=522355"}],"wp:term":[{"taxonomy":"category","embeddable":true,"href":"https:\/\/arantv.az\/index.php?rest_route=%2Fwp%2Fv2%2Fcategories&post=522355"},{"taxonomy":"post_tag","embeddable":true,"href":"https:\/\/arantv.az\/index.php?rest_route=%2Fwp%2Fv2%2Ftags&post=522355"}],"curies":[{"name":"wp","href":"https:\/\/api.w.org\/{rel}","templated":true}]}}