{"id":522359,"date":"2022-10-11T19:30:07","date_gmt":"2022-10-11T16:30:07","guid":{"rendered":"https:\/\/arantv.az\/?p=522359"},"modified":"2022-10-11T19:30:07","modified_gmt":"2022-10-11T16:30:07","slug":"ilham-%c9%99liyev-az%c9%99rbaycan-artiq-uzun-ill%c9%99rdir-ki-dost-olk%c9%99l%c9%99r-ucun-investordur","status":"publish","type":"post","link":"https:\/\/arantv.az\/?p=522359","title":{"rendered":"\u0130lham \u018fliyev: \u201cAz\u0259rbaycan art\u0131q uzun ill\u0259rdir ki, dost \u00f6lk\u0259l\u0259r \u00fc\u00e7\u00fcn investordur\u201d"},"content":{"rendered":"<p>Az\u0259rbaycan art\u0131q uzun ill\u0259rdir ki, dost \u00f6lk\u0259l\u0259r \u00fc\u00e7\u00fcn investordur v\u0259 bizim investisiyalar v\u0259sait qoydu\u011fumuz \u00f6lk\u0259l\u0259rl\u0259 \u0259m\u0259kda\u015fl\u0131\u011f\u0131n m\u00f6hk\u0259ml\u0259ndirilm\u0259si i\u015fin\u0259, bizim qar\u015f\u0131l\u0131ql\u0131 maraqlar\u0131m\u0131za xidm\u0259t edib v\u0259 edir. Onlar i\u015f yerl\u0259ri, biznesin inki\u015faf\u0131 \u00fc\u00e7\u00fcn yeni imkanlar yarad\u0131r.<\/p>\n<p><a href=\"https:\/\/azertag.az\/xeber\/Prezident_Ilham_Aliyev_Azerbaycan_artiq_uzun_illerdir_ki_dost_olkeler_uchun_investordur-2329634\" target=\"_blank\" rel=\"noopener\">AZ\u018fRTAC<\/a>\u00a0x\u0259b\u0259r verir ki, bu fikirl\u0259ri Prezident\u00a0<strong>\u0130lham \u018fliyev<\/strong>\u00a0Az\u0259rbaycanla Q\u0131r\u011f\u0131z\u0131stan aras\u0131nda Birinci D\u00f6vl\u0259tl\u0259raras\u0131 \u015euran\u0131n geni\u015f t\u0259rkibd\u0259 iclas\u0131nda s\u00f6yl\u0259yib.<\/p>\n<p>\u201cQ\u0131r\u011f\u0131z-Az\u0259rbaycan \u0130nki\u015faf Fondunun yarad\u0131lmas\u0131 m\u0259nim s\u0259f\u0259rimin \u0259n m\u00fch\u00fcm n\u0259tic\u0259l\u0259rind\u0259n biridir. \u018flb\u0259tt\u0259, biz ilk d\u0259f\u0259 olaraq, D\u00f6vl\u0259tl\u0259raras\u0131 \u015euran\u0131n iclas\u0131n\u0131 ke\u00e7iririk. M\u00fcnasib\u0259tl\u0259rimizi D\u00f6vl\u0259tl\u0259raras\u0131 \u015euran\u0131n hamiliyi alt\u0131nda strukturla\u015fd\u0131r\u0131r\u0131q ki, q\u0259rarlar\u0131n q\u0259bul olunmas\u0131na, o c\u00fcml\u0259d\u0259n ticari-iqtisadi f\u0259aliyy\u0259t \u00e7\u0259r\u00e7iv\u0259sind\u0259 n\u0259zar\u0259t \u00fc\u00e7\u00fcn daha \u00e7ox imkanlara v\u0259 daha \u00e7ox dinamizm\u0259 malik olaq\u201d, &#8211; dey\u0259 d\u00f6vl\u0259timizin ba\u015f\u00e7\u0131s\u0131 qeyd edib.<\/p>\n","protected":false},"excerpt":{"rendered":"<p>Az\u0259rbaycan art\u0131q uzun ill\u0259rdir ki, dost \u00f6lk\u0259l\u0259r \u00fc\u00e7\u00fcn investordur v\u0259 bizim investisiyalar v\u0259sait qoydu\u011fumuz \u00f6lk\u0259l\u0259rl\u0259 \u0259m\u0259kda\u015fl\u0131\u011f\u0131n m\u00f6hk\u0259ml\u0259ndirilm\u0259si i\u015fin\u0259, bizim qar\u015f\u0131l\u0131ql\u0131 maraqlar\u0131m\u0131za xidm\u0259t edib v\u0259 edir. Onlar i\u015f yerl\u0259ri, biznesin inki\u015faf\u0131 \u00fc\u00e7\u00fcn yeni imkanlar yarad\u0131r. AZ\u018fRTAC\u00a0x\u0259b\u0259r verir ki, bu fikirl\u0259ri Prezident\u00a0\u0130lham \u018fliyev\u00a0Az\u0259rbaycanla Q\u0131r\u011f\u0131z\u0131stan aras\u0131nda Birinci D\u00f6vl\u0259tl\u0259raras\u0131 \u015euran\u0131n geni\u015f t\u0259rkibd\u0259 iclas\u0131nda s\u00f6yl\u0259yib. \u201cQ\u0131r\u011f\u0131z-Az\u0259rbaycan \u0130nki\u015faf Fondunun yarad\u0131lmas\u0131 m\u0259nim s\u0259f\u0259rimin \u0259n m\u00fch\u00fcm n\u0259tic\u0259l\u0259rind\u0259n biridir. \u018flb\u0259tt\u0259, biz ilk d\u0259f\u0259 olaraq, D\u00f6vl\u0259tl\u0259raras\u0131 \u015euran\u0131n iclas\u0131n\u0131 ke\u00e7iririk. M\u00fcnasib\u0259tl\u0259rimizi D\u00f6vl\u0259tl\u0259raras\u0131 \u015euran\u0131n hamiliyi alt\u0131nda strukturla\u015fd\u0131r\u0131r\u0131q ki, q\u0259rarlar\u0131n q\u0259bul olunmas\u0131na, o c\u00fcml\u0259d\u0259n ticari-iqtisadi f\u0259aliyy\u0259t \u00e7\u0259r\u00e7iv\u0259sind\u0259 n\u0259zar\u0259t \u00fc\u00e7\u00fcn daha \u00e7ox imkanlara v\u0259&hellip;<\/p>\n","protected":false},"author":2,"featured_media":522322,"comment_status":"closed","ping_status":"closed","sticky":false,"template":"","format":"standard","meta":{"om_disable_all_campaigns":false,"_monsterinsights_skip_tracking":false,"_monsterinsights_sitenote_active":false,"_monsterinsights_sitenote_note":"","_monsterinsights_sitenote_category":0},"categories":[4],"tags":[],"aioseo_notices":[],"gutentor_comment":0,"rttpg_featured_image_url":{"full":["https:\/\/arantv.az\/wp-content\/uploads\/2022\/10\/FotoJet-27-1.jpg",620,413,false],"landscape":["https:\/\/arantv.az\/wp-content\/uploads\/2022\/10\/FotoJet-27-1.jpg",620,413,false],"portraits":["https:\/\/arantv.az\/wp-content\/uploads\/2022\/10\/FotoJet-27-1.jpg",620,413,false],"thumbnail":["https:\/\/arantv.az\/wp-content\/uploads\/2022\/10\/FotoJet-27-1-500x280.jpg",500,280,true],"medium":["https:\/\/arantv.az\/wp-content\/uploads\/2022\/10\/FotoJet-27-1-548x365.jpg",548,365,true],"large":["https:\/\/arantv.az\/wp-content\/uploads\/2022\/10\/FotoJet-27-1.jpg",620,413,false],"1536x1536":["https:\/\/arantv.az\/wp-content\/uploads\/2022\/10\/FotoJet-27-1.jpg",620,413,false],"2048x2048":["https:\/\/arantv.az\/wp-content\/uploads\/2022\/10\/FotoJet-27-1.jpg",620,413,false],"post-thumbnail":["https:\/\/arantv.az\/wp-content\/uploads\/2022\/10\/FotoJet-27-1-240x172.jpg",240,172,true],"advps-thumb-one":["https:\/\/arantv.az\/wp-content\/uploads\/2022\/10\/FotoJet-27-1.jpg",620,413,false]},"rttpg_author":{"display_name":"V\u00fcsal Rafiqo\u011flu","author_link":"https:\/\/arantv.az\/?author=2"},"rttpg_comment":0,"rttpg_category":"<a href=\"https:\/\/arantv.az\/?cat=4\" rel=\"category\">Siyas\u0259t<\/a>","rttpg_excerpt":"Az\u0259rbaycan art\u0131q uzun ill\u0259rdir ki, dost \u00f6lk\u0259l\u0259r \u00fc\u00e7\u00fcn investordur v\u0259 bizim investisiyalar v\u0259sait qoydu\u011fumuz \u00f6lk\u0259l\u0259rl\u0259 \u0259m\u0259kda\u015fl\u0131\u011f\u0131n m\u00f6hk\u0259ml\u0259ndirilm\u0259si i\u015fin\u0259, bizim qar\u015f\u0131l\u0131ql\u0131 maraqlar\u0131m\u0131za xidm\u0259t edib v\u0259 edir. Onlar i\u015f yerl\u0259ri, biznesin inki\u015faf\u0131 \u00fc\u00e7\u00fcn yeni imkanlar yarad\u0131r. AZ\u018fRTAC\u00a0x\u0259b\u0259r verir ki, bu fikirl\u0259ri Prezident\u00a0\u0130lham \u018fliyev\u00a0Az\u0259rbaycanla Q\u0131r\u011f\u0131z\u0131stan aras\u0131nda Birinci D\u00f6vl\u0259tl\u0259raras\u0131 \u015euran\u0131n geni\u015f t\u0259rkibd\u0259 iclas\u0131nda s\u00f6yl\u0259yib. \u201cQ\u0131r\u011f\u0131z-Az\u0259rbaycan \u0130nki\u015faf Fondunun yarad\u0131lmas\u0131 m\u0259nim&hellip;","_links":{"self":[{"href":"https:\/\/arantv.az\/index.php?rest_route=\/wp\/v2\/posts\/522359"}],"collection":[{"href":"https:\/\/arantv.az\/index.php?rest_route=\/wp\/v2\/posts"}],"about":[{"href":"https:\/\/arantv.az\/index.php?rest_route=\/wp\/v2\/types\/post"}],"author":[{"embeddable":true,"href":"https:\/\/arantv.az\/index.php?rest_route=\/wp\/v2\/users\/2"}],"replies":[{"embeddable":true,"href":"https:\/\/arantv.az\/index.php?rest_route=%2Fwp%2Fv2%2Fcomments&post=522359"}],"version-history":[{"count":0,"href":"https:\/\/arantv.az\/index.php?rest_route=\/wp\/v2\/posts\/522359\/revisions"}],"wp:featuredmedia":[{"embeddable":true,"href":"https:\/\/arantv.az\/index.php?rest_route=\/wp\/v2\/media\/522322"}],"wp:attachment":[{"href":"https:\/\/arantv.az\/index.php?rest_route=%2Fwp%2Fv2%2Fmedia&parent=522359"}],"wp:term":[{"taxonomy":"category","embeddable":true,"href":"https:\/\/arantv.az\/index.php?rest_route=%2Fwp%2Fv2%2Fcategories&post=522359"},{"taxonomy":"post_tag","embeddable":true,"href":"https:\/\/arantv.az\/index.php?rest_route=%2Fwp%2Fv2%2Ftags&post=522359"}],"curies":[{"name":"wp","href":"https:\/\/api.w.org\/{rel}","templated":true}]}}