{"id":522369,"date":"2022-10-11T19:36:06","date_gmt":"2022-10-11T16:36:06","guid":{"rendered":"https:\/\/arantv.az\/?p=522369"},"modified":"2022-10-11T19:36:06","modified_gmt":"2022-10-11T16:36:06","slug":"prezidenti-%c9%99l%c9%99kb%c9%99r-tagiyevin-m%c9%99shur-musiqisi-il%c9%99-qarsiladilar-video","status":"publish","type":"post","link":"https:\/\/arantv.az\/?p=522369","title":{"rendered":"Prezidenti \u018fl\u0259kb\u0259r Ta\u011f\u0131yevin m\u0259\u015fhur musiqisi il\u0259 qar\u015f\u0131lad\u0131lar &#8211; V\u0130DEO"},"content":{"rendered":"<div class=\"text-content\" data-id=\"\" data-url=\"\">\n<p><strong>X\u0259b\u0259r verdiyimiz kimi, oktyabr\u0131n 11-d\u0259 Prezident \u0130lham \u018fliyev Q\u0131r\u011f\u0131z Respublikas\u0131na d\u00f6vl\u0259t s\u0259f\u0259rin\u0259 gedib.<\/strong><\/p>\n<p><b>ARANTV.AZ <\/b>x\u0259b\u0259r verir ki, \u00f6lk\u0259 ba\u015f\u00e7\u0131s\u0131n\u0131n Ala-Ar\u00e7a d\u00f6vl\u0259t iqam\u0259tgah\u0131nda Q\u0131r\u011f\u0131z\u0131stan Prezidenti Sad\u0131r Japarov t\u0259r\u0259find\u0259n r\u0259smi qar\u015f\u0131lanma m\u0259rasimi olub.<\/p>\n<p>Az\u0259rbaycan Prezidentinin qar\u015f\u0131lanma m\u0259rasimi zaman\u0131 Az\u0259rbaycan\u0131n tan\u0131nm\u0131\u015f b\u0259st\u0259kar\u0131 \u018fl\u0259kb\u0259r Ta\u011f\u0131yevin b\u0259st\u0259l\u0259diyi \u201cS\u0259n g\u0259lm\u0259z oldun\u201d mahn\u0131s\u0131 s\u0259sl\u0259ndirilib.<\/p>\n<p>&nbsp;<\/p>\n<div id=\"jwplayer_video_1\" class=\"jwplayer jw-reset jw-state-idle jw-skin-seven jw-stretch-uniform jw-breakpoint-4\" tabindex=\"0\">\n<div class=\"jw-media jw-reset\">\n<div id=\"video-gallery\" class=\"royalSlider videoGallery rsDefault rsHor rsWithThumbs rsWithThumbsVer rsVideoPlaying\">\n<div class=\"rsOverflow grab-cursor\">\n<div class=\"rsContainer\">\n<div class=\"rsSlide \">\n<div class=\"rsVideoContainer\">\n<div class=\"rsBtnCenterer\">\n<div class=\"rsPlayBtn\">\n<div class=\"rsPlayBtnIcon\"><\/div>\n<\/div>\n<\/div>\n<div class=\"rsVideoFrameHolder rsVideoActive\">\n<div class=\"rsPreloader\"><\/div>\n<p><iframe src=\"https:\/\/www.youtube.com\/embed\/ra8v3-dQK78?rel=0&amp;showinfo=0&amp;autoplay=1&amp;wmode=transparent\" frameborder=\"no\"><\/iframe><\/p>\n<div class=\"rsCloseVideoBtn rsHov rsHidden\">\n<div class=\"rsCloseVideoIcn\"><\/div>\n<\/div>\n<\/div>\n<\/div>\n<\/div>\n<div class=\"rsSlide \">\n<div class=\"rsVideoContainer\"><\/div>\n<\/div>\n<div class=\"rsSlide \">\n<div class=\"rsVideoContainer\">\n<div class=\"rsBtnCenterer\">\n<div class=\"rsPlayBtn\">\n<div class=\"rsPlayBtnIcon\"><\/div>\n<\/div>\n<\/div>\n<\/div>\n<\/div>\n<\/div>\n<div class=\"rsFullscreenBtn rsHov rsHidden\">\n<div class=\"rsFullscreenIcn\"><\/div>\n<\/div>\n<\/div>\n<div class=\"rsNav rsThumbs rsThumbsVer\">\n<div class=\"rsThumbsContainer\">\n<div class=\"rsNavItem rsThumb rsNavSelected\">\n<div class=\"rsTmb\">\n<div class=\"vid-thumb\" data-vidpost=\"841122\"><img loading=\"lazy\" class=\"attachment-wt450_250 size-wt450_250 wp-post-image\" src=\"https:\/\/cdn1.azerbaycan24.com\/nb_images\/1665500428-841122-prez-450x250.jpg\" alt=\"\" width=\"450\" height=\"250\" \/><\/p>\n<div class=\"thumb-info\"><\/div>\n<\/div>\n<\/div>\n<\/div>\n<div class=\"rsNavItem rsThumb\">\n<div class=\"rsTmb\">\n<div class=\"vid-thumb\" data-vidpost=\"840998\">\n<div class=\"thumb-info\"><\/div>\n<\/div>\n<\/div>\n<\/div>\n<div class=\"rsNavItem rsThumb\">\n<div class=\"rsTmb\">\n<div class=\"vid-thumb\" data-vidpost=\"840989\">\n<div class=\"thumb-info\"><\/div>\n<\/div>\n<\/div>\n<\/div>\n<div class=\"rsNavItem rsThumb\">\n<div class=\"rsTmb\">\n<div class=\"vid-thumb\" data-vidpost=\"840975\"><\/div>\n<\/div>\n<\/div>\n<\/div>\n<\/div>\n<\/div>\n<\/div>\n<\/div>\n<\/div>\n","protected":false},"excerpt":{"rendered":"<p>X\u0259b\u0259r verdiyimiz kimi, oktyabr\u0131n 11-d\u0259 Prezident \u0130lham \u018fliyev Q\u0131r\u011f\u0131z Respublikas\u0131na d\u00f6vl\u0259t s\u0259f\u0259rin\u0259 gedib. ARANTV.AZ x\u0259b\u0259r verir ki, \u00f6lk\u0259 ba\u015f\u00e7\u0131s\u0131n\u0131n Ala-Ar\u00e7a d\u00f6vl\u0259t iqam\u0259tgah\u0131nda Q\u0131r\u011f\u0131z\u0131stan Prezidenti Sad\u0131r Japarov t\u0259r\u0259find\u0259n r\u0259smi qar\u015f\u0131lanma m\u0259rasimi olub. Az\u0259rbaycan Prezidentinin qar\u015f\u0131lanma m\u0259rasimi zaman\u0131 Az\u0259rbaycan\u0131n tan\u0131nm\u0131\u015f b\u0259st\u0259kar\u0131 \u018fl\u0259kb\u0259r Ta\u011f\u0131yevin b\u0259st\u0259l\u0259diyi \u201cS\u0259n g\u0259lm\u0259z oldun\u201d mahn\u0131s\u0131 s\u0259sl\u0259ndirilib. &nbsp;<\/p>\n","protected":false},"author":2,"featured_media":522370,"comment_status":"closed","ping_status":"closed","sticky":false,"template":"","format":"standard","meta":{"om_disable_all_campaigns":false,"_monsterinsights_skip_tracking":false,"_monsterinsights_sitenote_active":false,"_monsterinsights_sitenote_note":"","_monsterinsights_sitenote_category":0},"categories":[8],"tags":[],"aioseo_notices":[],"gutentor_comment":0,"rttpg_featured_image_url":{"full":["https:\/\/arantv.az\/wp-content\/uploads\/2022\/10\/4d9e1ab2a38e7745628d44c342128f48.jpg",637,400,false],"landscape":["https:\/\/arantv.az\/wp-content\/uploads\/2022\/10\/4d9e1ab2a38e7745628d44c342128f48.jpg",637,400,false],"portraits":["https:\/\/arantv.az\/wp-content\/uploads\/2022\/10\/4d9e1ab2a38e7745628d44c342128f48.jpg",637,400,false],"thumbnail":["https:\/\/arantv.az\/wp-content\/uploads\/2022\/10\/4d9e1ab2a38e7745628d44c342128f48-500x280.jpg",500,280,true],"medium":["https:\/\/arantv.az\/wp-content\/uploads\/2022\/10\/4d9e1ab2a38e7745628d44c342128f48-581x365.jpg",581,365,true],"large":["https:\/\/arantv.az\/wp-content\/uploads\/2022\/10\/4d9e1ab2a38e7745628d44c342128f48.jpg",637,400,false],"1536x1536":["https:\/\/arantv.az\/wp-content\/uploads\/2022\/10\/4d9e1ab2a38e7745628d44c342128f48.jpg",637,400,false],"2048x2048":["https:\/\/arantv.az\/wp-content\/uploads\/2022\/10\/4d9e1ab2a38e7745628d44c342128f48.jpg",637,400,false],"post-thumbnail":["https:\/\/arantv.az\/wp-content\/uploads\/2022\/10\/4d9e1ab2a38e7745628d44c342128f48-240x172.jpg",240,172,true],"advps-thumb-one":["https:\/\/arantv.az\/wp-content\/uploads\/2022\/10\/4d9e1ab2a38e7745628d44c342128f48.jpg",637,400,false]},"rttpg_author":{"display_name":"V\u00fcsal Rafiqo\u011flu","author_link":"https:\/\/arantv.az\/?author=2"},"rttpg_comment":0,"rttpg_category":"<a href=\"https:\/\/arantv.az\/?cat=8\" rel=\"category\">\u018fsas s\u0259hif\u0259<\/a>","rttpg_excerpt":"X\u0259b\u0259r verdiyimiz kimi, oktyabr\u0131n 11-d\u0259 Prezident \u0130lham \u018fliyev Q\u0131r\u011f\u0131z Respublikas\u0131na d\u00f6vl\u0259t s\u0259f\u0259rin\u0259 gedib. ARANTV.AZ x\u0259b\u0259r verir ki, \u00f6lk\u0259 ba\u015f\u00e7\u0131s\u0131n\u0131n Ala-Ar\u00e7a d\u00f6vl\u0259t iqam\u0259tgah\u0131nda Q\u0131r\u011f\u0131z\u0131stan Prezidenti Sad\u0131r Japarov t\u0259r\u0259find\u0259n r\u0259smi qar\u015f\u0131lanma m\u0259rasimi olub. Az\u0259rbaycan Prezidentinin qar\u015f\u0131lanma m\u0259rasimi zaman\u0131 Az\u0259rbaycan\u0131n tan\u0131nm\u0131\u015f b\u0259st\u0259kar\u0131 \u018fl\u0259kb\u0259r Ta\u011f\u0131yevin b\u0259st\u0259l\u0259diyi \u201cS\u0259n g\u0259lm\u0259z oldun\u201d mahn\u0131s\u0131 s\u0259sl\u0259ndirilib. &nbsp;","_links":{"self":[{"href":"https:\/\/arantv.az\/index.php?rest_route=\/wp\/v2\/posts\/522369"}],"collection":[{"href":"https:\/\/arantv.az\/index.php?rest_route=\/wp\/v2\/posts"}],"about":[{"href":"https:\/\/arantv.az\/index.php?rest_route=\/wp\/v2\/types\/post"}],"author":[{"embeddable":true,"href":"https:\/\/arantv.az\/index.php?rest_route=\/wp\/v2\/users\/2"}],"replies":[{"embeddable":true,"href":"https:\/\/arantv.az\/index.php?rest_route=%2Fwp%2Fv2%2Fcomments&post=522369"}],"version-history":[{"count":0,"href":"https:\/\/arantv.az\/index.php?rest_route=\/wp\/v2\/posts\/522369\/revisions"}],"wp:featuredmedia":[{"embeddable":true,"href":"https:\/\/arantv.az\/index.php?rest_route=\/wp\/v2\/media\/522370"}],"wp:attachment":[{"href":"https:\/\/arantv.az\/index.php?rest_route=%2Fwp%2Fv2%2Fmedia&parent=522369"}],"wp:term":[{"taxonomy":"category","embeddable":true,"href":"https:\/\/arantv.az\/index.php?rest_route=%2Fwp%2Fv2%2Fcategories&post=522369"},{"taxonomy":"post_tag","embeddable":true,"href":"https:\/\/arantv.az\/index.php?rest_route=%2Fwp%2Fv2%2Ftags&post=522369"}],"curies":[{"name":"wp","href":"https:\/\/api.w.org\/{rel}","templated":true}]}}