{"id":522403,"date":"2022-10-12T07:16:31","date_gmt":"2022-10-12T04:16:31","guid":{"rendered":"https:\/\/arantv.az\/?p=522403"},"modified":"2022-10-12T07:16:31","modified_gmt":"2022-10-12T04:16:31","slug":"ilham-%c9%99liyev-biz-artiq-h%c9%99m-g%c9%99l%c9%99n-il-h%c9%99m-d%c9%99-g%c9%99l%c9%99c%c9%99k-ill%c9%99r-ucun-m%c9%99d%c9%99ni-gund%c9%99liyi-mu%c9%99yy%c9%99n-etmisik","status":"publish","type":"post","link":"https:\/\/arantv.az\/?p=522403","title":{"rendered":"\u0130lham \u018fliyev: \u201cBiz art\u0131q h\u0259m g\u0259l\u0259n il, h\u0259m d\u0259 g\u0259l\u0259c\u0259k ill\u0259r \u00fc\u00e7\u00fcn m\u0259d\u0259ni g\u00fcnd\u0259liyi m\u00fc\u0259yy\u0259n etmi\u015fik\u201d"},"content":{"rendered":"<p>\u201cBiz art\u0131q h\u0259m g\u0259l\u0259n il, h\u0259m d\u0259 g\u0259l\u0259c\u0259k ill\u0259r \u00fc\u00e7\u00fcn m\u0259d\u0259ni g\u00fcnd\u0259liyi m\u00fc\u0259yy\u0259n etmi\u015fik. Az\u0259rbaycanda Q\u0131r\u011f\u0131z\u0131stan m\u0259d\u0259niyy\u0259t g\u00fcnl\u0259rinin, Q\u0131r\u011f\u0131z\u0131standa Az\u0259rbaycan\u0131n m\u0259d\u0259niyy\u0259t g\u00fcnl\u0259rinin ke\u00e7irilm\u0259si tama\u015fa\u00e7\u0131lara, dinl\u0259yicil\u0259r\u0259 \u00f6lk\u0259l\u0259rimizin z\u0259ngin m\u0259d\u0259niyy\u0259ti il\u0259 tan\u0131\u015f olmaq, m\u00fcxt\u0259lif s\u0259viyy\u0259l\u0259rd\u0259 daha \u00e7ox, daha s\u0131x t\u0259maslar qurmaq imkan\u0131 yaradacaq\u201d.<\/p>\n<p><a href=\"https:\/\/azertag.az\/xeber\/Prezident_Ilham_Aliyev_Biz_artiq_hem_gelen_il_hem_de_gelecek_iller_uchun_medeni_gundeliyi_mueyyen_etmisik-2329742?fbclid=IwAR0hDQbcYOW3F5Qua1byXvzAkYuUdWQqCIeqmXqGWuzsCXvBc89qsOqeK4s\" target=\"_blank\" rel=\"noopener\">AZ\u018fRTAC<\/a>\u00a0x\u0259b\u0259r verir ki, bu fikirl\u0259ri Prezident<strong>\u00a0\u0130lham \u018fliyev\u00a0<\/strong>Az\u0259rbaycanla Q\u0131r\u011f\u0131z\u0131stan aras\u0131nda Birinci D\u00f6vl\u0259tl\u0259raras\u0131 \u015euran\u0131n geni\u015f t\u0259rkibd\u0259 iclas\u0131nda s\u00f6yl\u0259yib.<\/p>\n<p>M\u0259hdud t\u0259rkibd\u0259 g\u00f6r\u00fc\u015f \u00e7\u0259r\u00e7iv\u0259sind\u0259 t\u0259hsill\u0259 ba\u011fl\u0131 m\u0259s\u0259l\u0259l\u0259rd\u0259n d\u0259 dan\u0131\u015f\u0131ld\u0131\u011f\u0131n\u0131 bildir\u0259n d\u00f6vl\u0259timizin ba\u015f\u00e7\u0131s\u0131 deyib ki, t\u0259l\u0259b\u0259l\u0259rimizin \u00f6lk\u0259l\u0259rimizd\u0259ki apar\u0131c\u0131 ali m\u0259kt\u0259bl\u0259rd\u0259 t\u0259hsil almas\u0131na v\u0259 g\u0259nc n\u0259slin n\u00fcmay\u0259nd\u0259l\u0259ri aras\u0131nda t\u0259maslar\u0131n qurulmas\u0131na dair konkret proqram\u0131 m\u00fc\u0259yy\u0259n etm\u0259k laz\u0131md\u0131r. \u00c7\u00fcnki onlar k\u00f6kl\u0259rimiz\u0259, \u0259n\u0259n\u0259l\u0259rimiz\u0259 g\u0259l\u0259c\u0259kd\u0259 bizim kimi ba\u011fl\u0131 olmal\u0131d\u0131rlar.<\/p>\n","protected":false},"excerpt":{"rendered":"<p>\u201cBiz art\u0131q h\u0259m g\u0259l\u0259n il, h\u0259m d\u0259 g\u0259l\u0259c\u0259k ill\u0259r \u00fc\u00e7\u00fcn m\u0259d\u0259ni g\u00fcnd\u0259liyi m\u00fc\u0259yy\u0259n etmi\u015fik. Az\u0259rbaycanda Q\u0131r\u011f\u0131z\u0131stan m\u0259d\u0259niyy\u0259t g\u00fcnl\u0259rinin, Q\u0131r\u011f\u0131z\u0131standa Az\u0259rbaycan\u0131n m\u0259d\u0259niyy\u0259t g\u00fcnl\u0259rinin ke\u00e7irilm\u0259si tama\u015fa\u00e7\u0131lara, dinl\u0259yicil\u0259r\u0259 \u00f6lk\u0259l\u0259rimizin z\u0259ngin m\u0259d\u0259niyy\u0259ti il\u0259 tan\u0131\u015f olmaq, m\u00fcxt\u0259lif s\u0259viyy\u0259l\u0259rd\u0259 daha \u00e7ox, daha s\u0131x t\u0259maslar qurmaq imkan\u0131 yaradacaq\u201d. AZ\u018fRTAC\u00a0x\u0259b\u0259r verir ki, bu fikirl\u0259ri Prezident\u00a0\u0130lham \u018fliyev\u00a0Az\u0259rbaycanla Q\u0131r\u011f\u0131z\u0131stan aras\u0131nda Birinci D\u00f6vl\u0259tl\u0259raras\u0131 \u015euran\u0131n geni\u015f t\u0259rkibd\u0259 iclas\u0131nda s\u00f6yl\u0259yib. M\u0259hdud t\u0259rkibd\u0259 g\u00f6r\u00fc\u015f \u00e7\u0259r\u00e7iv\u0259sind\u0259 t\u0259hsill\u0259 ba\u011fl\u0131 m\u0259s\u0259l\u0259l\u0259rd\u0259n d\u0259 dan\u0131\u015f\u0131ld\u0131\u011f\u0131n\u0131 bildir\u0259n d\u00f6vl\u0259timizin ba\u015f\u00e7\u0131s\u0131 deyib ki, t\u0259l\u0259b\u0259l\u0259rimizin \u00f6lk\u0259l\u0259rimizd\u0259ki apar\u0131c\u0131 ali m\u0259kt\u0259bl\u0259rd\u0259 t\u0259hsil almas\u0131na v\u0259 g\u0259nc n\u0259slin n\u00fcmay\u0259nd\u0259l\u0259ri aras\u0131nda t\u0259maslar\u0131n qurulmas\u0131na dair konkret proqram\u0131 m\u00fc\u0259yy\u0259n etm\u0259k&hellip;<\/p>\n","protected":false},"author":2,"featured_media":522334,"comment_status":"closed","ping_status":"closed","sticky":false,"template":"","format":"standard","meta":{"om_disable_all_campaigns":false,"_monsterinsights_skip_tracking":false,"_monsterinsights_sitenote_active":false,"_monsterinsights_sitenote_note":"","_monsterinsights_sitenote_category":0},"categories":[4],"tags":[],"aioseo_notices":[],"gutentor_comment":0,"rttpg_featured_image_url":{"full":["https:\/\/arantv.az\/wp-content\/uploads\/2022\/10\/FotoJet-27-2.jpg",620,413,false],"landscape":["https:\/\/arantv.az\/wp-content\/uploads\/2022\/10\/FotoJet-27-2.jpg",620,413,false],"portraits":["https:\/\/arantv.az\/wp-content\/uploads\/2022\/10\/FotoJet-27-2.jpg",620,413,false],"thumbnail":["https:\/\/arantv.az\/wp-content\/uploads\/2022\/10\/FotoJet-27-2-500x280.jpg",500,280,true],"medium":["https:\/\/arantv.az\/wp-content\/uploads\/2022\/10\/FotoJet-27-2-548x365.jpg",548,365,true],"large":["https:\/\/arantv.az\/wp-content\/uploads\/2022\/10\/FotoJet-27-2.jpg",620,413,false],"1536x1536":["https:\/\/arantv.az\/wp-content\/uploads\/2022\/10\/FotoJet-27-2.jpg",620,413,false],"2048x2048":["https:\/\/arantv.az\/wp-content\/uploads\/2022\/10\/FotoJet-27-2.jpg",620,413,false],"post-thumbnail":["https:\/\/arantv.az\/wp-content\/uploads\/2022\/10\/FotoJet-27-2-240x172.jpg",240,172,true],"advps-thumb-one":["https:\/\/arantv.az\/wp-content\/uploads\/2022\/10\/FotoJet-27-2.jpg",620,413,false]},"rttpg_author":{"display_name":"V\u00fcsal Rafiqo\u011flu","author_link":"https:\/\/arantv.az\/?author=2"},"rttpg_comment":0,"rttpg_category":"<a href=\"https:\/\/arantv.az\/?cat=4\" rel=\"category\">Siyas\u0259t<\/a>","rttpg_excerpt":"\u201cBiz art\u0131q h\u0259m g\u0259l\u0259n il, h\u0259m d\u0259 g\u0259l\u0259c\u0259k ill\u0259r \u00fc\u00e7\u00fcn m\u0259d\u0259ni g\u00fcnd\u0259liyi m\u00fc\u0259yy\u0259n etmi\u015fik. Az\u0259rbaycanda Q\u0131r\u011f\u0131z\u0131stan m\u0259d\u0259niyy\u0259t g\u00fcnl\u0259rinin, Q\u0131r\u011f\u0131z\u0131standa Az\u0259rbaycan\u0131n m\u0259d\u0259niyy\u0259t g\u00fcnl\u0259rinin ke\u00e7irilm\u0259si tama\u015fa\u00e7\u0131lara, dinl\u0259yicil\u0259r\u0259 \u00f6lk\u0259l\u0259rimizin z\u0259ngin m\u0259d\u0259niyy\u0259ti il\u0259 tan\u0131\u015f olmaq, m\u00fcxt\u0259lif s\u0259viyy\u0259l\u0259rd\u0259 daha \u00e7ox, daha s\u0131x t\u0259maslar qurmaq imkan\u0131 yaradacaq\u201d. AZ\u018fRTAC\u00a0x\u0259b\u0259r verir ki, bu fikirl\u0259ri Prezident\u00a0\u0130lham \u018fliyev\u00a0Az\u0259rbaycanla Q\u0131r\u011f\u0131z\u0131stan aras\u0131nda Birinci D\u00f6vl\u0259tl\u0259raras\u0131 \u015euran\u0131n geni\u015f t\u0259rkibd\u0259&hellip;","_links":{"self":[{"href":"https:\/\/arantv.az\/index.php?rest_route=\/wp\/v2\/posts\/522403"}],"collection":[{"href":"https:\/\/arantv.az\/index.php?rest_route=\/wp\/v2\/posts"}],"about":[{"href":"https:\/\/arantv.az\/index.php?rest_route=\/wp\/v2\/types\/post"}],"author":[{"embeddable":true,"href":"https:\/\/arantv.az\/index.php?rest_route=\/wp\/v2\/users\/2"}],"replies":[{"embeddable":true,"href":"https:\/\/arantv.az\/index.php?rest_route=%2Fwp%2Fv2%2Fcomments&post=522403"}],"version-history":[{"count":0,"href":"https:\/\/arantv.az\/index.php?rest_route=\/wp\/v2\/posts\/522403\/revisions"}],"wp:featuredmedia":[{"embeddable":true,"href":"https:\/\/arantv.az\/index.php?rest_route=\/wp\/v2\/media\/522334"}],"wp:attachment":[{"href":"https:\/\/arantv.az\/index.php?rest_route=%2Fwp%2Fv2%2Fmedia&parent=522403"}],"wp:term":[{"taxonomy":"category","embeddable":true,"href":"https:\/\/arantv.az\/index.php?rest_route=%2Fwp%2Fv2%2Fcategories&post=522403"},{"taxonomy":"post_tag","embeddable":true,"href":"https:\/\/arantv.az\/index.php?rest_route=%2Fwp%2Fv2%2Ftags&post=522403"}],"curies":[{"name":"wp","href":"https:\/\/api.w.org\/{rel}","templated":true}]}}