{"id":522405,"date":"2022-10-12T07:16:59","date_gmt":"2022-10-12T04:16:59","guid":{"rendered":"https:\/\/arantv.az\/?p=522405"},"modified":"2022-10-12T07:16:59","modified_gmt":"2022-10-12T04:16:59","slug":"ilham-%c9%99liyev-qirgizistan-az%c9%99rbaycan-dostluq-parkinin-acilisi-r%c9%99mzi-m%c9%99na-dasiyir","status":"publish","type":"post","link":"https:\/\/arantv.az\/?p=522405","title":{"rendered":"\u0130lham \u018fliyev: \u201cQ\u0131r\u011f\u0131z\u0131stan-Az\u0259rbaycan dostluq park\u0131n\u0131n a\u00e7\u0131l\u0131\u015f\u0131 r\u0259mzi m\u0259na da\u015f\u0131y\u0131r\u201d"},"content":{"rendered":"<p>\u201cQ\u0131r\u011f\u0131z\u0131stan-Az\u0259rbaycan dostluq park\u0131n\u0131n a\u00e7\u0131l\u0131\u015f\u0131 r\u0259mzi m\u0259na da\u015f\u0131y\u0131r. Bizim \u00f6lk\u0259miz\u0259 v\u0259 xalq\u0131m\u0131za bel\u0259 m\u00fcnasib\u0259t\u0259 g\u00f6r\u0259 Q\u0131r\u011f\u0131z\u0131stan Prezidentin\u0259 b\u00fct\u00fcn Az\u0259rbaycan xalq\u0131 ad\u0131ndan minn\u0259tdarl\u0131q ifad\u0259 etm\u0259k ist\u0259yir\u0259m. Biz bu parkda, h\u0259m\u00e7inin Q\u0131r\u011f\u0131z\u0131stan Prezidentinin x\u0259yallar\u0131n\u0131, onun \u015f\u0259h\u0259rsalma \u00fczr\u0259, Q\u0131r\u011f\u0131z\u0131stan\u0131n dig\u0259r \u015f\u0259h\u0259r v\u0259 k\u0259ndl\u0259rinin sakinl\u0259ri \u00fc\u00e7\u00fcn rahat, yax\u015f\u0131 \u015f\u0259raitin yarad\u0131lmas\u0131 \u00fczr\u0259 planlar\u0131n\u0131 g\u00f6r\u00fcr\u00fck\u201d.<\/p>\n<div class=\"AdviadNativeVideo\"><\/div>\n<p><a href=\"https:\/\/azertag.az\/xeber\/Prezident_Ilham_Aliyev_Qirgizistan_Azerbaycan_dostluq_parkinin_achilisi_remzi_mena_dasiyir-2329757\" target=\"_blank\" rel=\"noopener\">AZ\u018fRTAC<\/a>\u00a0x\u0259b\u0259r verir ki, bu fikirl\u0259ri Prezident\u00a0<strong>\u0130lham \u018fliyev<\/strong>\u00a0Bi\u015fkekd\u0259 Q\u0131r\u011f\u0131z\u0131stan-Az\u0259rbaycan Dostluq Park\u0131n\u0131n a\u00e7\u0131l\u0131\u015f m\u0259rasimind\u0259 s\u00f6yl\u0259yib.<\/p>\n<p>\u201cBizim t\u0259kc\u0259 g\u00fcnd\u0259likd\u0259 duran ikit\u0259r\u0259fli m\u0259s\u0259l\u0259l\u0259ri deyil, h\u0259m d\u0259 b\u00fct\u00f6vl\u00fckd\u0259 daha geni\u015f m\u0259nada planlar\u0131 \u0259trafl\u0131 m\u00fczakir\u0259 etm\u0259k, g\u0259l\u0259c\u0259y\u0259 bax\u0131\u015flar bar\u0259d\u0259 dan\u0131\u015fmaq f\u00fcrs\u0259timiz oldu. M\u0259n Q\u0131r\u011f\u0131z\u0131stan Prezidentinin Q\u0131r\u011f\u0131z c\u0259miyy\u0259tinin hara ged\u0259c\u0259yi \u2013 s\u00fclh\u0259, t\u0259hl\u00fck\u0259sizliy\u0259, milli k\u00f6kl\u0259r\u0259, ortaq t\u00fcrk k\u00f6kl\u0259rin\u0259 ba\u011fl\u0131l\u0131\u011f\u0131 bar\u0259d\u0259 d\u0259qiq anlay\u0131\u015f\u0131 oldu\u011funu g\u00f6rd\u00fcm. B\u00fct\u00fcn bunlar Az\u0259rbaycanda b\u00f6y\u00fck h\u00f6rm\u0259tl\u0259 qar\u015f\u0131lan\u0131r, h\u0259m\u00e7inin Az\u0259rbaycan xalq\u0131n\u0131n dahi \u00f6vladlar\u0131n\u0131n xatir\u0259sin\u0259 g\u00f6st\u0259ril\u0259n diqq\u0259t\u0259 b\u0259rab\u0259r tutulur\u201d, &#8211; dey\u0259 d\u00f6vl\u0259timizin ba\u015f\u00e7\u0131s\u0131 bildirib.<\/p>\n<p>Sabah Q\u0131r\u011f\u0131z\u0131stan Prezidenti Sad\u0131r Japararovla birlikd\u0259 Az\u0259rbaycan xalq\u0131n\u0131n b\u00f6y\u00fck o\u011fullar\u0131 Heyd\u0259r \u018fliyevin v\u0259 Nizami G\u0259nc\u0259vinin ad\u0131n\u0131 da\u015f\u0131yan m\u0259kt\u0259bl\u0259rd\u0259 ke\u00e7iril\u0259c\u0259k t\u0259dbirl\u0259rd\u0259 i\u015ftirak ed\u0259c\u0259kl\u0259rini qeyd ed\u0259n Prezident \u0130lham \u018fliyev deyib ki, Az\u0259rbaycanda g\u00f6rk\u0259mli liderl\u0259rimiz\u0259, xadiml\u0259rimiz\u0259, onlar\u0131n xatir\u0259sin\u0259 bu c\u00fcr m\u00fcnasib\u0259t y\u00fcks\u0259k d\u0259y\u0259rl\u0259ndirir, bunu qarda\u015fl\u0131\u011f\u0131n t\u0259zah\u00fcr\u00fc kimi qiym\u0259tl\u0259ndirirl\u0259r.<\/p>\n","protected":false},"excerpt":{"rendered":"<p>\u201cQ\u0131r\u011f\u0131z\u0131stan-Az\u0259rbaycan dostluq park\u0131n\u0131n a\u00e7\u0131l\u0131\u015f\u0131 r\u0259mzi m\u0259na da\u015f\u0131y\u0131r. Bizim \u00f6lk\u0259miz\u0259 v\u0259 xalq\u0131m\u0131za bel\u0259 m\u00fcnasib\u0259t\u0259 g\u00f6r\u0259 Q\u0131r\u011f\u0131z\u0131stan Prezidentin\u0259 b\u00fct\u00fcn Az\u0259rbaycan xalq\u0131 ad\u0131ndan minn\u0259tdarl\u0131q ifad\u0259 etm\u0259k ist\u0259yir\u0259m. Biz bu parkda, h\u0259m\u00e7inin Q\u0131r\u011f\u0131z\u0131stan Prezidentinin x\u0259yallar\u0131n\u0131, onun \u015f\u0259h\u0259rsalma \u00fczr\u0259, Q\u0131r\u011f\u0131z\u0131stan\u0131n dig\u0259r \u015f\u0259h\u0259r v\u0259 k\u0259ndl\u0259rinin sakinl\u0259ri \u00fc\u00e7\u00fcn rahat, yax\u015f\u0131 \u015f\u0259raitin yarad\u0131lmas\u0131 \u00fczr\u0259 planlar\u0131n\u0131 g\u00f6r\u00fcr\u00fck\u201d. AZ\u018fRTAC\u00a0x\u0259b\u0259r verir ki, bu fikirl\u0259ri Prezident\u00a0\u0130lham \u018fliyev\u00a0Bi\u015fkekd\u0259 Q\u0131r\u011f\u0131z\u0131stan-Az\u0259rbaycan Dostluq Park\u0131n\u0131n a\u00e7\u0131l\u0131\u015f m\u0259rasimind\u0259 s\u00f6yl\u0259yib. \u201cBizim t\u0259kc\u0259 g\u00fcnd\u0259likd\u0259 duran ikit\u0259r\u0259fli m\u0259s\u0259l\u0259l\u0259ri deyil, h\u0259m d\u0259 b\u00fct\u00f6vl\u00fckd\u0259 daha geni\u015f m\u0259nada planlar\u0131 \u0259trafl\u0131 m\u00fczakir\u0259 etm\u0259k, g\u0259l\u0259c\u0259y\u0259 bax\u0131\u015flar bar\u0259d\u0259 dan\u0131\u015fmaq f\u00fcrs\u0259timiz oldu. M\u0259n Q\u0131r\u011f\u0131z\u0131stan Prezidentinin Q\u0131r\u011f\u0131z c\u0259miyy\u0259tinin hara&hellip;<\/p>\n","protected":false},"author":2,"featured_media":522406,"comment_status":"closed","ping_status":"closed","sticky":false,"template":"","format":"standard","meta":{"om_disable_all_campaigns":false,"_monsterinsights_skip_tracking":false,"_monsterinsights_sitenote_active":false,"_monsterinsights_sitenote_note":"","_monsterinsights_sitenote_category":0},"categories":[4],"tags":[],"aioseo_notices":[],"gutentor_comment":0,"rttpg_featured_image_url":{"full":["https:\/\/arantv.az\/wp-content\/uploads\/2022\/10\/FotoJet-36.jpg",620,413,false],"landscape":["https:\/\/arantv.az\/wp-content\/uploads\/2022\/10\/FotoJet-36.jpg",620,413,false],"portraits":["https:\/\/arantv.az\/wp-content\/uploads\/2022\/10\/FotoJet-36.jpg",620,413,false],"thumbnail":["https:\/\/arantv.az\/wp-content\/uploads\/2022\/10\/FotoJet-36-500x280.jpg",500,280,true],"medium":["https:\/\/arantv.az\/wp-content\/uploads\/2022\/10\/FotoJet-36-548x365.jpg",548,365,true],"large":["https:\/\/arantv.az\/wp-content\/uploads\/2022\/10\/FotoJet-36.jpg",620,413,false],"1536x1536":["https:\/\/arantv.az\/wp-content\/uploads\/2022\/10\/FotoJet-36.jpg",620,413,false],"2048x2048":["https:\/\/arantv.az\/wp-content\/uploads\/2022\/10\/FotoJet-36.jpg",620,413,false],"post-thumbnail":["https:\/\/arantv.az\/wp-content\/uploads\/2022\/10\/FotoJet-36-240x172.jpg",240,172,true],"advps-thumb-one":["https:\/\/arantv.az\/wp-content\/uploads\/2022\/10\/FotoJet-36.jpg",620,413,false]},"rttpg_author":{"display_name":"V\u00fcsal Rafiqo\u011flu","author_link":"https:\/\/arantv.az\/?author=2"},"rttpg_comment":0,"rttpg_category":"<a href=\"https:\/\/arantv.az\/?cat=4\" rel=\"category\">Siyas\u0259t<\/a>","rttpg_excerpt":"\u201cQ\u0131r\u011f\u0131z\u0131stan-Az\u0259rbaycan dostluq park\u0131n\u0131n a\u00e7\u0131l\u0131\u015f\u0131 r\u0259mzi m\u0259na da\u015f\u0131y\u0131r. Bizim \u00f6lk\u0259miz\u0259 v\u0259 xalq\u0131m\u0131za bel\u0259 m\u00fcnasib\u0259t\u0259 g\u00f6r\u0259 Q\u0131r\u011f\u0131z\u0131stan Prezidentin\u0259 b\u00fct\u00fcn Az\u0259rbaycan xalq\u0131 ad\u0131ndan minn\u0259tdarl\u0131q ifad\u0259 etm\u0259k ist\u0259yir\u0259m. Biz bu parkda, h\u0259m\u00e7inin Q\u0131r\u011f\u0131z\u0131stan Prezidentinin x\u0259yallar\u0131n\u0131, onun \u015f\u0259h\u0259rsalma \u00fczr\u0259, Q\u0131r\u011f\u0131z\u0131stan\u0131n dig\u0259r \u015f\u0259h\u0259r v\u0259 k\u0259ndl\u0259rinin sakinl\u0259ri \u00fc\u00e7\u00fcn rahat, yax\u015f\u0131 \u015f\u0259raitin yarad\u0131lmas\u0131 \u00fczr\u0259 planlar\u0131n\u0131 g\u00f6r\u00fcr\u00fck\u201d. AZ\u018fRTAC\u00a0x\u0259b\u0259r verir ki, bu fikirl\u0259ri Prezident\u00a0\u0130lham \u018fliyev\u00a0Bi\u015fkekd\u0259&hellip;","_links":{"self":[{"href":"https:\/\/arantv.az\/index.php?rest_route=\/wp\/v2\/posts\/522405"}],"collection":[{"href":"https:\/\/arantv.az\/index.php?rest_route=\/wp\/v2\/posts"}],"about":[{"href":"https:\/\/arantv.az\/index.php?rest_route=\/wp\/v2\/types\/post"}],"author":[{"embeddable":true,"href":"https:\/\/arantv.az\/index.php?rest_route=\/wp\/v2\/users\/2"}],"replies":[{"embeddable":true,"href":"https:\/\/arantv.az\/index.php?rest_route=%2Fwp%2Fv2%2Fcomments&post=522405"}],"version-history":[{"count":0,"href":"https:\/\/arantv.az\/index.php?rest_route=\/wp\/v2\/posts\/522405\/revisions"}],"wp:featuredmedia":[{"embeddable":true,"href":"https:\/\/arantv.az\/index.php?rest_route=\/wp\/v2\/media\/522406"}],"wp:attachment":[{"href":"https:\/\/arantv.az\/index.php?rest_route=%2Fwp%2Fv2%2Fmedia&parent=522405"}],"wp:term":[{"taxonomy":"category","embeddable":true,"href":"https:\/\/arantv.az\/index.php?rest_route=%2Fwp%2Fv2%2Fcategories&post=522405"},{"taxonomy":"post_tag","embeddable":true,"href":"https:\/\/arantv.az\/index.php?rest_route=%2Fwp%2Fv2%2Ftags&post=522405"}],"curies":[{"name":"wp","href":"https:\/\/api.w.org\/{rel}","templated":true}]}}