{"id":52342,"date":"2019-04-23T09:59:36","date_gmt":"2019-04-23T06:59:36","guid":{"rendered":"http:\/\/arantv.az\/?p=52342"},"modified":"2019-04-23T09:59:36","modified_gmt":"2019-04-23T06:59:36","slug":"xin-sri-lankada-h%c9%99lak-olanlar-arasinda-az%c9%99rbaycan-v%c9%99t%c9%99ndasi-yoxdur-14-n%c9%99f%c9%99rin-s%c9%99xsiyy%c9%99ti-is%c9%99-h%c9%99l%c9%99-mu%c9%99yy%c9%99nl%c9%99sm%c9%99yib","status":"publish","type":"post","link":"https:\/\/arantv.az\/?p=52342","title":{"rendered":"X\u0130N: \u015eri-Lankada h\u0259lak olanlar aras\u0131nda Az\u0259rbaycan v\u0259t\u0259nda\u015f\u0131 yoxdur, 14 n\u0259f\u0259rin \u015f\u0259xsiyy\u0259ti is\u0259 h\u0259l\u0259 m\u00fc\u0259yy\u0259nl\u0259\u015fm\u0259yib"},"content":{"rendered":"<p><strong>&#8220;\u015eri-Lankada ba\u015f ver\u0259n terror aktlar\u0131 n\u0259tic\u0259sind\u0259 h\u0259lak olan insanlar aras\u0131nda Az\u0259rbaycan v\u0259t\u0259nda\u015f\u0131 yoxdur&#8221;.<\/strong><\/p>\n<p><strong>ARANTV.AZ<\/strong>\u00a0 x\u0259b\u0259r verir ki, bunu \u00f6z\u0259l olaraq<span style=\"color: #000000;\">\u00a0<a style=\"color: #000000;\" href=\"https:\/\/az.trend.az\/\" target=\"_blank\" rel=\"noopener\">Trend<\/a><\/span>-\u0259 Xarici \u0130\u015fl\u0259r Nazirliyinin m\u0259tbuat xidm\u0259tinin r\u0259hb\u0259ri\u00a0<strong>Leyla Abdullayeva<\/strong>\u00a0deyib.<\/p>\n<p>L.Abdullayeva bildirib ki, \u015eri-Lankada aprelin 21-i ba\u015f ver\u0259n terror aktlar\u0131 n\u0259tic\u0259sind\u0259 \u00f6l\u0259nl\u0259rd\u0259n 14 n\u0259f\u0259rin \u015f\u0259xsiyy\u0259ti h\u0259l\u0259 m\u00fc\u0259yy\u0259nl\u0259\u015fm\u0259yib:<\/p>\n<p>&#8220;Bu m\u0259s\u0259l\u0259 Az\u0259rbaycan\u0131n Hindistandak\u0131 s\u0259firliyinin diqq\u0259t m\u0259rk\u0259zind\u0259dir. S\u0259firliyin ilkin m\u0259lumat\u0131na \u0259sas\u0259n \u015f\u0259xsiyy\u0259ti b\u0259lli olan terror qurbanlar\u0131 aras\u0131nda Az\u0259rbaycan v\u0259t\u0259nda\u015f\u0131 yoxdur&#8221;.<\/p>\n<p>Xat\u0131rladaq ki, aprelin 21-i \u015eri-Lankan\u0131n Kolombo \u015f\u0259h\u0259rind\u0259 v\u0259 \u00f6lk\u0259nin dig\u0259r \u0259razil\u0259rind\u0259 Pasxa bayram\u0131 zaman\u0131 8 partlay\u0131\u015f t\u00f6r\u0259dilib. Terror aktlar\u0131 n\u0259tic\u0259sind\u0259 \u00f6l\u0259nl\u0259rin say\u0131 310 n\u0259f\u0259r\u0259 \u00e7at\u0131b.<\/p>\n<p>X\u0259sar\u0259t alanlar\u0131n say\u0131 is\u0259 480 n\u0259f\u0259r t\u0259\u015fkil edir.<\/p>\n<p>Partlay\u0131\u015flara g\u00f6r\u0259 cavabdehliyi he\u00e7 bir terror qrupla\u015fmas\u0131 \u00f6z \u00fcz\u0259rin\u0259 g\u00f6t\u00fcrm\u0259yib.<\/p>\n<p>Bu g\u00fcn \u015eri-Lankada mat\u0259m g\u00fcn\u00fc elan edilib.<\/p>\n","protected":false},"excerpt":{"rendered":"<p>&#8220;\u015eri-Lankada ba\u015f ver\u0259n terror aktlar\u0131 n\u0259tic\u0259sind\u0259 h\u0259lak olan insanlar aras\u0131nda Az\u0259rbaycan v\u0259t\u0259nda\u015f\u0131 yoxdur&#8221;. ARANTV.AZ\u00a0 x\u0259b\u0259r verir ki, bunu \u00f6z\u0259l olaraq\u00a0Trend-\u0259 Xarici \u0130\u015fl\u0259r Nazirliyinin m\u0259tbuat xidm\u0259tinin r\u0259hb\u0259ri\u00a0Leyla Abdullayeva\u00a0deyib. L.Abdullayeva bildirib ki, \u015eri-Lankada aprelin 21-i ba\u015f ver\u0259n terror aktlar\u0131 n\u0259tic\u0259sind\u0259 \u00f6l\u0259nl\u0259rd\u0259n 14 n\u0259f\u0259rin \u015f\u0259xsiyy\u0259ti h\u0259l\u0259 m\u00fc\u0259yy\u0259nl\u0259\u015fm\u0259yib: &#8220;Bu m\u0259s\u0259l\u0259 Az\u0259rbaycan\u0131n Hindistandak\u0131 s\u0259firliyinin diqq\u0259t m\u0259rk\u0259zind\u0259dir. S\u0259firliyin ilkin m\u0259lumat\u0131na \u0259sas\u0259n \u015f\u0259xsiyy\u0259ti b\u0259lli olan terror qurbanlar\u0131 aras\u0131nda Az\u0259rbaycan v\u0259t\u0259nda\u015f\u0131 yoxdur&#8221;. Xat\u0131rladaq ki, aprelin 21-i \u015eri-Lankan\u0131n Kolombo \u015f\u0259h\u0259rind\u0259 v\u0259 \u00f6lk\u0259nin dig\u0259r \u0259razil\u0259rind\u0259 Pasxa bayram\u0131 zaman\u0131 8 partlay\u0131\u015f t\u00f6r\u0259dilib. Terror aktlar\u0131 n\u0259tic\u0259sind\u0259 \u00f6l\u0259nl\u0259rin say\u0131 310 n\u0259f\u0259r\u0259 \u00e7at\u0131b. X\u0259sar\u0259t&hellip;<\/p>\n","protected":false},"author":2,"featured_media":52343,"comment_status":"closed","ping_status":"closed","sticky":false,"template":"","format":"standard","meta":{"om_disable_all_campaigns":false,"_monsterinsights_skip_tracking":false,"_monsterinsights_sitenote_active":false,"_monsterinsights_sitenote_note":"","_monsterinsights_sitenote_category":0},"categories":[1],"tags":[],"aioseo_notices":[],"gutentor_comment":0,"rttpg_featured_image_url":{"full":["https:\/\/arantv.az\/wp-content\/uploads\/2019\/04\/749035.jpg",1200,900,false],"landscape":["https:\/\/arantv.az\/wp-content\/uploads\/2019\/04\/749035.jpg",1200,900,false],"portraits":["https:\/\/arantv.az\/wp-content\/uploads\/2019\/04\/749035.jpg",1200,900,false],"thumbnail":["https:\/\/arantv.az\/wp-content\/uploads\/2019\/04\/749035-150x150.jpg",150,150,true],"medium":["https:\/\/arantv.az\/wp-content\/uploads\/2019\/04\/749035-300x225.jpg",300,225,true],"large":["https:\/\/arantv.az\/wp-content\/uploads\/2019\/04\/749035-1024x768.jpg",640,480,true],"1536x1536":["https:\/\/arantv.az\/wp-content\/uploads\/2019\/04\/749035.jpg",1200,900,false],"2048x2048":["https:\/\/arantv.az\/wp-content\/uploads\/2019\/04\/749035.jpg",1200,900,false],"post-thumbnail":["https:\/\/arantv.az\/wp-content\/uploads\/2019\/04\/749035-240x172.jpg",240,172,true],"advps-thumb-one":["https:\/\/arantv.az\/wp-content\/uploads\/2019\/04\/749035-1200x620.jpg",1200,620,true]},"rttpg_author":{"display_name":"V\u00fcsal Rafiqo\u011flu","author_link":"https:\/\/arantv.az\/?author=2"},"rttpg_comment":0,"rttpg_category":"<a href=\"https:\/\/arantv.az\/?cat=1\" rel=\"category\">C\u0259miyy\u0259t<\/a>","rttpg_excerpt":"&#8220;\u015eri-Lankada ba\u015f ver\u0259n terror aktlar\u0131 n\u0259tic\u0259sind\u0259 h\u0259lak olan insanlar aras\u0131nda Az\u0259rbaycan v\u0259t\u0259nda\u015f\u0131 yoxdur&#8221;. ARANTV.AZ\u00a0 x\u0259b\u0259r verir ki, bunu \u00f6z\u0259l olaraq\u00a0Trend-\u0259 Xarici \u0130\u015fl\u0259r Nazirliyinin m\u0259tbuat xidm\u0259tinin r\u0259hb\u0259ri\u00a0Leyla Abdullayeva\u00a0deyib. L.Abdullayeva bildirib ki, \u015eri-Lankada aprelin 21-i ba\u015f ver\u0259n terror aktlar\u0131 n\u0259tic\u0259sind\u0259 \u00f6l\u0259nl\u0259rd\u0259n 14 n\u0259f\u0259rin \u015f\u0259xsiyy\u0259ti h\u0259l\u0259 m\u00fc\u0259yy\u0259nl\u0259\u015fm\u0259yib: &#8220;Bu m\u0259s\u0259l\u0259 Az\u0259rbaycan\u0131n Hindistandak\u0131 s\u0259firliyinin diqq\u0259t m\u0259rk\u0259zind\u0259dir. S\u0259firliyin ilkin m\u0259lumat\u0131na \u0259sas\u0259n&hellip;","_links":{"self":[{"href":"https:\/\/arantv.az\/index.php?rest_route=\/wp\/v2\/posts\/52342"}],"collection":[{"href":"https:\/\/arantv.az\/index.php?rest_route=\/wp\/v2\/posts"}],"about":[{"href":"https:\/\/arantv.az\/index.php?rest_route=\/wp\/v2\/types\/post"}],"author":[{"embeddable":true,"href":"https:\/\/arantv.az\/index.php?rest_route=\/wp\/v2\/users\/2"}],"replies":[{"embeddable":true,"href":"https:\/\/arantv.az\/index.php?rest_route=%2Fwp%2Fv2%2Fcomments&post=52342"}],"version-history":[{"count":0,"href":"https:\/\/arantv.az\/index.php?rest_route=\/wp\/v2\/posts\/52342\/revisions"}],"wp:featuredmedia":[{"embeddable":true,"href":"https:\/\/arantv.az\/index.php?rest_route=\/wp\/v2\/media\/52343"}],"wp:attachment":[{"href":"https:\/\/arantv.az\/index.php?rest_route=%2Fwp%2Fv2%2Fmedia&parent=52342"}],"wp:term":[{"taxonomy":"category","embeddable":true,"href":"https:\/\/arantv.az\/index.php?rest_route=%2Fwp%2Fv2%2Fcategories&post=52342"},{"taxonomy":"post_tag","embeddable":true,"href":"https:\/\/arantv.az\/index.php?rest_route=%2Fwp%2Fv2%2Ftags&post=52342"}],"curies":[{"name":"wp","href":"https:\/\/api.w.org\/{rel}","templated":true}]}}