{"id":52374,"date":"2019-04-23T10:18:59","date_gmt":"2019-04-23T07:18:59","guid":{"rendered":"http:\/\/arantv.az\/?p=52374"},"modified":"2019-04-23T10:18:59","modified_gmt":"2019-04-23T07:18:59","slug":"ramil-usubov-ziya-m%c9%99mm%c9%99dovun-qardasi-ogluna-yuks%c9%99k-v%c9%99zif%c9%99-verdi","status":"publish","type":"post","link":"https:\/\/arantv.az\/?p=52374","title":{"rendered":"Ramil Usubov Ziya M\u0259mm\u0259dovun qarda\u015f\u0131 o\u011fluna Y\u00dcKS\u018fK V\u018fZ\u0130F\u018f VERD\u0130"},"content":{"rendered":"<p><strong>Ramil Usubov yeni idar\u0259 r\u0259isi t\u0259yin etdi.<\/strong><\/p>\n<p>Polis polkovniki Fuad M\u0259mm\u0259dli Daxili \u0130\u015fl\u0259r Nazirliyinin S\u0259f\u0259rb\u0259rlik \u0130\u015fl\u0259ri v\u0259 M\u00fclki M\u00fcdafi\u0259 \u0130dar\u0259sinin r\u0259isi v\u0259zif\u0259sinin m\u00fcv\u0259qq\u0259ti icra\u00e7\u0131s\u0131 t\u0259yin edilib.<\/p>\n<p>F.M\u0259mm\u0259dli bundan \u0259vv\u0259l m\u00fcxt\u0259lif vaxtlarda Quba v\u0259 Salyan RP\u015e-nin r\u0259isi, D\u0130N-in Ba\u015f Narkotikl\u0259rl\u0259 M\u00fcbariz\u0259 \u0130dar\u0259sinin r\u0259is m\u00fcavini v\u0259zif\u0259sind\u0259 \u00e7al\u0131\u015f\u0131b.<\/p>\n<p>Qeyd ed\u0259k ki, Fuad M\u0259mm\u0259dli sabiq n\u0259qliyyat naziri Ziya M\u0259mm\u0259dovun qarda\u015f\u0131 o\u011fludur. (oxu.az)<\/p>\n","protected":false},"excerpt":{"rendered":"<p>Ramil Usubov yeni idar\u0259 r\u0259isi t\u0259yin etdi. Polis polkovniki Fuad M\u0259mm\u0259dli Daxili \u0130\u015fl\u0259r Nazirliyinin S\u0259f\u0259rb\u0259rlik \u0130\u015fl\u0259ri v\u0259 M\u00fclki M\u00fcdafi\u0259 \u0130dar\u0259sinin r\u0259isi v\u0259zif\u0259sinin m\u00fcv\u0259qq\u0259ti icra\u00e7\u0131s\u0131 t\u0259yin edilib. F.M\u0259mm\u0259dli bundan \u0259vv\u0259l m\u00fcxt\u0259lif vaxtlarda Quba v\u0259 Salyan RP\u015e-nin r\u0259isi, D\u0130N-in Ba\u015f Narkotikl\u0259rl\u0259 M\u00fcbariz\u0259 \u0130dar\u0259sinin r\u0259is m\u00fcavini v\u0259zif\u0259sind\u0259 \u00e7al\u0131\u015f\u0131b. Qeyd ed\u0259k ki, Fuad M\u0259mm\u0259dli sabiq n\u0259qliyyat naziri Ziya M\u0259mm\u0259dovun qarda\u015f\u0131 o\u011fludur. (oxu.az)<\/p>\n","protected":false},"author":2,"featured_media":52375,"comment_status":"closed","ping_status":"closed","sticky":false,"template":"","format":"standard","meta":{"om_disable_all_campaigns":false,"_monsterinsights_skip_tracking":false,"_monsterinsights_sitenote_active":false,"_monsterinsights_sitenote_note":"","_monsterinsights_sitenote_category":0},"categories":[1],"tags":[],"aioseo_notices":[],"gutentor_comment":0,"rttpg_featured_image_url":{"full":["https:\/\/arantv.az\/wp-content\/uploads\/2019\/04\/ramil-usubov.jpg",800,450,false],"landscape":["https:\/\/arantv.az\/wp-content\/uploads\/2019\/04\/ramil-usubov.jpg",800,450,false],"portraits":["https:\/\/arantv.az\/wp-content\/uploads\/2019\/04\/ramil-usubov.jpg",800,450,false],"thumbnail":["https:\/\/arantv.az\/wp-content\/uploads\/2019\/04\/ramil-usubov-150x150.jpg",150,150,true],"medium":["https:\/\/arantv.az\/wp-content\/uploads\/2019\/04\/ramil-usubov-300x169.jpg",300,169,true],"large":["https:\/\/arantv.az\/wp-content\/uploads\/2019\/04\/ramil-usubov.jpg",640,360,false],"1536x1536":["https:\/\/arantv.az\/wp-content\/uploads\/2019\/04\/ramil-usubov.jpg",800,450,false],"2048x2048":["https:\/\/arantv.az\/wp-content\/uploads\/2019\/04\/ramil-usubov.jpg",800,450,false],"post-thumbnail":["https:\/\/arantv.az\/wp-content\/uploads\/2019\/04\/ramil-usubov-240x172.jpg",240,172,true],"advps-thumb-one":["https:\/\/arantv.az\/wp-content\/uploads\/2019\/04\/ramil-usubov.jpg",800,450,false]},"rttpg_author":{"display_name":"V\u00fcsal Rafiqo\u011flu","author_link":"https:\/\/arantv.az\/?author=2"},"rttpg_comment":0,"rttpg_category":"<a href=\"https:\/\/arantv.az\/?cat=1\" rel=\"category\">C\u0259miyy\u0259t<\/a>","rttpg_excerpt":"Ramil Usubov yeni idar\u0259 r\u0259isi t\u0259yin etdi. Polis polkovniki Fuad M\u0259mm\u0259dli Daxili \u0130\u015fl\u0259r Nazirliyinin S\u0259f\u0259rb\u0259rlik \u0130\u015fl\u0259ri v\u0259 M\u00fclki M\u00fcdafi\u0259 \u0130dar\u0259sinin r\u0259isi v\u0259zif\u0259sinin m\u00fcv\u0259qq\u0259ti icra\u00e7\u0131s\u0131 t\u0259yin edilib. F.M\u0259mm\u0259dli bundan \u0259vv\u0259l m\u00fcxt\u0259lif vaxtlarda Quba v\u0259 Salyan RP\u015e-nin r\u0259isi, D\u0130N-in Ba\u015f Narkotikl\u0259rl\u0259 M\u00fcbariz\u0259 \u0130dar\u0259sinin r\u0259is m\u00fcavini v\u0259zif\u0259sind\u0259 \u00e7al\u0131\u015f\u0131b. Qeyd ed\u0259k ki, Fuad M\u0259mm\u0259dli sabiq n\u0259qliyyat naziri Ziya M\u0259mm\u0259dovun&hellip;","_links":{"self":[{"href":"https:\/\/arantv.az\/index.php?rest_route=\/wp\/v2\/posts\/52374"}],"collection":[{"href":"https:\/\/arantv.az\/index.php?rest_route=\/wp\/v2\/posts"}],"about":[{"href":"https:\/\/arantv.az\/index.php?rest_route=\/wp\/v2\/types\/post"}],"author":[{"embeddable":true,"href":"https:\/\/arantv.az\/index.php?rest_route=\/wp\/v2\/users\/2"}],"replies":[{"embeddable":true,"href":"https:\/\/arantv.az\/index.php?rest_route=%2Fwp%2Fv2%2Fcomments&post=52374"}],"version-history":[{"count":0,"href":"https:\/\/arantv.az\/index.php?rest_route=\/wp\/v2\/posts\/52374\/revisions"}],"wp:featuredmedia":[{"embeddable":true,"href":"https:\/\/arantv.az\/index.php?rest_route=\/wp\/v2\/media\/52375"}],"wp:attachment":[{"href":"https:\/\/arantv.az\/index.php?rest_route=%2Fwp%2Fv2%2Fmedia&parent=52374"}],"wp:term":[{"taxonomy":"category","embeddable":true,"href":"https:\/\/arantv.az\/index.php?rest_route=%2Fwp%2Fv2%2Fcategories&post=52374"},{"taxonomy":"post_tag","embeddable":true,"href":"https:\/\/arantv.az\/index.php?rest_route=%2Fwp%2Fv2%2Ftags&post=52374"}],"curies":[{"name":"wp","href":"https:\/\/api.w.org\/{rel}","templated":true}]}}