{"id":524412,"date":"2022-10-17T14:47:32","date_gmt":"2022-10-17T11:47:32","guid":{"rendered":"https:\/\/arantv.az\/?p=524412"},"modified":"2022-10-17T14:47:32","modified_gmt":"2022-10-17T11:47:32","slug":"ukrayna-s%c9%99firi-iki-il-sonra-g%c9%99nc%c9%99d%c9%99-barit-qoxusu-artiq-yoxdur-lakin-h%c9%99min-emosiyalar-qalib","status":"publish","type":"post","link":"https:\/\/arantv.az\/?p=524412","title":{"rendered":"Ukrayna s\u0259firi: \u201c\u0130ki il sonra G\u0259nc\u0259d\u0259 bar\u0131t qoxusu art\u0131q yoxdur, lakin h\u0259min emosiyalar qal\u0131b\u201d"},"content":{"rendered":"<p>Terror akt\u0131 ba\u015f vermi\u015f \u0259raziy\u0259 g\u0259l\u0259n \u015f\u0259xsin emosiyalar\u0131 h\u0259r zaman eynidir. Bu, terror akt\u0131n\u0131n n\u0259 vaxt v\u0259 harada icra olunmas\u0131ndan as\u0131l\u0131 deyil.<\/p>\n<p>APA x\u0259b\u0259r verir ki, bunu G\u0259nc\u0259d\u0259 s\u0259f\u0259rd\u0259 olan Ukraynan\u0131n Az\u0259rbaycandak\u0131 s\u0259firi Vladislav Kanevski deyib.<\/p>\n<div class=\"AdviadNativeVideo\"><\/div>\n<p>O, iki il \u00f6nc\u0259 G\u0259nc\u0259y\u0259 s\u0259f\u0259r etdiyini xat\u0131rlad\u0131b:<\/p>\n<p>\u201c\u00c7ox yax\u015f\u0131 xat\u0131rlay\u0131ram, 2 il bundan \u00f6nc\u0259 biz bura, G\u0259nc\u0259y\u0259 g\u0259lmi\u015fdik. \u015e\u0259h\u0259r at\u0259\u015f\u0259 tutulduqdan sonra burada bar\u0131t\u0131n iyi hiss olunurdu. Ola bilsin ki, 2 ild\u0259n sonra bar\u0131t qoxusu art\u0131q yoxdur, lakin h\u0259min emosiyalar qal\u0131b, \u0259sas\u0259n d\u0259 h\u0259lak olan u\u015faqlar\u0131n oyuncaqlar\u0131n\u0131 g\u00f6r\u0259nd\u0259&#8230; Bu emosiyalar daha da art\u0131b. M\u0259ni h\u0259r zaman valideynl\u0259rim \u00f6yr\u0259dib ki, insan a\u011fr\u0131 hiss edirs\u0259, o sa\u011fd\u0131r, lakin n\u0259 zaman ki, dig\u0259r \u015f\u0259xsin a\u011fr\u0131s\u0131n\u0131 hiss edirs\u0259n, s\u0259n insansan. Buna g\u00f6r\u0259 d\u0259, ukraynal\u0131lara bu b\u0259lk\u0259 daha da ayd\u0131nd\u0131r, \u0259l\u0259lx\u00fcsus da indiki d\u00f6vrd\u0259\u201d.<\/p>\n<p>Diplomat qeyd edib ki, Az\u0259rbaycanda ba\u015f ver\u0259nl\u0259r indi Ukraynada ba\u015f verir:<\/p>\n<p>\u201cBizd\u0259 d\u0259 dinc \u0259hali ya\u015fayan \u015f\u0259h\u0259rl\u0259r fasil\u0259siz olaraq at\u0259\u015f\u0259 tutulur. Biz d\u0259 Az\u0259rbaycan\u0131n h\u0259r g\u00fcn v\u0259 \u0259sas\u0259n 2020-ci ilin 4-18 oktyabr tarixl\u0259ri aral\u0131\u011f\u0131nda hiss etdiyi a\u011fr\u0131n\u0131 hiss edirik. M\u0259n bunu sad\u0259c\u0259 olaraq xat\u0131rlay\u0131ram. Qohumlar\u0131m\u0131n m\u0259n\u0259 \u00f6t\u00fcrd\u00fckl\u0259ri hissl\u0259ri g\u00f6r\u00fcrd\u00fcm v\u0259 dostlar\u0131m s\u0259firliy\u0259 z\u0259ng vurub xahi\u015f edirdi ki, onlar\u0131n da ba\u015fsa\u011fl\u0131\u011f\u0131n\u0131 buradak\u0131 dinc \u0259haliy\u0259 \u00e7atd\u0131r\u0131m\u201d.<\/p>\n<p>S\u0259fir vur\u011fulay\u0131b ki, Ukrayna Az\u0259rbaycan xalq\u0131n\u0131n v\u0259 d\u00f6vl\u0259tinin d\u0259st\u0259yini y\u00fcks\u0259k qiym\u0259tl\u0259ndirir.<\/p>\n","protected":false},"excerpt":{"rendered":"<p>Terror akt\u0131 ba\u015f vermi\u015f \u0259raziy\u0259 g\u0259l\u0259n \u015f\u0259xsin emosiyalar\u0131 h\u0259r zaman eynidir. Bu, terror akt\u0131n\u0131n n\u0259 vaxt v\u0259 harada icra olunmas\u0131ndan as\u0131l\u0131 deyil. APA x\u0259b\u0259r verir ki, bunu G\u0259nc\u0259d\u0259 s\u0259f\u0259rd\u0259 olan Ukraynan\u0131n Az\u0259rbaycandak\u0131 s\u0259firi Vladislav Kanevski deyib. O, iki il \u00f6nc\u0259 G\u0259nc\u0259y\u0259 s\u0259f\u0259r etdiyini xat\u0131rlad\u0131b: \u201c\u00c7ox yax\u015f\u0131 xat\u0131rlay\u0131ram, 2 il bundan \u00f6nc\u0259 biz bura, G\u0259nc\u0259y\u0259 g\u0259lmi\u015fdik. \u015e\u0259h\u0259r at\u0259\u015f\u0259 tutulduqdan sonra burada bar\u0131t\u0131n iyi hiss olunurdu. Ola bilsin ki, 2 ild\u0259n sonra bar\u0131t qoxusu art\u0131q yoxdur, lakin h\u0259min emosiyalar qal\u0131b, \u0259sas\u0259n d\u0259 h\u0259lak olan u\u015faqlar\u0131n oyuncaqlar\u0131n\u0131 g\u00f6r\u0259nd\u0259&#8230; Bu emosiyalar daha da art\u0131b.&hellip;<\/p>\n","protected":false},"author":2,"featured_media":524413,"comment_status":"closed","ping_status":"closed","sticky":false,"template":"","format":"standard","meta":{"om_disable_all_campaigns":false,"_monsterinsights_skip_tracking":false,"_monsterinsights_sitenote_active":false,"_monsterinsights_sitenote_note":"","_monsterinsights_sitenote_category":0},"categories":[4],"tags":[],"aioseo_notices":[],"gutentor_comment":0,"rttpg_featured_image_url":{"full":["https:\/\/arantv.az\/wp-content\/uploads\/2022\/10\/FotoJet-2022-02-27T125443.585.jpg",620,413,false],"landscape":["https:\/\/arantv.az\/wp-content\/uploads\/2022\/10\/FotoJet-2022-02-27T125443.585.jpg",620,413,false],"portraits":["https:\/\/arantv.az\/wp-content\/uploads\/2022\/10\/FotoJet-2022-02-27T125443.585.jpg",620,413,false],"thumbnail":["https:\/\/arantv.az\/wp-content\/uploads\/2022\/10\/FotoJet-2022-02-27T125443.585-500x280.jpg",500,280,true],"medium":["https:\/\/arantv.az\/wp-content\/uploads\/2022\/10\/FotoJet-2022-02-27T125443.585-548x365.jpg",548,365,true],"large":["https:\/\/arantv.az\/wp-content\/uploads\/2022\/10\/FotoJet-2022-02-27T125443.585.jpg",620,413,false],"1536x1536":["https:\/\/arantv.az\/wp-content\/uploads\/2022\/10\/FotoJet-2022-02-27T125443.585.jpg",620,413,false],"2048x2048":["https:\/\/arantv.az\/wp-content\/uploads\/2022\/10\/FotoJet-2022-02-27T125443.585.jpg",620,413,false],"post-thumbnail":["https:\/\/arantv.az\/wp-content\/uploads\/2022\/10\/FotoJet-2022-02-27T125443.585-240x172.jpg",240,172,true],"advps-thumb-one":["https:\/\/arantv.az\/wp-content\/uploads\/2022\/10\/FotoJet-2022-02-27T125443.585.jpg",620,413,false]},"rttpg_author":{"display_name":"V\u00fcsal Rafiqo\u011flu","author_link":"https:\/\/arantv.az\/?author=2"},"rttpg_comment":0,"rttpg_category":"<a href=\"https:\/\/arantv.az\/?cat=4\" rel=\"category\">Siyas\u0259t<\/a>","rttpg_excerpt":"Terror akt\u0131 ba\u015f vermi\u015f \u0259raziy\u0259 g\u0259l\u0259n \u015f\u0259xsin emosiyalar\u0131 h\u0259r zaman eynidir. Bu, terror akt\u0131n\u0131n n\u0259 vaxt v\u0259 harada icra olunmas\u0131ndan as\u0131l\u0131 deyil. APA x\u0259b\u0259r verir ki, bunu G\u0259nc\u0259d\u0259 s\u0259f\u0259rd\u0259 olan Ukraynan\u0131n Az\u0259rbaycandak\u0131 s\u0259firi Vladislav Kanevski deyib. O, iki il \u00f6nc\u0259 G\u0259nc\u0259y\u0259 s\u0259f\u0259r etdiyini xat\u0131rlad\u0131b: \u201c\u00c7ox yax\u015f\u0131 xat\u0131rlay\u0131ram, 2 il bundan \u00f6nc\u0259 biz bura, G\u0259nc\u0259y\u0259 g\u0259lmi\u015fdik.&hellip;","_links":{"self":[{"href":"https:\/\/arantv.az\/index.php?rest_route=\/wp\/v2\/posts\/524412"}],"collection":[{"href":"https:\/\/arantv.az\/index.php?rest_route=\/wp\/v2\/posts"}],"about":[{"href":"https:\/\/arantv.az\/index.php?rest_route=\/wp\/v2\/types\/post"}],"author":[{"embeddable":true,"href":"https:\/\/arantv.az\/index.php?rest_route=\/wp\/v2\/users\/2"}],"replies":[{"embeddable":true,"href":"https:\/\/arantv.az\/index.php?rest_route=%2Fwp%2Fv2%2Fcomments&post=524412"}],"version-history":[{"count":0,"href":"https:\/\/arantv.az\/index.php?rest_route=\/wp\/v2\/posts\/524412\/revisions"}],"wp:featuredmedia":[{"embeddable":true,"href":"https:\/\/arantv.az\/index.php?rest_route=\/wp\/v2\/media\/524413"}],"wp:attachment":[{"href":"https:\/\/arantv.az\/index.php?rest_route=%2Fwp%2Fv2%2Fmedia&parent=524412"}],"wp:term":[{"taxonomy":"category","embeddable":true,"href":"https:\/\/arantv.az\/index.php?rest_route=%2Fwp%2Fv2%2Fcategories&post=524412"},{"taxonomy":"post_tag","embeddable":true,"href":"https:\/\/arantv.az\/index.php?rest_route=%2Fwp%2Fv2%2Ftags&post=524412"}],"curies":[{"name":"wp","href":"https:\/\/api.w.org\/{rel}","templated":true}]}}