{"id":524477,"date":"2022-10-17T15:53:28","date_gmt":"2022-10-17T12:53:28","guid":{"rendered":"https:\/\/arantv.az\/?p=524477"},"modified":"2022-10-17T15:53:28","modified_gmt":"2022-10-17T12:53:28","slug":"bakinin-fasil%c9%99siz-icm%c9%99li-su-il%c9%99-tam-t%c9%99minati-n%c9%99-vaxt-mumkun-olacaq","status":"publish","type":"post","link":"https:\/\/arantv.az\/?p=524477","title":{"rendered":"Bak\u0131n\u0131n fasil\u0259siz i\u00e7m\u0259li su il\u0259 tam t\u0259minat\u0131 n\u0259 vaxt m\u00fcmk\u00fcn olacaq?"},"content":{"rendered":"<p>Bak\u0131n\u0131n \u0259ks\u0259r hiss\u0259sind\u0259 \u0259haliy\u0259 i\u00e7m\u0259li su fasil\u0259siz rejiml\u0259 verilir. Bununla bel\u0259 paytaxtda i\u00e7m\u0259li suyu qrafikl\u0259, y\u0259ni g\u00fcn\u00fcn m\u00fc\u0259yy\u0259n saatlar\u0131nda alan \u0259razil\u0259r d\u0259 az deyil. \u018fsas\u0259n d\u0259,\u00a0Bak\u0131\u0259traf\u0131 \u0259razil\u0259rd\u0259 ya\u015fayanlar h\u0259l\u0259 d\u0259, fasil\u0259siz i\u00e7m\u0259li su ala bilm\u0259m\u0259kd\u0259n \u015fikay\u0259tl\u0259nirl\u0259r.<\/p>\n<p>\u201cAz\u0259rsu\u201d ASC-nin \u0130ctimaiyy\u0259tl\u0259 \u0259laq\u0259l\u0259r sektorunun r\u0259hb\u0259ri Anar C\u0259bray\u0131ll\u0131\u00a0\u201cReport\u201dun sor\u011fusuna cavab olaraq bu \u0259razil\u0259rin fasil\u0259siz i\u00e7m\u0259li su il\u0259 t\u0259min edilm\u0259m\u0259sinin s\u0259b\u0259bl\u0259rin\u0259 ayd\u0131nl\u0131q g\u0259tirib:<\/p>\n<div class=\"AdviadNativeVideo\"><\/div>\n<p>\u201cH\u0259tta Maliyy\u0259 Nazirliyinin binas\u0131n\u0131n yax\u0131nl\u0131\u011f\u0131nda el\u0259 binalar var ki, s\u0259h\u0259r v\u0259 ax\u015fam qrafikl\u0259 su al\u0131rlar. Eyni zamanda 24 saat su il\u0259 t\u0259min edil\u0259n ba\u011flar massivi d\u0259 var. El\u0259c\u0259 d\u0259 Pirallah\u0131 q\u0259s\u0259b\u0259si 24 saat su il\u0259 t\u0259min edilir. Y\u0259ni ki, hans\u0131sa \u0259razinin fasil\u0259siz su il\u0259 t\u0259min edilib-edilm\u0259m\u0259si bu \u0259razinin \u015f\u0259h\u0259r m\u0259rk\u0259zin\u0259 yax\u0131n v\u0259 ya uzaq olmas\u0131 il\u0259 \u0259laq\u0259li deyil. Bu m\u0259s\u0259l\u0259 iki amild\u0259n as\u0131l\u0131d\u0131r: texniki imkanlar v\u0259 su h\u0259cmi. El\u0259 \u0259razil\u0259r var ki, orada su x\u0259tl\u0259ri v\u0259 dig\u0259r texniki imkanlar\u0131m\u0131z normal v\u0259ziyy\u0259td\u0259dir v\u0259 h\u0259min \u0259razini 24 saat su il\u0259 t\u0259min etm\u0259k olar. Amma h\u0259min \u0259razid\u0259 su h\u0259cmimiz azd\u0131r. El\u0259 yer d\u0259 var ki, orada su h\u0259cmimiz kifay\u0259t q\u0259d\u0259r olsa da, texniki imkanlar\u0131m\u0131z yoxdur. M\u0259s\u0259l\u0259n, Masaz\u0131r q\u0259s\u0259b\u0259si. Bak\u0131ya g\u0259l\u0259n b\u00fct\u00fcn su x\u0259tl\u0259ri Masaz\u0131rdan ke\u00e7ir. Amma bu q\u0259s\u0259b\u0259nin b\u0259zi yerl\u0259ri bir g\u00fcnd\u0259n bir, b\u0259zi \u0259razil\u0259ri is\u0259 qrafikl\u0259 s\u0259h\u0259r v\u0259 ax\u015fam su al\u0131r. Bu da s\u0131rf texniki imkanlarla ba\u011fl\u0131d\u0131r. Y\u0259ni oradak\u0131 boru x\u0259tl\u0259rinin diametri, v\u0259t\u0259nda\u015flar t\u0259r\u0259find\u0259n \u00e7\u0259kilmi\u015f primitiv f\u0259rdi \u015f\u0259b\u0259k\u0259l\u0259r \u0259razini 24 saat su il\u0259 t\u0259min etm\u0259y\u0259 imkan vermir. Su h\u0259cmi bax\u0131m\u0131ndan problem ya\u015fad\u0131\u011f\u0131m\u0131z \u0259razil\u0259r \u0259sas\u0259n paytaxt\u0131n \u015f\u0259rq \u00e7\u0131x\u0131\u015f hiss\u0259sind\u0259dir\u201d.<\/p>\n<p>A.C\u0259bray\u0131ll\u0131 qeyd edib ki, t\u0259msil etdiyi qurum haz\u0131rda Bak\u0131 v\u0259 Bak\u0131\u0259traf\u0131 \u0259razil\u0259rd\u0259 \u0259halinin 24 saat i\u00e7m\u0259li su il\u0259 t\u0259minat\u0131 istiqam\u0259tind\u0259 i\u015fl\u0259ri davam etdirir:<\/p>\n<p>\u201c\u00dcmumilikd\u0259, haz\u0131rda abonentl\u0259rimizin\u00a081,7%-i\u00a0fasil\u0259siz i\u00e7m\u0259li su il\u0259 t\u0259min edilir. Bu yax\u0131nlarda Sumqay\u0131tda 8-ci mikrorayonda t\u0259xmin\u0259n\u00a045\u00a0\u00e7oxm\u0259nzilli ya\u015fay\u0131\u015f binas\u0131n\u0131 24 saatl\u0131q rejim\u0259 ke\u00e7irdik. Yeni Yasamalda bu istiqam\u0259td\u0259 i\u015fl\u0259rimiz davam edir. Yeni G\u00fcn\u0259\u015fli q\u0259s\u0259b\u0259sinin bir hiss\u0259si\u00a024\u00a0saat, bir hiss\u0259si s\u0259h\u0259r v\u0259 ax\u015fam qrafiki il\u0259 su al\u0131r. 2013-c\u00fc ild\u0259 Yeni G\u00fcn\u0259\u015flid\u0259 pilot layih\u0259 icra edib\u00a028\u00a0\u00e7oxm\u0259nzilli ya\u015fay\u0131\u015f binas\u0131n\u0131n m\u0259h\u0259ll\u0259daxili v\u0259 binadaxili x\u0259tl\u0259rini tam yenil\u0259dik, h\u0259r m\u0259nzil\u0259 say\u011fac qura\u015fd\u0131rd\u0131q, h\u0259min m\u0259nzill\u0259ri su il\u0259 t\u0259min ed\u0259n m\u0259h\u0259ll\u0259daxili su nasos stansiyas\u0131n\u0131 v\u0259 anbar\u0131 yenid\u0259n qurduq. N\u0259tic\u0259d\u0259 h\u0259min binalara 24 saat su ver\u0259 bildik. Amma bu g\u00fcn Bak\u0131n\u0131n m\u0259rk\u0259zind\u0259 24 saat su almayan yerl\u0259r var. H\u0259min \u0259razil\u0259rd\u0259 fasil\u0259siz suyun verilm\u0259si \u00fc\u00e7\u00fcn m\u00fctl\u0259q hidrofor sistemi, y\u0259ni qapal\u0131 sistem qurulmal\u0131d\u0131r ki, insanlar orada yeni \u015f\u0259b\u0259k\u0259 il\u0259 24 saat su ala bilsin. B\u0259zi \u0259razil\u0259rd\u0259 \u015f\u0259b\u0259k\u0259l\u0259r\u00a040-50\u00a0v\u0259 ya\u00a060\u00a0ild\u0259n \u00e7oxdur ki, istismar olunur. Bu \u0259razil\u0259rd\u0259\u00a024\u00a0saatl\u0131q su rejiminin olmas\u0131 \u00e7ox \u00e7\u0259tin m\u0259s\u0259l\u0259dir\u201d.<\/p>\n<p>A.C\u0259bray\u0131ll\u0131 \u0259lav\u0259 edib ki, Bak\u0131n\u0131n \u015f\u0259rq hiss\u0259sind\u0259 \u0259halinin dayan\u0131ql\u0131, fasil\u0259siz su almas\u0131n\u0131, eyni zamanda T\u00fcrkan, Zir\u0259, Bin\u0259 q\u0259s\u0259b\u0259sind\u0259 su verilm\u0259y\u0259n \u0259razil\u0259rin su il\u0259 t\u0259min olunmas\u0131 \u00fc\u00e7\u00fcn Ceyranbatandan Qala istiqam\u0259tind\u0259 \u00fc\u00e7\u00fcnc\u00fc magistral su k\u0259m\u0259ri v\u0259 anbar layih\u0259sinin icras\u0131na ba\u015flan\u0131l\u0131b:<\/p>\n<p>\u201cHaz\u0131rda Balaxan\u0131da\u00a010 min\u00a0kubmetrlik anbar\u0131n tikintisi davam etdirilir. N\u00f6vb\u0259ti m\u0259rh\u0259l\u0259d\u0259 Ceyranbatandan Qala istiqam\u0259tind\u0259 yeni magistral su k\u0259m\u0259ri \u00e7\u0259kil\u0259c\u0259k. Qar\u015f\u0131dak\u0131 iki ild\u0259 bu i\u015fl\u0259rin yekunla\u015fd\u0131r\u0131lmas\u0131 n\u0259z\u0259rd\u0259 tutulub. H\u0259min magistral su k\u0259m\u0259ri h\u0259m sadalad\u0131\u011f\u0131m \u0259razil\u0259rd\u0259 \u0259lav\u0259 su ehtiyatlar\u0131m\u0131z\u0131n olmas\u0131na, h\u0259m d\u0259 \u0259halinin fasil\u0259siz dayan\u0131ql\u0131 su t\u0259minat\u0131na imkan ver\u0259c\u0259k. Dig\u0259r t\u0259r\u0259fd\u0259n, b\u0259zi \u0259razil\u0259rd\u0259 \u015f\u0259b\u0259k\u0259 yarad\u0131ld\u0131qdan sonra bu \u015f\u0259b\u0259k\u0259l\u0259r\u0259 suyun verilm\u0259si m\u00fcmk\u00fcn olacaq. Qeyd etdiyim \u00fc\u00e7\u00fcnc\u00fc magistral x\u0259tt \u00e7\u0259kilm\u0259s\u0259 idi, b\u0259zi \u0259razil\u0259rd\u0259 \u015f\u0259b\u0259k\u0259 yarad\u0131lsa bel\u0259, ora verm\u0259y\u0259 su olmayacaqd\u0131\u201d.<\/p>\n","protected":false},"excerpt":{"rendered":"<p>Bak\u0131n\u0131n \u0259ks\u0259r hiss\u0259sind\u0259 \u0259haliy\u0259 i\u00e7m\u0259li su fasil\u0259siz rejiml\u0259 verilir. Bununla bel\u0259 paytaxtda i\u00e7m\u0259li suyu qrafikl\u0259, y\u0259ni g\u00fcn\u00fcn m\u00fc\u0259yy\u0259n saatlar\u0131nda alan \u0259razil\u0259r d\u0259 az deyil. \u018fsas\u0259n d\u0259,\u00a0Bak\u0131\u0259traf\u0131 \u0259razil\u0259rd\u0259 ya\u015fayanlar h\u0259l\u0259 d\u0259, fasil\u0259siz i\u00e7m\u0259li su ala bilm\u0259m\u0259kd\u0259n \u015fikay\u0259tl\u0259nirl\u0259r. \u201cAz\u0259rsu\u201d ASC-nin \u0130ctimaiyy\u0259tl\u0259 \u0259laq\u0259l\u0259r sektorunun r\u0259hb\u0259ri Anar C\u0259bray\u0131ll\u0131\u00a0\u201cReport\u201dun sor\u011fusuna cavab olaraq bu \u0259razil\u0259rin fasil\u0259siz i\u00e7m\u0259li su il\u0259 t\u0259min edilm\u0259m\u0259sinin s\u0259b\u0259bl\u0259rin\u0259 ayd\u0131nl\u0131q g\u0259tirib: \u201cH\u0259tta Maliyy\u0259 Nazirliyinin binas\u0131n\u0131n yax\u0131nl\u0131\u011f\u0131nda el\u0259 binalar var ki, s\u0259h\u0259r v\u0259 ax\u015fam qrafikl\u0259 su al\u0131rlar. Eyni zamanda 24 saat su il\u0259 t\u0259min edil\u0259n ba\u011flar massivi d\u0259 var. El\u0259c\u0259 d\u0259 Pirallah\u0131 q\u0259s\u0259b\u0259si 24&hellip;<\/p>\n","protected":false},"author":2,"featured_media":524478,"comment_status":"closed","ping_status":"closed","sticky":false,"template":"","format":"standard","meta":{"om_disable_all_campaigns":false,"_monsterinsights_skip_tracking":false,"_monsterinsights_sitenote_active":false,"_monsterinsights_sitenote_note":"","_monsterinsights_sitenote_category":0},"categories":[1],"tags":[],"aioseo_notices":[],"gutentor_comment":0,"rttpg_featured_image_url":{"full":["https:\/\/arantv.az\/wp-content\/uploads\/2022\/10\/837515fa-cc77-3bba-bf46-4fe2ba90f85c_850.jpg",620,413,false],"landscape":["https:\/\/arantv.az\/wp-content\/uploads\/2022\/10\/837515fa-cc77-3bba-bf46-4fe2ba90f85c_850.jpg",620,413,false],"portraits":["https:\/\/arantv.az\/wp-content\/uploads\/2022\/10\/837515fa-cc77-3bba-bf46-4fe2ba90f85c_850.jpg",620,413,false],"thumbnail":["https:\/\/arantv.az\/wp-content\/uploads\/2022\/10\/837515fa-cc77-3bba-bf46-4fe2ba90f85c_850-500x280.jpg",500,280,true],"medium":["https:\/\/arantv.az\/wp-content\/uploads\/2022\/10\/837515fa-cc77-3bba-bf46-4fe2ba90f85c_850-548x365.jpg",548,365,true],"large":["https:\/\/arantv.az\/wp-content\/uploads\/2022\/10\/837515fa-cc77-3bba-bf46-4fe2ba90f85c_850.jpg",620,413,false],"1536x1536":["https:\/\/arantv.az\/wp-content\/uploads\/2022\/10\/837515fa-cc77-3bba-bf46-4fe2ba90f85c_850.jpg",620,413,false],"2048x2048":["https:\/\/arantv.az\/wp-content\/uploads\/2022\/10\/837515fa-cc77-3bba-bf46-4fe2ba90f85c_850.jpg",620,413,false],"post-thumbnail":["https:\/\/arantv.az\/wp-content\/uploads\/2022\/10\/837515fa-cc77-3bba-bf46-4fe2ba90f85c_850-240x172.jpg",240,172,true],"advps-thumb-one":["https:\/\/arantv.az\/wp-content\/uploads\/2022\/10\/837515fa-cc77-3bba-bf46-4fe2ba90f85c_850.jpg",620,413,false]},"rttpg_author":{"display_name":"V\u00fcsal Rafiqo\u011flu","author_link":"https:\/\/arantv.az\/?author=2"},"rttpg_comment":0,"rttpg_category":"<a href=\"https:\/\/arantv.az\/?cat=1\" rel=\"category\">C\u0259miyy\u0259t<\/a>","rttpg_excerpt":"Bak\u0131n\u0131n \u0259ks\u0259r hiss\u0259sind\u0259 \u0259haliy\u0259 i\u00e7m\u0259li su fasil\u0259siz rejiml\u0259 verilir. Bununla bel\u0259 paytaxtda i\u00e7m\u0259li suyu qrafikl\u0259, y\u0259ni g\u00fcn\u00fcn m\u00fc\u0259yy\u0259n saatlar\u0131nda alan \u0259razil\u0259r d\u0259 az deyil. \u018fsas\u0259n d\u0259,\u00a0Bak\u0131\u0259traf\u0131 \u0259razil\u0259rd\u0259 ya\u015fayanlar h\u0259l\u0259 d\u0259, fasil\u0259siz i\u00e7m\u0259li su ala bilm\u0259m\u0259kd\u0259n \u015fikay\u0259tl\u0259nirl\u0259r. \u201cAz\u0259rsu\u201d ASC-nin \u0130ctimaiyy\u0259tl\u0259 \u0259laq\u0259l\u0259r sektorunun r\u0259hb\u0259ri Anar C\u0259bray\u0131ll\u0131\u00a0\u201cReport\u201dun sor\u011fusuna cavab olaraq bu \u0259razil\u0259rin fasil\u0259siz i\u00e7m\u0259li su il\u0259 t\u0259min edilm\u0259m\u0259sinin&hellip;","_links":{"self":[{"href":"https:\/\/arantv.az\/index.php?rest_route=\/wp\/v2\/posts\/524477"}],"collection":[{"href":"https:\/\/arantv.az\/index.php?rest_route=\/wp\/v2\/posts"}],"about":[{"href":"https:\/\/arantv.az\/index.php?rest_route=\/wp\/v2\/types\/post"}],"author":[{"embeddable":true,"href":"https:\/\/arantv.az\/index.php?rest_route=\/wp\/v2\/users\/2"}],"replies":[{"embeddable":true,"href":"https:\/\/arantv.az\/index.php?rest_route=%2Fwp%2Fv2%2Fcomments&post=524477"}],"version-history":[{"count":0,"href":"https:\/\/arantv.az\/index.php?rest_route=\/wp\/v2\/posts\/524477\/revisions"}],"wp:featuredmedia":[{"embeddable":true,"href":"https:\/\/arantv.az\/index.php?rest_route=\/wp\/v2\/media\/524478"}],"wp:attachment":[{"href":"https:\/\/arantv.az\/index.php?rest_route=%2Fwp%2Fv2%2Fmedia&parent=524477"}],"wp:term":[{"taxonomy":"category","embeddable":true,"href":"https:\/\/arantv.az\/index.php?rest_route=%2Fwp%2Fv2%2Fcategories&post=524477"},{"taxonomy":"post_tag","embeddable":true,"href":"https:\/\/arantv.az\/index.php?rest_route=%2Fwp%2Fv2%2Ftags&post=524477"}],"curies":[{"name":"wp","href":"https:\/\/api.w.org\/{rel}","templated":true}]}}