{"id":524483,"date":"2022-10-17T16:05:06","date_gmt":"2022-10-17T13:05:06","guid":{"rendered":"https:\/\/arantv.az\/?p=524483"},"modified":"2022-10-17T16:05:06","modified_gmt":"2022-10-17T13:05:06","slug":"fuzuli-c%c9%99ngav%c9%99rl%c9%99ri-danisirlar-dusm%c9%99nin-yaratdigi-mifi-dagitdiq-foto","status":"publish","type":"post","link":"https:\/\/arantv.az\/?p=524483","title":{"rendered":"F\u00fczuli c\u0259ngav\u0259rl\u0259ri dan\u0131\u015f\u0131rlar: \u201cD\u00fc\u015fm\u0259nin yaratd\u0131\u011f\u0131 mifi da\u011f\u0131td\u0131q\u201d &#8211; FOTO"},"content":{"rendered":"<p>\u201cErm\u0259nil\u0259r 30 il\u0259 yax\u0131n\u00a0i\u015f\u011fal alt\u0131nda saxlad\u0131qlar\u0131 F\u00fczulini \u201cal\u0131nmaz qala\u201d hesab edirdil\u0259r. Onlar fikirl\u0259\u015firdil\u0259r ki, Az\u0259rbaycan Ordusu he\u00e7 vaxt F\u00fczulini azad ed\u0259 bilm\u0259z. Ancaq Az\u0259rbaycan Ordusu onlar\u0131n bu mifl\u0259rini d\u0259 da\u011f\u0131daraq tarixi torpa\u011f\u0131m\u0131z\u0131 i\u015f\u011fal\u00e7\u0131lardan azad etdi. Bu torpaqlar bizimdir v\u0259 \u0259b\u0259di olaraq da bizim olacaq\u201d.<\/p>\n<p>Bunu \u201cReport\u201dun F\u00fczuliy\u0259 ezam olunan \u0259m\u0259kda\u015f\u0131na a\u00e7\u0131qlamas\u0131nda M\u00fcdafi\u0259 Nazirliyinin Quru Qo\u015funlar\u0131n\u0131n (Komando) h\u0259rbi qulluq\u00e7usu Amil H\u0259s\u0259nov deyib.<\/p>\n<div class=\"AdviadNativeVideo\"><\/div>\n<p>O bildirib ki, d\u00f6y\u00fc\u015fl\u0259r\u0259 k\u00f6n\u00fcll\u00fc olaraq qat\u0131l\u0131b: \u201cH\u0259yat\u0131 d\u0259rk ed\u0259nd\u0259n valideynl\u0259rimd\u0259n torpaqlar\u0131m\u0131z\u0131n i\u015f\u011fal alt\u0131nda oldu\u011funu e\u015fidirdim. H\u0259min yerl\u0259ri d\u00fc\u015fm\u0259n tapda\u011f\u0131 alt\u0131ndan azad etm\u0259k bizim borcumuz idi v\u0259 Az\u0259rbaycan Ordusu bunu realla\u015fd\u0131rd\u0131. Ancaq q\u0259l\u0259b\u0259 haqq\u0131nda fikirl\u0259\u015firdik. M\u0259qs\u0259dimiz\u0259 \u00e7atd\u0131q v\u0259 d\u00fc\u015fm\u0259ni torpaqlar\u0131m\u0131zdan r\u0259dd etdik\u201d.<\/p>\n<p>A.H\u0259s\u0259nov s\u00f6yl\u0259yib ki, \u0259n \u015fidd\u0259tli d\u00f6y\u00fc\u015fl\u0259rd\u0259n biri F\u00fczuli istiqam\u0259tind\u0259 olub:<\/p>\n<p>\u201cErm\u0259ni silahl\u0131 b\u00f6lm\u0259l\u0259ri 30 il\u0259 yax\u0131n davam ed\u0259n i\u015f\u011fal d\u00f6vr\u00fcnd\u0259 g\u00fccl\u00fc istehkam qurmu\u015fdular. Onlar el\u0259 fikirl\u0259\u015firdil\u0259r ki, biz o istehkamlar\u0131 yara bilm\u0259y\u0259c\u0259yik. Ancaq bilmirdil\u0259r ki, Az\u0259rbaycan Ordusunun ke\u00e7\u0259 bilm\u0259diyi s\u0259dd yoxdur. Biz onlar\u0131n qurduqlar\u0131 istehkamlar\u0131 \u00f6zl\u0259ri il\u0259 birg\u0259 m\u0259hv etdik\u201d.<\/p>\n<p><img src=\"https:\/\/cdn.oxu.az\/uploads\/W1siZiIsIjIwMjIvMTAvMTcvMTUvMzIvMTUvYzg3OTQ1YTAtMmE2Yy00MThmLTgwYzItZmQzODhlZWMxNGIwLzk2NGU0ZjU5LWYxODctMzk5Yy1hMTE0LTY3ZTNlM2JkYWUzMi5qcGciXSxbInAiLCJlbmNvZGUiLCJqcGciLCItcXVhbGl0eSA4MCJdLFsicCIsInRodW1iIiwiNTkweDU5MFx1MDAzZSJdXQ?sha=f1af8e6db8fd5a9c\" alt=\"\" \/><\/p>\n<p><em>Amil H\u0259s\u0259nov<\/em><\/p>\n<p>D\u00f6y\u00fc\u015f\u00e7\u00fc V\u0259t\u0259n m\u00fcharib\u0259sind\u0259n sonra ordu s\u0131ralar\u0131nda qald\u0131\u011f\u0131n\u0131 v\u0259 haz\u0131rda M\u00fcdafi\u0259 Nazirliyinin Quru Qo\u015funlar\u0131n\u0131n \u201cN\u201d sayl\u0131 komando h\u0259rbi hiss\u0259sind\u0259 xidm\u0259t etdiyini deyib:<\/p>\n<p>\u201cBiz\u0259 \u00e7ox y\u00fcks\u0259k s\u0259viyy\u0259d\u0259 \u015f\u0259rait yarad\u0131l\u0131b. Ali Ba\u015f Komandan\u0131n b\u00fct\u00fcn \u0259mrl\u0259rini yerin\u0259 yetirm\u0259y\u0259 h\u0259r an haz\u0131r\u0131q. Torpaqlar\u0131m\u0131za g\u00f6z dik\u0259n, t\u0259xribatlar t\u00f6r\u0259tm\u0259k ist\u0259y\u0259nl\u0259r\u0259 qar\u015f\u0131 vuru\u015fma\u011fa daim haz\u0131r\u0131q\u201d.<\/p>\n<p>M\u00fcdafi\u0259 Nazirliyinin Quru Qo\u015funlar\u0131n\u0131n (Komando) dig\u0259r h\u0259rbi qulluq\u00e7usu K\u0259rim \u018fliyev\u00a0is\u0259 bildirib ki, sentyabr\u0131n 27-d\u0259 M\u00fcz\u0259ff\u0259r Ali Ba\u015f Komandan\u00a0<strong>\u0130lham \u018fliyevin<\/strong>\u00a0r\u0259hb\u0259rliyi alt\u0131nda Erm\u0259nistan silahl\u0131 q\u00fcvv\u0259l\u0259rinin geni\u015fmiqyasl\u0131 t\u0259xribatlar\u0131n\u0131n qar\u015f\u0131s\u0131n\u0131 almaq \u00fc\u00e7\u00fcn \u0259m\u0259liyyatlara qo\u015fulub:<\/p>\n<p>\u201cH\u0259min g\u00fcn xidm\u0259t etdiyim \u201cN\u201d sayl\u0131 h\u0259rbi hiss\u0259 d\u00fc\u015fm\u0259n \u00fcz\u0259rin\u0259 h\u00fccuma ke\u00e7di. Biz d\u00f6y\u00fc\u015fl\u0259r\u0259 C\u0259bray\u0131l rayonu istiqam\u0259tind\u0259n ba\u015flad\u0131q. H\u0259min istiqam\u0259td\u0259n ir\u0259lil\u0259y\u0259r\u0259k \u201c\u00fc\u00e7 yol\u201d deyil\u0259n \u0259raziy\u0259 n\u0259zar\u0259ti \u0259l\u0259 ke\u00e7irdik v\u0259 C\u0259bray\u0131l, F\u00fczuli v\u0259 Hadruta ged\u0259n yolun qar\u015f\u0131s\u0131n\u0131 k\u0259sdik. \u0130landa\u011f v\u0259 \u015eabanda\u011f istiqam\u0259tind\u0259ki y\u00fcks\u0259klikl\u0259ri d\u00fc\u015fm\u0259nd\u0259n azad ed\u0259r\u0259k n\u0259zar\u0259ti \u0259l\u0259 ke\u00e7irdik. Bundan sonra is\u0259 Az\u0259rbaycan Ordusunun x\u00fcsusi t\u0259yinatl\u0131lar\u0131 il\u0259 birlikd\u0259 d\u00fc\u015fm\u0259nin arxas\u0131na ke\u00e7\u0259r\u0259k Qarakollu v\u0259 Qaraz\u0131ll\u0131da erm\u0259nil\u0259r\u0259 m\u0259xsus \u00fc\u00e7 avtomobili \u015f\u0259xsi hey\u0259tl\u0259ri il\u0259 birg\u0259 m\u0259hv etdik\u201d.<\/p>\n<p><img src=\"https:\/\/cdn.oxu.az\/uploads\/W1siZiIsIjIwMjIvMTAvMTcvMTUvMzIvMTUvNzRhMmM3MWItNWZkYi00YTZiLTk2MDgtYjJjNjllYWFiZDQ4LzFmNTExOTU1LWE2MjAtMzY5Ny1iNzE0LTZiMDkzYTE3N2YwNC5qcGciXSxbInAiLCJlbmNvZGUiLCJqcGciLCItcXVhbGl0eSA4MCJdLFsicCIsInRodW1iIiwiNTkweDU5MFx1MDAzZSJdXQ?sha=b3c9f688756b3ad7\" alt=\"\" \/><\/p>\n<p><em>K\u0259rim \u018fliyev<\/em><\/p>\n<p>Onun s\u00f6zl\u0259rin\u0259 g\u00f6r\u0259, F\u00fczuli istiqam\u0259tind\u0259 a\u011f\u0131r d\u00f6y\u00fc\u015fl\u0259r gedib:<\/p>\n<p>\u201c\u018fvv\u0259lc\u0259 hakim y\u00fcks\u0259klikl\u0259ri n\u0259zar\u0259t\u0259 g\u00f6t\u00fcrd\u00fck. M\u0259qs\u0259dimiz \u0259razini tam n\u0259zar\u0259t\u0259 almaq v\u0259 tarixi torpa\u011f\u0131m\u0131z\u0131 azad etm\u0259k idi. Sonra d\u00f6y\u00fc\u015f tap\u015f\u0131r\u0131\u011f\u0131n\u0131 yerin\u0259 yetirm\u0259k \u00fc\u00e7\u00fcn ir\u0259lil\u0259m\u0259y\u0259 davam etdik. Burada erm\u0259nil\u0259rin canl\u0131 q\u00fcvv\u0259sini, texnikas\u0131n\u0131 m\u0259hv etdik. Sa\u011f qalan erm\u0259ni h\u0259rb\u00e7il\u0259r is\u0259 silah-sursatlar\u0131n\u0131 at\u0131b qa\u00e7\u0131rd\u0131lar. Onlar bizim qar\u015f\u0131m\u0131zda aciz qalm\u0131\u015fd\u0131lar. D\u00f6y\u00fc\u015fl\u0259r bizim \u00fc\u00e7\u00fcn \u00e7\u0259tin olsa da, \u015f\u0259r\u0259fli idi. \u00c7\u00fcnki biz h\u0259r zaman Ali Ba\u015f Komandan\u0131n \u0259mrini g\u00f6zl\u0259yirdik ki, i\u015f\u011falda olan torpaqlar\u0131m\u0131z\u0131 d\u00fc\u015fm\u0259nd\u0259n azad ed\u0259k v\u0259 \u00fc\u00e7r\u0259ngli \u015fanl\u0131 bayra\u011f\u0131m\u0131z\u0131 \u0259razil\u0259rimiz\u0259 sancaq. \u00c7ox \u015f\u00fck\u00fcrl\u0259r olsun ki, bu g\u00fcn\u00a0biz\u0259 qism\u0259t oldu. Az\u0259rbaycan\u0131n \u0259razi b\u00fct\u00f6vl\u00fcy\u00fcn\u00fc b\u0259rpa etdik. Bu, m\u0259nim \u00fc\u00e7\u00fcn \u00e7ox q\u00fcrurverici bir hissdir. D\u00fczd\u00fcr, V\u0259t\u0259n m\u00fcharib\u0259si zaman\u0131 yax\u0131n dostlar\u0131m, d\u00f6y\u00fc\u015f yolda\u015flar\u0131m, qarda\u015flar\u0131m \u015f\u0259hid oldu, yaraland\u0131. Allah b\u00fct\u00fcn \u015f\u0259hidl\u0259rimiz\u0259 r\u0259hm\u0259t el\u0259sin, qazil\u0259rimiz\u0259 \u015f\u0259fa versin\u201d.<\/p>\n<p><img src=\"https:\/\/cdn.oxu.az\/uploads\/W1siZiIsIjIwMjIvMTAvMTcvMTUvMzIvMTUvNTk4NjQ2ZDQtMzE3OS00ODUwLTgzZmItYmMxNzIzMzRmNjA0LzllMTYzMTM2LTM0Y2ItMzU1OS1hZWExLTY2N2I3ZTdhOWZlMy5qcGciXSxbInAiLCJlbmNvZGUiLCJqcGciLCItcXVhbGl0eSA4MCJdLFsicCIsInRodW1iIiwiNTkweDU5MFx1MDAzZSJdXQ?sha=6205793f558a21c7\" alt=\"\" \/><\/p>\n<p>H\u0259rb\u00e7i onu da vur\u011fulay\u0131b ki, V\u0259t\u0259n m\u00fcharib\u0259si zaman\u0131 Ali Ba\u015f Komandan, Prezident \u0130lham \u018fliyevin \u00e7\u0131x\u0131\u015flar\u0131 v\u0259 Az\u0259rbaycan xalq\u0131n\u0131n ordunun yan\u0131nda olmas\u0131 onlara \u0259lav\u0259 g\u00fcc verirdi:<\/p>\n<p>\u201cAli Ba\u015f Komandan\u0131n \u201cd\u0259mir yumru\u011fu\u201d bizim ir\u0259lil\u0259m\u0259yimiz\u0259 \u0259lav\u0259 g\u00fcc verirdi. H\u0259r d\u0259f\u0259 \u00e7\u0131x\u0131\u015flara qulaq asan zaman daha da ruhlan\u0131rd\u0131q, q\u00fcrurlan\u0131rd\u0131q\u201d.<\/p>\n<p>K.\u018fliyev haz\u0131rk\u0131 xidm\u0259t yerind\u0259n d\u0259 dan\u0131\u015f\u0131b:<\/p>\n<p>\u201cHaz\u0131rda M\u00fcdafi\u0259 Nazirliyinin Quru Qo\u015funlar\u0131n\u0131n \u201cN\u201d sayl\u0131 komando h\u0259rbi hiss\u0259sind\u0259 xidm\u0259t edir\u0259m. Az\u0259rbaycan Ordusunda xidm\u0259t etdiyim \u00fc\u00e7\u00fcn q\u00fcrur duyuram. Bu, m\u0259nim \u00fc\u00e7\u00fcn b\u00f6y\u00fck \u015f\u0259r\u0259fdir\u201d.<\/p>\n<p>M\u00fcbahir \u0130srafilov da V\u0259t\u0259n m\u00fcharib\u0259si i\u015ftirak\u00e7\u0131s\u0131d\u0131r, haz\u0131rda komando h\u0259rbi hiss\u0259sind\u0259 xidm\u0259t edir. O deyib ki, erm\u0259ni h\u0259rb\u00e7il\u0259ri Az\u0259rbaycan Ordusu il\u0259 d\u00f6y\u00fc\u015fd\u0259 silah-sursat\u0131n\u0131, d\u0259bilq\u0259sini at\u0131b qa\u00e7\u0131rd\u0131:<\/p>\n<p>\u201cBiz \u0259lav\u0259 g\u00fcc\u00fc is\u0259 Ali Ba\u015f Komandan, Prezident \u0130lham \u018fliyevd\u0259n v\u0259 xalq\u0131m\u0131zdan al\u0131rd\u0131q. F\u00fczulinin d\u00fc\u015fm\u0259nd\u0259n t\u0259mizl\u0259nm\u0259si il\u0259 dig\u0259r ya\u015fay\u0131\u015f m\u0259nt\u0259q\u0259l\u0259rimizin d\u0259 azad edilm\u0259si \u00fc\u00e7\u00fcn \u0259lveri\u015fli \u015f\u0259rait yarand\u0131. M\u00fcz\u0259ff\u0259r Ali Ba\u015f Komandan \u0130lham \u018fliyevin r\u0259hb\u0259rliyi il\u0259 qazan\u0131lan z\u0259f\u0259r Az\u0259rbaycan tarixin\u0259 q\u0131z\u0131l h\u0259rfl\u0259rl\u0259 yaz\u0131ld\u0131. 44 g\u00fcnl\u00fck V\u0259t\u0259n m\u00fcharib\u0259si xalq\u0131m\u0131z\u0131n 30 illik h\u0259sr\u0259tin\u0259 son qoydu. H\u0259r zaman oldu\u011fu kimi, tarixi z\u0259f\u0259rimizd\u0259n sonra da \u00f6lk\u0259 r\u0259hb\u0259rliyi v\u0259 M\u00fcdafi\u0259 Nazirliyinin r\u0259hb\u0259rliyi t\u0259r\u0259find\u0259n V\u0259t\u0259n m\u00fcharib\u0259si i\u015ftirak\u00e7\u0131lar\u0131na y\u00fcks\u0259k qiym\u0259t verildi. D\u00f6vl\u0259t ba\u015f\u00e7\u0131m\u0131z\u0131n v\u0259 Birinci vitse-prezident\u00a0<strong>Mehriban \u018fliyevan\u0131n<\/strong>\u00a0bu kateqoriyadan olan \u015f\u0259xsl\u0259r\u0259 x\u00fcsusi diqq\u0259t v\u0259 qay\u011f\u0131s\u0131 biz\u0259 \u0259lav\u0259 stimul verir\u201d.<\/p>\n<p><img src=\"https:\/\/cdn.oxu.az\/uploads\/W1siZiIsIjIwMjIvMTAvMTcvMTUvMzIvMTUvMzkyNmFkYWMtZWY2OC00YjcxLWFjZjYtZmVlZWE1YTRjNGUwLzEzODBjNGRhLTY5MDgtMzQzZS1iZmZmLTMwMTk0M2UzY2MwYi5qcGciXSxbInAiLCJlbmNvZGUiLCJqcGciLCItcXVhbGl0eSA4MCJdLFsicCIsInRodW1iIiwiNTkweDU5MFx1MDAzZSJdXQ?sha=4fa15263b466d73e\" alt=\"\" \/><\/p>\n<p><em>M\u00fcbahir \u0130srafilov<\/em><\/p>\n<p>H\u0259rb\u00e7i bildirib ki, bu g\u00fcn azad olunan \u0259razil\u0259r d\u0259 daxil olmaqla, Az\u0259rbaycan Ordusunun b\u00fct\u00fcn istiqam\u0259tl\u0259rd\u0259 d\u00f6y\u00fc\u015f n\u00f6vb\u0259t\u00e7iliyi y\u00fcks\u0259k s\u0259viyy\u0259d\u0259 t\u0259\u015fkil olunur: \u201cApar\u0131lan islahatlar n\u0259tic\u0259sind\u0259 pe\u015f\u0259kar kadrlar yeti\u015fir, y\u00fcks\u0259k d\u0259qiqlikl\u0259 h\u0259d\u0259fi m\u0259hv etm\u0259 qabiliyy\u0259tin\u0259 malik m\u00fcasir silahlarla Ordumuz daha da q\u00fcdr\u0259tl\u0259nir. H\u0259r bir h\u0259rbi qulluq\u00e7u b\u00fct\u00fcn t\u0259minat n\u00f6vl\u0259ri (maddi, m\u0259n\u0259vi, tibbi t\u0259minat, m\u0259i\u015f\u0259t \u015f\u0259raiti) il\u0259 t\u0259min edilir. H\u0259rbi qulluq\u00e7ular\u0131n sosial-m\u0259i\u015f\u0259t \u015f\u0259raitinin yax\u015f\u0131la\u015fd\u0131r\u0131lmas\u0131 istiqam\u0259tind\u0259 m\u00fct\u0259madi olaraq i\u015fl\u0259r g\u00f6r\u00fcl\u00fcr. Az\u0259rbaycan Ordusu \u00f6lk\u0259miz\u0259 qar\u015f\u0131 y\u00f6n\u0259lmi\u015f t\u0259cav\u00fcz\u00fcn d\u0259f edilm\u0259sini, \u0259razi b\u00fct\u00f6vl\u00fcy\u00fcn\u00fcn v\u0259 toxunulmazl\u0131\u011f\u0131n\u0131n silahl\u0131 m\u00fcdafi\u0259sini t\u0259min edir. Bu g\u00fcn h\u0259r k\u0259s bilm\u0259lidir ki, Ordumuz \u00f6lk\u0259mizi ist\u0259nil\u0259n xarici t\u0259hdidl\u0259rd\u0259n qoruma\u011fa h\u0259r an haz\u0131rd\u0131r. Az\u0259rbaycan\u0131n m\u00fcst\u0259qilliyini, suverenliyini v\u0259\u00a0\u0259razi b\u00fct\u00f6vl\u00fcy\u00fcn\u00fc qorumaq bizim \u015f\u0259r\u0259fli borcumuzdur\u201d.<\/p>\n<p>Qeyd ed\u0259k ki, bu g\u00fcn F\u00fczulinin Erm\u0259nistan silahl\u0131 q\u00fcvv\u0259l\u0259rinin i\u015f\u011fal\u0131ndan azad edilm\u0259sind\u0259n iki il \u00f6t\u00fcr.<\/p>\n","protected":false},"excerpt":{"rendered":"<p>\u201cErm\u0259nil\u0259r 30 il\u0259 yax\u0131n\u00a0i\u015f\u011fal alt\u0131nda saxlad\u0131qlar\u0131 F\u00fczulini \u201cal\u0131nmaz qala\u201d hesab edirdil\u0259r. Onlar fikirl\u0259\u015firdil\u0259r ki, Az\u0259rbaycan Ordusu he\u00e7 vaxt F\u00fczulini azad ed\u0259 bilm\u0259z. Ancaq Az\u0259rbaycan Ordusu onlar\u0131n bu mifl\u0259rini d\u0259 da\u011f\u0131daraq tarixi torpa\u011f\u0131m\u0131z\u0131 i\u015f\u011fal\u00e7\u0131lardan azad etdi. Bu torpaqlar bizimdir v\u0259 \u0259b\u0259di olaraq da bizim olacaq\u201d. Bunu \u201cReport\u201dun F\u00fczuliy\u0259 ezam olunan \u0259m\u0259kda\u015f\u0131na a\u00e7\u0131qlamas\u0131nda M\u00fcdafi\u0259 Nazirliyinin Quru Qo\u015funlar\u0131n\u0131n (Komando) h\u0259rbi qulluq\u00e7usu Amil H\u0259s\u0259nov deyib. O bildirib ki, d\u00f6y\u00fc\u015fl\u0259r\u0259 k\u00f6n\u00fcll\u00fc olaraq qat\u0131l\u0131b: \u201cH\u0259yat\u0131 d\u0259rk ed\u0259nd\u0259n valideynl\u0259rimd\u0259n torpaqlar\u0131m\u0131z\u0131n i\u015f\u011fal alt\u0131nda oldu\u011funu e\u015fidirdim. H\u0259min yerl\u0259ri d\u00fc\u015fm\u0259n tapda\u011f\u0131 alt\u0131ndan azad etm\u0259k bizim borcumuz idi v\u0259 Az\u0259rbaycan Ordusu&hellip;<\/p>\n","protected":false},"author":2,"featured_media":524484,"comment_status":"closed","ping_status":"closed","sticky":false,"template":"","format":"standard","meta":{"om_disable_all_campaigns":false,"_monsterinsights_skip_tracking":false,"_monsterinsights_sitenote_active":false,"_monsterinsights_sitenote_note":"","_monsterinsights_sitenote_category":0},"categories":[4],"tags":[],"aioseo_notices":[],"gutentor_comment":0,"rttpg_featured_image_url":{"full":["https:\/\/arantv.az\/wp-content\/uploads\/2022\/10\/esas-1.jpg",620,413,false],"landscape":["https:\/\/arantv.az\/wp-content\/uploads\/2022\/10\/esas-1.jpg",620,413,false],"portraits":["https:\/\/arantv.az\/wp-content\/uploads\/2022\/10\/esas-1.jpg",620,413,false],"thumbnail":["https:\/\/arantv.az\/wp-content\/uploads\/2022\/10\/esas-1-500x280.jpg",500,280,true],"medium":["https:\/\/arantv.az\/wp-content\/uploads\/2022\/10\/esas-1-548x365.jpg",548,365,true],"large":["https:\/\/arantv.az\/wp-content\/uploads\/2022\/10\/esas-1.jpg",620,413,false],"1536x1536":["https:\/\/arantv.az\/wp-content\/uploads\/2022\/10\/esas-1.jpg",620,413,false],"2048x2048":["https:\/\/arantv.az\/wp-content\/uploads\/2022\/10\/esas-1.jpg",620,413,false],"post-thumbnail":["https:\/\/arantv.az\/wp-content\/uploads\/2022\/10\/esas-1-240x172.jpg",240,172,true],"advps-thumb-one":["https:\/\/arantv.az\/wp-content\/uploads\/2022\/10\/esas-1.jpg",620,413,false]},"rttpg_author":{"display_name":"V\u00fcsal Rafiqo\u011flu","author_link":"https:\/\/arantv.az\/?author=2"},"rttpg_comment":0,"rttpg_category":"<a href=\"https:\/\/arantv.az\/?cat=4\" rel=\"category\">Siyas\u0259t<\/a>","rttpg_excerpt":"\u201cErm\u0259nil\u0259r 30 il\u0259 yax\u0131n\u00a0i\u015f\u011fal alt\u0131nda saxlad\u0131qlar\u0131 F\u00fczulini \u201cal\u0131nmaz qala\u201d hesab edirdil\u0259r. Onlar fikirl\u0259\u015firdil\u0259r ki, Az\u0259rbaycan Ordusu he\u00e7 vaxt F\u00fczulini azad ed\u0259 bilm\u0259z. Ancaq Az\u0259rbaycan Ordusu onlar\u0131n bu mifl\u0259rini d\u0259 da\u011f\u0131daraq tarixi torpa\u011f\u0131m\u0131z\u0131 i\u015f\u011fal\u00e7\u0131lardan azad etdi. Bu torpaqlar bizimdir v\u0259 \u0259b\u0259di olaraq da bizim olacaq\u201d. Bunu \u201cReport\u201dun F\u00fczuliy\u0259 ezam olunan \u0259m\u0259kda\u015f\u0131na a\u00e7\u0131qlamas\u0131nda M\u00fcdafi\u0259 Nazirliyinin Quru Qo\u015funlar\u0131n\u0131n&hellip;","_links":{"self":[{"href":"https:\/\/arantv.az\/index.php?rest_route=\/wp\/v2\/posts\/524483"}],"collection":[{"href":"https:\/\/arantv.az\/index.php?rest_route=\/wp\/v2\/posts"}],"about":[{"href":"https:\/\/arantv.az\/index.php?rest_route=\/wp\/v2\/types\/post"}],"author":[{"embeddable":true,"href":"https:\/\/arantv.az\/index.php?rest_route=\/wp\/v2\/users\/2"}],"replies":[{"embeddable":true,"href":"https:\/\/arantv.az\/index.php?rest_route=%2Fwp%2Fv2%2Fcomments&post=524483"}],"version-history":[{"count":0,"href":"https:\/\/arantv.az\/index.php?rest_route=\/wp\/v2\/posts\/524483\/revisions"}],"wp:featuredmedia":[{"embeddable":true,"href":"https:\/\/arantv.az\/index.php?rest_route=\/wp\/v2\/media\/524484"}],"wp:attachment":[{"href":"https:\/\/arantv.az\/index.php?rest_route=%2Fwp%2Fv2%2Fmedia&parent=524483"}],"wp:term":[{"taxonomy":"category","embeddable":true,"href":"https:\/\/arantv.az\/index.php?rest_route=%2Fwp%2Fv2%2Fcategories&post=524483"},{"taxonomy":"post_tag","embeddable":true,"href":"https:\/\/arantv.az\/index.php?rest_route=%2Fwp%2Fv2%2Ftags&post=524483"}],"curies":[{"name":"wp","href":"https:\/\/api.w.org\/{rel}","templated":true}]}}