{"id":524487,"date":"2022-10-17T17:10:19","date_gmt":"2022-10-17T14:10:19","guid":{"rendered":"https:\/\/arantv.az\/?p=524487"},"modified":"2022-10-17T17:10:19","modified_gmt":"2022-10-17T14:10:19","slug":"dagidilmis-fuzuli-s%c9%99h%c9%99ri-erm%c9%99ni-fasizminin-canli-sahididir","status":"publish","type":"post","link":"https:\/\/arantv.az\/?p=524487","title":{"rendered":"Da\u011f\u0131d\u0131lm\u0131\u015f F\u00fczuli \u015f\u0259h\u0259ri erm\u0259ni fa\u015fizminin canl\u0131 \u015fahididir"},"content":{"rendered":"<p><strong>F\u0259q\u0259t \u015eadlinskaya<\/strong><\/p>\n<p><strong>YAP B\u0259rd\u0259 rayon t\u0259\u015fkilat\u0131n\u0131n s\u0259dri<\/strong><\/p>\n<p>\u201cF\u00fczuli \u015f\u0259h\u0259ri i\u015f\u011fal\u00e7\u0131lardan azad edilib. F\u00fczuli \u015f\u0259h\u0259rind\u0259 Az\u0259rbaycan bayra\u011f\u0131 qald\u0131r\u0131l\u0131b. Biz F\u00fczuliy\u0259 qay\u0131tm\u0131\u015f\u0131q. Ancaq indi yol boyunca da\u011f\u0131d\u0131lm\u0131\u015f k\u0259ndl\u0259ri v\u0259 F\u00fczuli \u015f\u0259h\u0259rini da\u011f\u0131lm\u0131\u015f v\u0259ziyy\u0259td\u0259 g\u00f6r\u0259nd\u0259 adam\u0131n \u00fcr\u0259yi a\u011fr\u0131y\u0131r. V\u0259h\u015fil\u0259r bizim \u015f\u0259h\u0259rimizi n\u0259 g\u00fcn\u0259 sal\u0131blar?! Da\u011f\u0131d\u0131blar, evl\u0259ri da\u011f\u0131d\u0131blar, b\u00fct\u00fcn infrastrukturu da\u011f\u0131d\u0131blar, bir d\u0259n\u0259 d\u0259 salamat bina yoxdur. B\u00fct\u00fcn d\u00fcnya g\u00f6rm\u0259lidir erm\u0259ni v\u0259h\u015filiyi n\u0259 dem\u0259kdir v\u0259 b\u00fct\u00fcn d\u00fcnyaya biz bunu g\u00f6st\u0259r\u0259c\u0259yik. T\u0259kc\u0259 F\u00fczuli yox, A\u011fdam \u015f\u0259h\u0259ri n\u0259 g\u00fcnd\u0259dir, ba\u015fqa \u015f\u0259h\u0259rl\u0259r. Sanki bu torpaqlardan bir v\u0259h\u015fi q\u0259bil\u0259 ke\u00e7ib. H\u0259r \u015feyi da\u011f\u0131d\u0131b, talan edib, bizim m\u0259d\u0259ni, tarixi, dini irsimizi silm\u0259k ist\u0259yib, ancaq ist\u0259diyin\u0259 nail ola bilm\u0259yib. \u00c7\u00fcnki biz g\u0259lm\u0259li idik, qay\u0131tmal\u0131 idik. G\u0259lmi\u015fik v\u0259 qay\u0131tm\u0131\u015f\u0131q. D\u00fc\u015fm\u0259ni qovmu\u015fuq torpaqlar\u0131m\u0131zdan, Az\u0259rbaycan\u0131n D\u00f6vl\u0259t Bayra\u011f\u0131n\u0131 ucaltm\u0131\u015f\u0131q. Bundan sonra bu torpaqda biz ya\u015fayaca\u011f\u0131q, nec\u0259 ki, \u0259srl\u0259r boyu biz ya\u015fam\u0131\u015f\u0131q, bizim xalq\u0131m\u0131z ya\u015fay\u0131b.\u201d D\u00f6vl\u0259t ba\u015f\u00e7\u0131s\u0131, M\u00fcz\u0259ff\u0259r Ali Ba\u015f Komandan \u0130lham \u018fliyev tarixi Z\u0259f\u0259rimizd\u0259n sonra F\u00fczuli rayonuna realla\u015fd\u0131rd\u0131\u011f\u0131 ilk s\u0259f\u0259ri zaman\u0131 Az\u0259rbaycan Bayra\u011f\u0131n\u0131 ucaltd\u0131qdan sonra \u00e7\u0131x\u0131\u015f\u0131nda\u00a0 r\u0259\u015fad\u0259tli Ordumuzun q\u00fcdr\u0259ti, g\u00fcc\u00fc say\u0259sind\u0259 torpaqlar\u0131m\u0131z\u0131n tarixi sahibin\u0259 qovu\u015fmas\u0131ndan, xalq\u0131m\u0131z\u0131n yenilm\u0259z, m\u0259\u011frur xalq olmas\u0131ndan geni\u015f b\u0259hs etdi.\u00a0 Art\u0131q 17 oktyabr tarixi xalq\u0131m\u0131z t\u0259r\u0259find\u0259n b\u00f6y\u00fck sevinc, q\u00fcrur hissi il\u0259 qeyd edilir. Bu tarixd\u0259 F\u00fczuli \u015f\u0259h\u0259ri daxil olmaqla rayonunun Qo\u00e7\u0259hm\u0259dli, \u00c7im\u0259n, Cuvarl\u0131, Pir\u0259hm\u0259dli, Musab\u0259yli, \u0130\u015f\u0131ql\u0131, D\u0259d\u0259li k\u0259ndl\u0259ri\u00a0 i\u015f\u011faldan azad\u00a0 edildi.<\/p>\n<p>C\u0259bh\u0259d\u0259n g\u0259l\u0259n q\u0259l\u0259b\u0259 m\u00fcjd\u0259l\u0259ri xalq\u0131m\u0131z\u0131 daha da q\u00fcrurland\u0131r\u0131r, tezlikl\u0259 30 ilin i\u015f\u011fal\u0131na son qoyulaca\u011f\u0131na \u0259minlik yarad\u0131rd\u0131. H\u0259r g\u00fcn bir \u015f\u0259h\u0259rin, ya\u015fay\u0131\u015f m\u0259nt\u0259q\u0259sinin azadl\u0131\u011fa qovu\u015fmas\u0131 il\u0259 yadda qald\u0131. Az\u0259rbaycan Ordusunun g\u00fcc\u00fc, q\u00fcdr\u0259ti qar\u015f\u0131s\u0131nda\u00a0 dayana bilm\u0259y\u0259n erm\u0259ni silahl\u0131 q\u00fcvv\u0259l\u0259ri h\u0259rbi texnikan\u0131, silah-sursat\u0131 qoyub qa\u00e7d\u0131. Torpaq, V\u0259t\u0259n sevgisini d\u00f6yu\u015f ruhunun artmas\u0131nda qabar\u0131q \u015f\u0259kild\u0259 b\u00fcruz\u0259 ver\u0259n Az\u0259rbaycan Ordusu h\u0259r g\u00fcn ir\u0259li getdi. \u00a044 g\u00fcnd\u0259 5 \u015f\u0259h\u0259rin, 4 q\u0259s\u0259b\u0259nin, 300-\u0259 yax\u0131n ya\u015fay\u0131\u015f m\u0259nt\u0259q\u0259sinin i\u015f\u011faldan azad edilm\u0259si Ordumuzun hans\u0131 imkanlara malik oldu\u011funu d\u00fcnyaya n\u00fcmayi\u015f etdirdi. Ordumuz erm\u0259nil\u0259in ill\u0259rdir yaratd\u0131qlar\u0131 \u201cm\u0259\u011flubedilm\u0259z ordu\u201d mifini darmada\u011f\u0131n etdi. Tarixi Z\u0259f\u0259rimiz bir daha s\u00fcbut etdi ki, d\u00fcnyan\u0131n \u0259n g\u00fccl\u00fc ordusu Az\u0259rbaycan Ordusudur. \u00dcmumilikd\u0259 V\u0259t\u0259n m\u00fcharib\u0259sind\u0259 F\u00fczuli \u015f\u0259h\u0259ri daxil olmaqla rayonun 62 ya\u015fay\u0131\u015f m\u0259nt\u0259q\u0259si i\u015f\u011faldan azad edilib.<\/p>\n<p>17 oktyabr tarixi t\u0259kc\u0259 f\u00fczulil\u0259r \u00fc\u00e7\u00fcn deyil, b\u00fct\u00fcn Az\u0259rbaycan xalq\u0131 \u00fc\u00e7\u00fcn q\u00fcrur, sevinc tarixidir. Art\u0131q xalq\u0131m\u0131z torpaqlar\u0131m\u0131z\u0131n i\u015f\u011faldan azad edildikl\u0259ri tarixi qeyd etdikl\u0259ri \u00fc\u00e7\u00fcn \u00f6zl\u0259rini xo\u015fb\u0259xt hiss edir, B\u00f6y\u00fck Qay\u0131d\u0131\u015f\u0131n b\u00fct\u00fcnl\u00fckl\u0259 reall\u0131\u011fa \u00e7evrilm\u0259sind\u0259n sonra bu \u0259razil\u0259rimizin\u00a0 g\u0259l\u0259c\u0259yini nec\u0259 g\u00f6rm\u0259k ist\u0259dikl\u0259ri bar\u0259d\u0259 \u00a0d\u00fc\u015f\u00fcnc\u0259l\u0259rini payla\u015f\u0131rlar.<\/p>\n<p>D\u00f6vl\u0259t ba\u015f\u00e7\u0131s\u0131 \u0130lham \u018fliyev tarixi Z\u0259f\u0259rimizin say\u0259sind\u0259 i\u015f\u011faldan azad edilmi\u015f \u0259razil\u0259rimizd\u0259 erm\u0259nil\u0259rin t\u00f6r\u0259tdikl\u0259ri v\u0259h\u015filikl\u0259rd\u0259n, vandalizmd\u0259n b\u0259hs ed\u0259r\u0259k yekun olaraq bildirir ki, indi \u0259sas m\u0259s\u0259l\u0259 bu torpaqlar\u0131n yenid\u0259n qurulmas\u0131d\u0131r.<\/p>\n<p>F\u00fczuli rayonu\u00a0 b\u0259rpa-quruculuq m\u0259rh\u0259l\u0259sini \u00a0y\u00fcks\u0259k s\u0259viyy\u0259d\u0259 ya\u015fay\u0131r. Beyn\u0259lxalq \u0259h\u0259miyy\u0259tli, m\u00fcasir t\u0259l\u0259bl\u0259r\u0259 cavab ver\u0259n hava liman\u0131 m\u0259hz F\u00fczuli rayonunda tikilib istifad\u0259y\u0259 verilib. \u0130\u015f\u011faldan azad edilmi\u015f \u0259razil\u0259rimiz\u0259 s\u0259f\u0259rl\u0259rini bu aeroport vasit\u0259sil\u0259 realla\u015fd\u0131ran xarici qonaqlar\u00a0 g\u00f6rd\u00fckl\u0259ri m\u0259nz\u0259r\u0259l\u0259rd\u0259n heyr\u0259tl\u0259rini gizl\u0259tmirl\u0259r. Bir t\u0259r\u0259fd\u0259 erm\u0259nil\u0259rin ill\u0259rdir t\u00f6r\u0259tdikl\u0259ri da\u011f\u0131nt\u0131lar, dig\u0259r t\u0259r\u0259fd\u0259 is\u0259 Az\u0259rbaycan d\u00f6vl\u0259tinin \u00f6z g\u00fcc\u00fc, daxili imkanlar\u0131 hesab\u0131na h\u0259yata ke\u00e7irdiyi b\u0259rpa-quruculuq i\u015fl\u0259ri\u00a0 yer al\u0131r. D\u00f6vl\u0259t ba\u015f\u00e7\u0131s\u0131 \u0130lham \u018fliyev F\u00fczulid\u0259 olark\u0259n bu m\u0259qam\u0131 da x\u00fcsusi qeyd etmi\u015fdir ki, da\u011f\u0131d\u0131lm\u0131\u015f F\u00fczuli \u015f\u0259h\u0259ri erm\u0259ni fa\u015fizminin canl\u0131 \u015fahididir. B\u00fct\u00fcn d\u00fcnya bunu g\u00f6rm\u0259lidir v\u0259 s\u0259ssiz qalmamal\u0131d\u0131r.<\/p>\n<p>D\u00f6vl\u0259t ba\u015f\u00e7\u0131s\u0131 \u0130lham \u018fliyevin g\u00f6st\u0259ri\u015fi \u0259sas\u0131nda F\u00fczuli-\u015eu\u015fa, Z\u0259f\u0259r yolunun t\u0259m\u0259li qoyuldu v\u0259 \u00e7ox q\u0131sa zamanda istifad\u0259y\u0259 verildi.\u00a0 Az\u0259rbaycan\u0131n tarixi Z\u0259f\u0259rind\u0259 \u0259h\u0259miyy\u0259tli rol oynayan \u015eu\u015fa \u0259m\u0259liyyat\u0131na \u015fahidlik ed\u0259n bu Z\u0259f\u0259r yolunun r\u0259mzi m\u0259nas\u0131 vard\u0131r. Yolun \u0259h\u0259miyy\u0259tind\u0259n b\u0259hs ed\u0259rk\u0259n onun iqtisadi t\u0259r\u0259find\u0259n \u00e7ox, dastana \u00e7evril\u0259n \u015eu\u015fa \u0259m\u0259liyyat\u0131na \u015fahidlik etm\u0259si vur\u011fulan\u0131r. \u00a0Bu g\u00fcn bu yol soyda\u015flar\u0131m\u0131z\u0131 Qarba\u011f\u0131n tac\u0131 \u015eu\u015faya qovu\u015fdurur. \u015eu\u015fa v\u0259 A\u011fdamla yana\u015f\u0131, F\u00fczuli\u00a0 \u015f\u0259h\u0259rin\u0259 d\u0259 avtobus reysl\u0259ri \u00a0a\u00e7\u0131l\u0131b v\u0259 soyda\u015flar\u0131m\u0131z \u00f6z do\u011fma yurd-yuvalar\u0131n\u0131 g\u00f6rm\u0259k imkan\u0131 qazan\u0131rlar. Xalq\u0131m\u0131z i\u015f\u011faldan azad edil\u0259n dig\u0259r torpaqlar\u0131m\u0131z kimi, F\u00fczulinin d\u0259 sabah\u0131na b\u00f6y\u00fck inamla yana\u015f\u0131r, bu \u0259razil\u0259rin c\u0259nn\u0259t m\u0259kana \u00e7evrilm\u0259sini b\u00f6y\u00fck f\u0259xr hissi il\u0259 qeyd edirl\u0259r.<\/p>\n","protected":false},"excerpt":{"rendered":"<p>F\u0259q\u0259t \u015eadlinskaya YAP B\u0259rd\u0259 rayon t\u0259\u015fkilat\u0131n\u0131n s\u0259dri \u201cF\u00fczuli \u015f\u0259h\u0259ri i\u015f\u011fal\u00e7\u0131lardan azad edilib. F\u00fczuli \u015f\u0259h\u0259rind\u0259 Az\u0259rbaycan bayra\u011f\u0131 qald\u0131r\u0131l\u0131b. Biz F\u00fczuliy\u0259 qay\u0131tm\u0131\u015f\u0131q. Ancaq indi yol boyunca da\u011f\u0131d\u0131lm\u0131\u015f k\u0259ndl\u0259ri v\u0259 F\u00fczuli \u015f\u0259h\u0259rini da\u011f\u0131lm\u0131\u015f v\u0259ziyy\u0259td\u0259 g\u00f6r\u0259nd\u0259 adam\u0131n \u00fcr\u0259yi a\u011fr\u0131y\u0131r. V\u0259h\u015fil\u0259r bizim \u015f\u0259h\u0259rimizi n\u0259 g\u00fcn\u0259 sal\u0131blar?! Da\u011f\u0131d\u0131blar, evl\u0259ri da\u011f\u0131d\u0131blar, b\u00fct\u00fcn infrastrukturu da\u011f\u0131d\u0131blar, bir d\u0259n\u0259 d\u0259 salamat bina yoxdur. B\u00fct\u00fcn d\u00fcnya g\u00f6rm\u0259lidir erm\u0259ni v\u0259h\u015filiyi n\u0259 dem\u0259kdir v\u0259 b\u00fct\u00fcn d\u00fcnyaya biz bunu g\u00f6st\u0259r\u0259c\u0259yik. T\u0259kc\u0259 F\u00fczuli yox, A\u011fdam \u015f\u0259h\u0259ri n\u0259 g\u00fcnd\u0259dir, ba\u015fqa \u015f\u0259h\u0259rl\u0259r. Sanki bu torpaqlardan bir v\u0259h\u015fi q\u0259bil\u0259 ke\u00e7ib. H\u0259r \u015feyi da\u011f\u0131d\u0131b, talan edib, bizim m\u0259d\u0259ni, tarixi,&hellip;<\/p>\n","protected":false},"author":2,"featured_media":519015,"comment_status":"closed","ping_status":"closed","sticky":false,"template":"","format":"standard","meta":{"om_disable_all_campaigns":false,"_monsterinsights_skip_tracking":false,"_monsterinsights_sitenote_active":false,"_monsterinsights_sitenote_note":"","_monsterinsights_sitenote_category":0},"categories":[2],"tags":[],"aioseo_notices":[],"gutentor_comment":0,"rttpg_featured_image_url":{"full":["https:\/\/arantv.az\/wp-content\/uploads\/2022\/10\/thumb.jpg",360,300,false],"landscape":["https:\/\/arantv.az\/wp-content\/uploads\/2022\/10\/thumb.jpg",360,300,false],"portraits":["https:\/\/arantv.az\/wp-content\/uploads\/2022\/10\/thumb.jpg",360,300,false],"thumbnail":["https:\/\/arantv.az\/wp-content\/uploads\/2022\/10\/thumb-360x280.jpg",360,280,true],"medium":["https:\/\/arantv.az\/wp-content\/uploads\/2022\/10\/thumb.jpg",360,300,false],"large":["https:\/\/arantv.az\/wp-content\/uploads\/2022\/10\/thumb.jpg",360,300,false],"1536x1536":["https:\/\/arantv.az\/wp-content\/uploads\/2022\/10\/thumb.jpg",360,300,false],"2048x2048":["https:\/\/arantv.az\/wp-content\/uploads\/2022\/10\/thumb.jpg",360,300,false],"post-thumbnail":["https:\/\/arantv.az\/wp-content\/uploads\/2022\/10\/thumb-240x172.jpg",240,172,true],"advps-thumb-one":["https:\/\/arantv.az\/wp-content\/uploads\/2022\/10\/thumb.jpg",360,300,false]},"rttpg_author":{"display_name":"V\u00fcsal Rafiqo\u011flu","author_link":"https:\/\/arantv.az\/?author=2"},"rttpg_comment":0,"rttpg_category":"<a href=\"https:\/\/arantv.az\/?cat=2\" rel=\"category\">Region X\u0259b\u0259rl\u0259ri<\/a>","rttpg_excerpt":"F\u0259q\u0259t \u015eadlinskaya YAP B\u0259rd\u0259 rayon t\u0259\u015fkilat\u0131n\u0131n s\u0259dri \u201cF\u00fczuli \u015f\u0259h\u0259ri i\u015f\u011fal\u00e7\u0131lardan azad edilib. F\u00fczuli \u015f\u0259h\u0259rind\u0259 Az\u0259rbaycan bayra\u011f\u0131 qald\u0131r\u0131l\u0131b. Biz F\u00fczuliy\u0259 qay\u0131tm\u0131\u015f\u0131q. Ancaq indi yol boyunca da\u011f\u0131d\u0131lm\u0131\u015f k\u0259ndl\u0259ri v\u0259 F\u00fczuli \u015f\u0259h\u0259rini da\u011f\u0131lm\u0131\u015f v\u0259ziyy\u0259td\u0259 g\u00f6r\u0259nd\u0259 adam\u0131n \u00fcr\u0259yi a\u011fr\u0131y\u0131r. V\u0259h\u015fil\u0259r bizim \u015f\u0259h\u0259rimizi n\u0259 g\u00fcn\u0259 sal\u0131blar?! Da\u011f\u0131d\u0131blar, evl\u0259ri da\u011f\u0131d\u0131blar, b\u00fct\u00fcn infrastrukturu da\u011f\u0131d\u0131blar, bir d\u0259n\u0259 d\u0259 salamat bina yoxdur. B\u00fct\u00fcn d\u00fcnya&hellip;","_links":{"self":[{"href":"https:\/\/arantv.az\/index.php?rest_route=\/wp\/v2\/posts\/524487"}],"collection":[{"href":"https:\/\/arantv.az\/index.php?rest_route=\/wp\/v2\/posts"}],"about":[{"href":"https:\/\/arantv.az\/index.php?rest_route=\/wp\/v2\/types\/post"}],"author":[{"embeddable":true,"href":"https:\/\/arantv.az\/index.php?rest_route=\/wp\/v2\/users\/2"}],"replies":[{"embeddable":true,"href":"https:\/\/arantv.az\/index.php?rest_route=%2Fwp%2Fv2%2Fcomments&post=524487"}],"version-history":[{"count":0,"href":"https:\/\/arantv.az\/index.php?rest_route=\/wp\/v2\/posts\/524487\/revisions"}],"wp:featuredmedia":[{"embeddable":true,"href":"https:\/\/arantv.az\/index.php?rest_route=\/wp\/v2\/media\/519015"}],"wp:attachment":[{"href":"https:\/\/arantv.az\/index.php?rest_route=%2Fwp%2Fv2%2Fmedia&parent=524487"}],"wp:term":[{"taxonomy":"category","embeddable":true,"href":"https:\/\/arantv.az\/index.php?rest_route=%2Fwp%2Fv2%2Fcategories&post=524487"},{"taxonomy":"post_tag","embeddable":true,"href":"https:\/\/arantv.az\/index.php?rest_route=%2Fwp%2Fv2%2Ftags&post=524487"}],"curies":[{"name":"wp","href":"https:\/\/api.w.org\/{rel}","templated":true}]}}