{"id":524912,"date":"2022-10-18T15:01:57","date_gmt":"2022-10-18T12:01:57","guid":{"rendered":"https:\/\/arantv.az\/?p=524912"},"modified":"2022-10-18T15:01:57","modified_gmt":"2022-10-18T12:01:57","slug":"magistratura-imtahani-il%c9%99-bagli-bakalavrlarin-naraziligi-haqlidir-aciqlama-foto","status":"publish","type":"post","link":"https:\/\/arantv.az\/?p=524912","title":{"rendered":"Magistratura imtahan\u0131 il\u0259 ba\u011fl\u0131 bakalavrlar\u0131n naraz\u0131l\u0131\u011f\u0131 haql\u0131d\u0131r? &#8211; A\u00c7IQLAMA + FOTO"},"content":{"rendered":"<p>\u00d6t\u0259n il oldu\u011fu kimi bu il d\u0259 magistraturaya haz\u0131rla\u015fan\u00a0bakalavrlar aras\u0131nda naraz\u0131l\u0131q var. \u0130mtahana aylar qalmas\u0131na baxmayaraq, suallar\u0131n \u00e7\u0259tin olaca\u011f\u0131, n\u0259tic\u0259l\u0259rinin a\u015fa\u011f\u0131 g\u0259l\u0259c\u0259yini indid\u0259n g\u00fcman ed\u0259nl\u0259r d\u0259 az deyil. Bu naraz\u0131l\u0131q x\u00fcsus\u0259n d\u0259 humanitar v\u0259 t\u0259bi\u0259t elml\u0259ri \u00fczr\u0259 t\u0259hsil alan bakalavrlar aras\u0131ndad\u0131r. Onlar imtahanda \u00e7\u0259tinlik \u00e7\u0259k\u0259c\u0259kl\u0259rini bildirirl\u0259r. \u00c7\u00fcnki onlar 4 il \u0259rzind\u0259 ancaq bu elm sah\u0259l\u0259ri \u00fczr\u0259 t\u0259hsil al\u0131blar.<\/p>\n<p>H\u0259min \u015f\u0259xsl\u0259r texniki elml\u0259r \u00fczr\u0259 t\u0259hsil alan bakalavrlar kimi onlar\u0131n\u00a0da informatika v\u0259 m\u0259ntiqd\u0259n imtahan verm\u0259sin\u0259 etiraz edirl\u0259r. Bunun \u0259dal\u0259tsiz oldu\u011funu hesab edirl\u0259r.<\/p>\n<div class=\"AdviadNativeVideo\"><\/div>\n<p>B\u0259s g\u00f6r\u0259s\u0259n n\u00f6vb\u0259ti ild\u0259n d\u0259yi\u015fiklik ola bil\u0259r? Naraz\u0131l\u0131qlar\u0131 haql\u0131 hesab etm\u0259k olar?<\/p>\n<p>M\u00f6vzu il\u0259 ba\u011fl\u0131\u00a0Oxu.Az-a a\u00e7\u0131qlama ver\u0259n Milli M\u0259clisin elm v\u0259 t\u0259hsil komit\u0259sinin \u00fczv\u00fc, deputat\u00a0<strong>Ceyhun M\u0259mm\u0259dov<\/strong>un s\u00f6zl\u0259rin\u0259 g\u00f6r\u0259, bakalavrlar\u0131n naraz\u0131l\u0131\u011f\u0131 haql\u0131 deyil:<\/p>\n<p><img src=\"https:\/\/cdn.oxu.az\/uploads\/W1siZiIsIjIwMjIvMTAvMTcvMTcvNTAvNDEvM2VlMzAwYWEtNjQ1Ni00MTdjLTkxNTMtYzAxNjQ3ODE3ZmY0L0ZvdG9KZXQgLSAyMDIyLTEwLTE3VDE3NTAyMy44ODkuanBnIl0sWyJwIiwiZW5jb2RlIiwianBnIiwiLXF1YWxpdHkgODAiXSxbInAiLCJ0aHVtYiIsIjU5MHg1OTBcdTAwM2UiXV0?sha=3b7e669b4035e219\" alt=\"\" \/><\/p>\n<p>\u201cBakalavrlar\u0131n naraz\u0131l\u0131\u011f\u0131 d\u00fczg\u00fcn deyil. Uzun ill\u0259rdir ki, bu qayda bel\u0259dir. Biz orta m\u0259kt\u0259bd\u0259n universitet\u0259 imtahan ver\u0259nd\u0259 b\u00fct\u00fcn f\u0259nl\u0259rd\u0259n imtahan olmur. \u0130mtahan \u00fcmumi biliyin qiym\u0259tl\u0259ndirilm\u0259si \u00fc\u00e7\u00fcnd\u00fcr. \u0130st\u0259r humanitar, ist\u0259rs\u0259 d\u0259 texniki ixtisaslarda oxuyanlar\u0131n informatika v\u0259 m\u0259ntiq f\u0259nnind\u0259n imtahan verm\u0259si normal v\u0259 t\u0259biidir. \u0130mtahanlar\u0131n f\u0259ls\u0259f\u0259sin\u0259 diqq\u0259t etm\u0259k laz\u0131md\u0131r. \u018fsas m\u0259s\u0259l\u0259 t\u0259l\u0259b\u0259l\u0259rin \u00fcmumi biliyinin yoxlan\u0131lmas\u0131d\u0131r\u201d.<\/p>\n<p>Deputat qeyd edib ki, h\u0259r bir \u015f\u0259xsin informasiya v\u0259 m\u0259ntiqi t\u0259f\u0259kk\u00fcr\u00fcn\u00fcn y\u00fcks\u0259k olmas\u0131 vacibdir:<\/p>\n<p>\u201cHesab edir\u0259m ki, o bax\u0131mdan informatikan\u0131n, m\u0259ntiqin olmas\u0131 normald\u0131r. Bunlar d\u00fcnya praktikas\u0131nda da var. Bunu t\u0259bii v\u0259 normal qar\u015f\u0131lamaq laz\u0131md\u0131r. Unutmayaq ki, imtahanlar se\u00e7im \u00fc\u00e7\u00fcnd\u00fcr. T\u0259l\u0259b\u0259l\u0259r i\u00e7\u0259risind\u0259 m\u00fc\u0259yy\u0259n bilikl\u0259ri olanlar se\u00e7ilib\u00a0n\u00f6vb\u0259ti m\u0259rh\u0259l\u0259d\u0259 t\u0259hsilini davam etdirsinl\u0259r\u201d.<\/p>\n<p>T\u0259hsil eksperti\u00a0<strong>El\u00e7in S\u00fcleymanov<\/strong>\u00a0is\u0259 \u0259lav\u0259 edib ki, qabaqc\u0131l \u00f6lk\u0259l\u0259rd\u0259 d\u0259 bakalavrlar\u0131n bilik s\u0259viyy\u0259si \u00fc\u00e7 istiqam\u0259t \u00fczr\u0259 \u00f6l\u00e7\u00fcl\u00fcr:<\/p>\n<p><img src=\"https:\/\/cdn.oxu.az\/uploads\/W1siZiIsIjIwMjIvMTAvMTcvMTcvNTEvMTIvMDcxOTAwMWQtMmE2Ni00YTg2LWJkYTctYzZjNWUyNDFkYmI1L2Vsw6dpbm5ubm4uanBnIl0sWyJwIiwiZW5jb2RlIiwianBnIiwiLXF1YWxpdHkgODAiXSxbInAiLCJ0aHVtYiIsIjU5MHg1OTBcdTAwM2UiXV0?sha=e04b6761ff7b0607\" alt=\"\" \/><\/p>\n<p>\u201cMagistr imtahan\u0131nda \u0259sas\u0259n m\u0259ntiqi t\u0259f\u0259kk\u00fcr, xarici dil v\u0259 informatikadan imtahan edilm\u0259si \u0259n optimal variantd\u0131r. Daha \u0259vv\u0259ll\u0259r iki m\u0259rh\u0259l\u0259li imtahan t\u0259\u015fkil edilirdi v\u0259 bakalavrlar ikinci m\u0259rh\u0259l\u0259d\u0259 ixtisas\u0131 \u00fczr\u0259 imtahan verirdil\u0259r. Burada yoxlama prosesinin \u00e7\u0259tinliyi, cavablar\u0131n qrupla\u015fmas\u0131 \u00e7\u0259tin oldu. T\u0259cr\u00fcb\u0259l\u0259rd\u0259n ortaya \u00e7\u0131xan \u00e7\u0131x\u0131\u015f yolu bu oldu.<\/p>\n<p>M\u0259ntiqi t\u0259f\u0259kk\u00fcr universitet t\u0259hsilind\u0259 verilmir. Bakalavr\u0131n \u00fcmumiyy\u0259tl\u0259 d\u00fcnyag\u00f6r\u00fc\u015f\u00fc il\u0259 \u0259laq\u0259lidir\u201d.<\/p>\n<p>Ekspert ir\u0259li s\u00fcr\u00fcl\u0259n fikrin \u0259dal\u0259tli olmad\u0131\u011f\u0131n\u0131 s\u00f6yl\u0259yib:<\/p>\n<p>\u201c\u018fdal\u0259tli fikir deyil. \u00c7\u00fcnki onlar toplad\u0131qlar\u0131 bala g\u00f6r\u0259\u00a0m\u00fcsabiq\u0259d\u0259n ke\u00e7ibl\u0259r. Onsuz da m\u00fcsabiq\u0259 \u015f\u0259rtl\u0259ri eynilik t\u0259\u015fkil edir. \u0130mtahan n\u0259tic\u0259sin\u0259 g\u00f6r\u0259\u00a0bakalavr ixtisaslar\u0131 m\u00fc\u0259yy\u0259n edilir.<\/p>\n<p>Bakalavrlar\u0131n irad\u0131\u00a0obyektiv deyil. Standartla\u015fmaq \u00e7ox \u00e7\u0259tindir. \u018fn optimal yol budur\u201d.<\/p>\n","protected":false},"excerpt":{"rendered":"<p>\u00d6t\u0259n il oldu\u011fu kimi bu il d\u0259 magistraturaya haz\u0131rla\u015fan\u00a0bakalavrlar aras\u0131nda naraz\u0131l\u0131q var. \u0130mtahana aylar qalmas\u0131na baxmayaraq, suallar\u0131n \u00e7\u0259tin olaca\u011f\u0131, n\u0259tic\u0259l\u0259rinin a\u015fa\u011f\u0131 g\u0259l\u0259c\u0259yini indid\u0259n g\u00fcman ed\u0259nl\u0259r d\u0259 az deyil. Bu naraz\u0131l\u0131q x\u00fcsus\u0259n d\u0259 humanitar v\u0259 t\u0259bi\u0259t elml\u0259ri \u00fczr\u0259 t\u0259hsil alan bakalavrlar aras\u0131ndad\u0131r. Onlar imtahanda \u00e7\u0259tinlik \u00e7\u0259k\u0259c\u0259kl\u0259rini bildirirl\u0259r. \u00c7\u00fcnki onlar 4 il \u0259rzind\u0259 ancaq bu elm sah\u0259l\u0259ri \u00fczr\u0259 t\u0259hsil al\u0131blar. H\u0259min \u015f\u0259xsl\u0259r texniki elml\u0259r \u00fczr\u0259 t\u0259hsil alan bakalavrlar kimi onlar\u0131n\u00a0da informatika v\u0259 m\u0259ntiqd\u0259n imtahan verm\u0259sin\u0259 etiraz edirl\u0259r. Bunun \u0259dal\u0259tsiz oldu\u011funu hesab edirl\u0259r. B\u0259s g\u00f6r\u0259s\u0259n n\u00f6vb\u0259ti ild\u0259n d\u0259yi\u015fiklik ola bil\u0259r? Naraz\u0131l\u0131qlar\u0131 haql\u0131 hesab&hellip;<\/p>\n","protected":false},"author":2,"featured_media":524913,"comment_status":"closed","ping_status":"closed","sticky":false,"template":"","format":"standard","meta":{"om_disable_all_campaigns":false,"_monsterinsights_skip_tracking":false,"_monsterinsights_sitenote_active":false,"_monsterinsights_sitenote_note":"","_monsterinsights_sitenote_category":0},"categories":[1],"tags":[],"aioseo_notices":[],"gutentor_comment":0,"rttpg_featured_image_url":{"full":["https:\/\/arantv.az\/wp-content\/uploads\/2022\/10\/FotoJet-2022-10-17T174859.815.jpg",620,413,false],"landscape":["https:\/\/arantv.az\/wp-content\/uploads\/2022\/10\/FotoJet-2022-10-17T174859.815.jpg",620,413,false],"portraits":["https:\/\/arantv.az\/wp-content\/uploads\/2022\/10\/FotoJet-2022-10-17T174859.815.jpg",620,413,false],"thumbnail":["https:\/\/arantv.az\/wp-content\/uploads\/2022\/10\/FotoJet-2022-10-17T174859.815-500x280.jpg",500,280,true],"medium":["https:\/\/arantv.az\/wp-content\/uploads\/2022\/10\/FotoJet-2022-10-17T174859.815-548x365.jpg",548,365,true],"large":["https:\/\/arantv.az\/wp-content\/uploads\/2022\/10\/FotoJet-2022-10-17T174859.815.jpg",620,413,false],"1536x1536":["https:\/\/arantv.az\/wp-content\/uploads\/2022\/10\/FotoJet-2022-10-17T174859.815.jpg",620,413,false],"2048x2048":["https:\/\/arantv.az\/wp-content\/uploads\/2022\/10\/FotoJet-2022-10-17T174859.815.jpg",620,413,false],"post-thumbnail":["https:\/\/arantv.az\/wp-content\/uploads\/2022\/10\/FotoJet-2022-10-17T174859.815-240x172.jpg",240,172,true],"advps-thumb-one":["https:\/\/arantv.az\/wp-content\/uploads\/2022\/10\/FotoJet-2022-10-17T174859.815.jpg",620,413,false]},"rttpg_author":{"display_name":"V\u00fcsal Rafiqo\u011flu","author_link":"https:\/\/arantv.az\/?author=2"},"rttpg_comment":0,"rttpg_category":"<a href=\"https:\/\/arantv.az\/?cat=1\" rel=\"category\">C\u0259miyy\u0259t<\/a>","rttpg_excerpt":"\u00d6t\u0259n il oldu\u011fu kimi bu il d\u0259 magistraturaya haz\u0131rla\u015fan\u00a0bakalavrlar aras\u0131nda naraz\u0131l\u0131q var. \u0130mtahana aylar qalmas\u0131na baxmayaraq, suallar\u0131n \u00e7\u0259tin olaca\u011f\u0131, n\u0259tic\u0259l\u0259rinin a\u015fa\u011f\u0131 g\u0259l\u0259c\u0259yini indid\u0259n g\u00fcman ed\u0259nl\u0259r d\u0259 az deyil. Bu naraz\u0131l\u0131q x\u00fcsus\u0259n d\u0259 humanitar v\u0259 t\u0259bi\u0259t elml\u0259ri \u00fczr\u0259 t\u0259hsil alan bakalavrlar aras\u0131ndad\u0131r. Onlar imtahanda \u00e7\u0259tinlik \u00e7\u0259k\u0259c\u0259kl\u0259rini bildirirl\u0259r. \u00c7\u00fcnki onlar 4 il \u0259rzind\u0259 ancaq bu elm sah\u0259l\u0259ri&hellip;","_links":{"self":[{"href":"https:\/\/arantv.az\/index.php?rest_route=\/wp\/v2\/posts\/524912"}],"collection":[{"href":"https:\/\/arantv.az\/index.php?rest_route=\/wp\/v2\/posts"}],"about":[{"href":"https:\/\/arantv.az\/index.php?rest_route=\/wp\/v2\/types\/post"}],"author":[{"embeddable":true,"href":"https:\/\/arantv.az\/index.php?rest_route=\/wp\/v2\/users\/2"}],"replies":[{"embeddable":true,"href":"https:\/\/arantv.az\/index.php?rest_route=%2Fwp%2Fv2%2Fcomments&post=524912"}],"version-history":[{"count":0,"href":"https:\/\/arantv.az\/index.php?rest_route=\/wp\/v2\/posts\/524912\/revisions"}],"wp:featuredmedia":[{"embeddable":true,"href":"https:\/\/arantv.az\/index.php?rest_route=\/wp\/v2\/media\/524913"}],"wp:attachment":[{"href":"https:\/\/arantv.az\/index.php?rest_route=%2Fwp%2Fv2%2Fmedia&parent=524912"}],"wp:term":[{"taxonomy":"category","embeddable":true,"href":"https:\/\/arantv.az\/index.php?rest_route=%2Fwp%2Fv2%2Fcategories&post=524912"},{"taxonomy":"post_tag","embeddable":true,"href":"https:\/\/arantv.az\/index.php?rest_route=%2Fwp%2Fv2%2Ftags&post=524912"}],"curies":[{"name":"wp","href":"https:\/\/api.w.org\/{rel}","templated":true}]}}