{"id":524921,"date":"2022-10-18T15:16:15","date_gmt":"2022-10-18T12:16:15","guid":{"rendered":"https:\/\/arantv.az\/?p=524921"},"modified":"2022-10-18T15:16:15","modified_gmt":"2022-10-18T12:16:15","slug":"az%c9%99rbaycan-elm-fonduna-icraci-direktor-t%c9%99yin-olundu","status":"publish","type":"post","link":"https:\/\/arantv.az\/?p=524921","title":{"rendered":"Az\u0259rbaycan Elm Fonduna icra\u00e7\u0131 direktor t\u0259yin olundu"},"content":{"rendered":"<p>Prezident<strong>\u00a0\u0130lham \u018fliyev<\/strong>\u00a0Mehriban Natiq q\u0131z\u0131 \u0130manovan\u0131n Az\u0259rbaycan Elm Fondunun \u0130cra\u00e7\u0131 direktoru t\u0259yin edilm\u0259si haqq\u0131nda s\u0259r\u0259ncam imzalay\u0131b.<\/p>\n<p>Bununla ba\u011fl\u0131\u00a0<a href=\"https:\/\/president.az\/az\/articles\/view\/57612\" target=\"_blank\" rel=\"noopener\">Prezident.az<\/a>\u00a0m\u0259lumat yay\u0131b.<\/p>\n","protected":false},"excerpt":{"rendered":"<p>Prezident\u00a0\u0130lham \u018fliyev\u00a0Mehriban Natiq q\u0131z\u0131 \u0130manovan\u0131n Az\u0259rbaycan Elm Fondunun \u0130cra\u00e7\u0131 direktoru t\u0259yin edilm\u0259si haqq\u0131nda s\u0259r\u0259ncam imzalay\u0131b. Bununla ba\u011fl\u0131\u00a0Prezident.az\u00a0m\u0259lumat yay\u0131b.<\/p>\n","protected":false},"author":2,"featured_media":278413,"comment_status":"closed","ping_status":"closed","sticky":false,"template":"","format":"standard","meta":{"om_disable_all_campaigns":false,"_monsterinsights_skip_tracking":false,"_monsterinsights_sitenote_active":false,"_monsterinsights_sitenote_note":"","_monsterinsights_sitenote_category":0},"categories":[4],"tags":[],"aioseo_notices":[],"gutentor_comment":0,"rttpg_featured_image_url":{"full":["https:\/\/arantv.az\/wp-content\/uploads\/2021\/01\/1611558092sened_imzalanma.jpg",549,309,false],"landscape":["https:\/\/arantv.az\/wp-content\/uploads\/2021\/01\/1611558092sened_imzalanma.jpg",549,309,false],"portraits":["https:\/\/arantv.az\/wp-content\/uploads\/2021\/01\/1611558092sened_imzalanma.jpg",549,309,false],"thumbnail":["https:\/\/arantv.az\/wp-content\/uploads\/2021\/01\/1611558092sened_imzalanma-150x150.jpg",150,150,true],"medium":["https:\/\/arantv.az\/wp-content\/uploads\/2021\/01\/1611558092sened_imzalanma-300x169.jpg",300,169,true],"large":["https:\/\/arantv.az\/wp-content\/uploads\/2021\/01\/1611558092sened_imzalanma.jpg",549,309,false],"1536x1536":["https:\/\/arantv.az\/wp-content\/uploads\/2021\/01\/1611558092sened_imzalanma.jpg",549,309,false],"2048x2048":["https:\/\/arantv.az\/wp-content\/uploads\/2021\/01\/1611558092sened_imzalanma.jpg",549,309,false],"post-thumbnail":["https:\/\/arantv.az\/wp-content\/uploads\/2021\/01\/1611558092sened_imzalanma-240x172.jpg",240,172,true],"advps-thumb-one":["https:\/\/arantv.az\/wp-content\/uploads\/2021\/01\/1611558092sened_imzalanma.jpg",549,309,false]},"rttpg_author":{"display_name":"V\u00fcsal Rafiqo\u011flu","author_link":"https:\/\/arantv.az\/?author=2"},"rttpg_comment":0,"rttpg_category":"<a href=\"https:\/\/arantv.az\/?cat=4\" rel=\"category\">Siyas\u0259t<\/a>","rttpg_excerpt":"Prezident\u00a0\u0130lham \u018fliyev\u00a0Mehriban Natiq q\u0131z\u0131 \u0130manovan\u0131n Az\u0259rbaycan Elm Fondunun \u0130cra\u00e7\u0131 direktoru t\u0259yin edilm\u0259si haqq\u0131nda s\u0259r\u0259ncam imzalay\u0131b. Bununla ba\u011fl\u0131\u00a0Prezident.az\u00a0m\u0259lumat yay\u0131b.","_links":{"self":[{"href":"https:\/\/arantv.az\/index.php?rest_route=\/wp\/v2\/posts\/524921"}],"collection":[{"href":"https:\/\/arantv.az\/index.php?rest_route=\/wp\/v2\/posts"}],"about":[{"href":"https:\/\/arantv.az\/index.php?rest_route=\/wp\/v2\/types\/post"}],"author":[{"embeddable":true,"href":"https:\/\/arantv.az\/index.php?rest_route=\/wp\/v2\/users\/2"}],"replies":[{"embeddable":true,"href":"https:\/\/arantv.az\/index.php?rest_route=%2Fwp%2Fv2%2Fcomments&post=524921"}],"version-history":[{"count":0,"href":"https:\/\/arantv.az\/index.php?rest_route=\/wp\/v2\/posts\/524921\/revisions"}],"wp:featuredmedia":[{"embeddable":true,"href":"https:\/\/arantv.az\/index.php?rest_route=\/wp\/v2\/media\/278413"}],"wp:attachment":[{"href":"https:\/\/arantv.az\/index.php?rest_route=%2Fwp%2Fv2%2Fmedia&parent=524921"}],"wp:term":[{"taxonomy":"category","embeddable":true,"href":"https:\/\/arantv.az\/index.php?rest_route=%2Fwp%2Fv2%2Fcategories&post=524921"},{"taxonomy":"post_tag","embeddable":true,"href":"https:\/\/arantv.az\/index.php?rest_route=%2Fwp%2Fv2%2Ftags&post=524921"}],"curies":[{"name":"wp","href":"https:\/\/api.w.org\/{rel}","templated":true}]}}