{"id":524928,"date":"2022-10-18T15:19:59","date_gmt":"2022-10-18T12:19:59","guid":{"rendered":"https:\/\/arantv.az\/?p=524928"},"modified":"2022-10-18T15:19:59","modified_gmt":"2022-10-18T12:19:59","slug":"must%c9%99qilliyin-b%c9%99rpasi-gunu-qurur-m%c9%99nb%c9%99yimizdir","status":"publish","type":"post","link":"https:\/\/arantv.az\/?p=524928","title":{"rendered":"M\u00fcst\u0259qilliyin b\u0259rpas\u0131 g\u00fcn\u00fc q\u00fcrur m\u0259nb\u0259yimizdir"},"content":{"rendered":"<p><strong>\u201c<em>M\u00fcst\u0259qilliyin \u0259ld\u0259 olunmas\u0131 n\u0259 q\u0259d\u0259r \u00e7\u0259tindirs\u0259, onun saxlan\u0131lmas\u0131, daimi, \u0259b\u0259di olmas\u0131 bundan da \u00e7\u0259tindir\u201d.<\/em><\/strong><\/p>\n<p><strong>\u00a0 \u00a0 \u00a0 \u00a0 \u00a0 \u00a0 \u00a0 \u00a0 \u00a0 \u00a0 \u00a0 \u00a0 \u00a0 \u00a0 \u00a0 \u00a0 \u00a0 \u00a0 \u00a0 \u00a0 \u00a0 \u00a0 \u00a0 \u00a0 \u00a0 \u00a0 \u00a0 \u00a0 \u00a0 \u00a0 \u00a0 \u00a0 \u00a0 \u00a0 \u00a0 \u00a0 \u00a0 \u00a0 \u00a0 \u00a0 \u00a0 \u00a0 \u00a0 \u00a0 \u00a0 \u00a0 \u00a0 \u00a0 \u00a0 \u00a0 \u00a0 \u00a0 \u00a0 \u00a0 \u00a0 \u00a0 \u00a0 \u00a0 \u00a0 \u00a0 \u00a0 \u00a0 \u00a0 \u00a0 \u00a0 \u00a0 \u00a0 \u00a0 \u00a0 \u00a0 \u00a0 \u00a0 \u00a0 \u00a0 \u00a0 \u00a0 \u00a0 \u00a0 \u00a0 \u00a0 \u00a0 \u00a0 \u00a0H.\u018fliyev<\/strong><\/p>\n<p>1918-ci il may\u0131n 28-d\u0259 Az\u0259rbaycan Xalq C\u00fcmhuriyy\u0259tinin Milli \u015euras\u0131 \u0130stiqlal B\u0259yannam\u0259sini imzalamaqla Az\u0259rbaycan\u0131n m\u00fcst\u0259qilliyini d\u00fcnyaya b\u0259yan etdi, bununla da xalq\u0131m\u0131z\u0131n \u00e7ox\u0259srlik d\u00f6vl\u0259t\u00e7ilik \u0259n\u0259n\u0259l\u0259rini davam etdirm\u0259y\u0259 ba\u015flad\u0131. Q\u0131sa m\u00fcdd\u0259td\u0259 Az\u0259rbaycan\u0131n ilk parlamenti, h\u00f6kum\u0259ti yarad\u0131ld\u0131, d\u00f6vl\u0259t atributlar\u0131 t\u0259sis olundu, \u00f6lk\u0259nin s\u0259rh\u0259dl\u0259ri m\u00fc\u0259yy\u0259nl\u0259\u015fdirildi, d\u00f6vl\u0259t quruculu\u011fu sah\u0259sind\u0259 m\u00fch\u00fcm t\u0259dbirl\u0259r h\u0259yata ke\u00e7irildi. Beyn\u0259lxalq m\u00fcnasib\u0259tl\u0259r sistemind\u0259 diplomatik m\u00fcst\u0259vid\u0259 milli maraqlar\u0131n qorunmas\u0131 istiqam\u0259tind\u0259 m\u00fch\u00fcm add\u0131mlar at\u0131ld\u0131. Parlament t\u0259r\u0259find\u0259n milli m\u00fcst\u0259qilliyin m\u00f6hk\u0259ml\u0259ndirilm\u0259si, \u00f6lk\u0259d\u0259 siyasi, iqtisadi v\u0259 m\u0259d\u0259ni inki\u015faf\u0131n t\u0259min olunmas\u0131 v\u0259 demokratik prinsipl\u0259rin t\u0259sbit edilm\u0259sind\u0259 \u0259sasl\u0131 rol oynayan m\u00fch\u00fcm qanunlar q\u0259bul olundu. Ancaq t\u0259\u0259ss\u00fcfl\u0259r olsun ki, m\u00fcs\u0259lman \u015e\u0259rqind\u0259 demokratiya \u0259n\u0259n\u0259l\u0259rinin formala\u015fmas\u0131na \u0259h\u0259miyy\u0259tli t\u0259sir g\u00f6st\u0259r\u0259n Az\u0259rbaycan Xalq C\u00fcmhuriyy\u0259tinin \u00f6mr\u00fc c\u0259misi 23 ay oldu \u2013 1920-ci ilin aprel ay\u0131nda ba\u015f vermi\u015f ictimai-siyasi d\u0259yi\u015fiklikl\u0259r n\u0259tic\u0259sind\u0259 Az\u0259rbaycan xalq\u0131 milli azadl\u0131\u011f\u0131ndan, d\u00f6vl\u0259t m\u00fcst\u0259qilliyind\u0259n, milli-m\u0259n\u0259vi \u0259n\u0259n\u0259l\u0259rind\u0259n m\u0259hrum oldu.<\/p>\n<p>XX \u0259srin sonlar\u0131nda \u2013 doxas\u0131n\u0131nc\u0131 ill\u0259rin \u0259vv\u0259lind\u0259 \u00f6lk\u0259mizd\u0259 v\u0259 ittifaq\u0131n dig\u0259r respublikalar\u0131nda v\u00fcs\u0259t alm\u0131\u015f milli-azadl\u0131q h\u0259r\u0259kat\u0131 SSR\u0130-nin da\u011f\u0131lmas\u0131 il\u0259 n\u0259tic\u0259l\u0259ndi v\u0259 yaranm\u0131\u015f tarixi \u015f\u0259raitd\u0259 Az\u0259rbaycan d\u00f6vl\u0259ti \u00f6z\u00fcn\u00fcn m\u00fcst\u0259qilliyini b\u0259rpa etdi \u2013 1991-ci il oktyabr\u0131n 18-d\u0259 Az\u0259rbaycan Ali Sovetinin sessiyas\u0131nda tarixi s\u0259n\u0259d olan D\u00f6vl\u0259t M\u00fcst\u0259qilliyi haqq\u0131nda Konstitusiya Akt\u0131 q\u0259bul edildi v\u0259 \u00a0h\u0259min il dekabr\u0131n 30-da \u00fcmumxalq s\u0259sverm\u0259si \u2013 referendum vasit\u0259sil\u0259 b\u0259y\u0259nildi. 6 f\u0259sil v\u0259 32 madd\u0259d\u0259n ibar\u0259t olan h\u0259min Konstitusiya Akt\u0131nda g\u00f6st\u0259rilir ki, m\u00fcst\u0259qil Az\u0259rbaycan d\u00f6vl\u0259ti 1918-1920-ci ill\u0259rd\u0259 m\u00f6vcud olmu\u015f Az\u0259rbaycan Xalq C\u00fcmhuriyy\u0259tinin h\u00fcquqi varisidir.<\/p>\n<p>Bu aktla Az\u0259rbaycan Respublikas\u0131n\u0131n d\u00f6vl\u0259t m\u00fcst\u0259qilliyinin t\u0259min olunmas\u0131 \u00fc\u00e7\u00fcn h\u00fcquqi \u0259saslar yarand\u0131, \u00f6lk\u0259miz \u00f6z d\u00f6vl\u0259t m\u00fcst\u0259qilliyini b\u00fct\u00fcn d\u00fcnyaya b\u0259yan etdi. M\u00fcst\u0259qillik b\u0259rpa olunandan sonra is\u0259 d\u00f6vl\u0259tin dig\u0259r atributlar\u0131 \u2013 bayraq, himn v\u0259 gerb haqq\u0131nda da qanunlar q\u0259bul edildi.<\/p>\n<p>Bunlar is\u0259 he\u00e7 d\u0259 asanl\u0131qla ba\u015fa g\u0259lm\u0259di \u2013 Az\u0259rbaycan\u0131n m\u00fcst\u0259qilliyi\u00a0 xalq\u0131n azadl\u0131q arzusu v\u0259 bu yolda d\u00f6nm\u0259z m\u00fcbariz\u0259si n\u0259tic\u0259sind\u0259 \u00f6lk\u0259miz \u00fc\u00e7\u00fcn a\u011f\u0131r sosial-iqtisadi \u015f\u0259raitd\u0259 v\u0259 xalq\u0131m\u0131z\u0131n a\u011f\u0131r s\u0131naqlardan ke\u00e7diyi bir d\u00f6vrd\u0259 \u0259ld\u0259 edildi.<\/p>\n<p>M\u00fcst\u0259qilliyin yenic\u0259 b\u0259rpa edilm\u0259sind\u0259n q\u0131sa m\u00fcdd\u0259t sonra xalq\u0131m\u0131z onu yenid\u0259n itirm\u0259k t\u0259hl\u00fck\u0259si il\u0259 \u00fcz-\u00fcz\u0259 qald\u0131. Erm\u0259nistan\u0131n \u00f6lk\u0259miz\u0259 qar\u015f\u0131 ba\u015flad\u0131\u011f\u0131 \u0259razi iddialar\u0131 v\u0259 elan olunmam\u0131\u015f m\u00fcharib\u0259 il\u0259 yana\u015f\u0131, o zamank\u0131 d\u00f6vl\u0259t r\u0259hb\u0259rliyinin s\u0259ri\u015ft\u0259sizliyi, daxild\u0259 ged\u0259n siyasi \u00e7\u0259ki\u015fm\u0259l\u0259r v\u0259 v\u0259t\u0259nda\u015f qar\u015f\u0131durmas\u0131 m\u00fcst\u0259qilliyin itirilm\u0259si t\u0259hl\u00fck\u0259sini yarad\u0131rd\u0131. M\u0259hz bel\u0259 bir \u015f\u0259raitd\u0259 \u00f6lk\u0259nin m\u00fcdrik bir xilaskara ehtiyac\u0131 vard\u0131 \u00a0v\u0259 xalq\u0131n t\u0259kidli t\u0259l\u0259bi il\u0259 1993-c\u00fc ild\u0259 Az\u0259rbaycan xalq\u0131n\u0131n b\u00f6y\u00fck o\u011flu, \u00dcmummilli Lider Heyd\u0259r \u018fliyevin yenid\u0259n hakimiyy\u0259t\u0259 qay\u0131d\u0131\u015f\u0131ndan sonra m\u00fcst\u0259qilliyi qoruyub inki\u015faf etdirm\u0259k m\u00fcmk\u00fcn oldu. \u00a0Ulu \u00d6nd\u0259r Az\u0259rbaycan\u0131n m\u00fcst\u0259qilliyinin \u0259b\u0259di v\u0259 d\u00f6nm\u0259z oldu\u011funu elan etdi.<\/p>\n<p><img loading=\"lazy\" src=\"https:\/\/cdn.musavat.com\/news\/thumbnails\/be9aa263523703e552cdd21c38cad54d.jpg\" alt=\"191559_h61xcch2xi.jpg (48 KB)\" width=\"720\" height=\"485\" \/><\/p>\n<p>M\u00fcst\u0259qillik yolunun \u00e7\u0259tin bir yol oldu\u011funu dey\u0259n \u00dcmummilli Lider Heyd\u0259r \u018fliyev eyni zamanda deyirdi ki, m\u00fcst\u0259qilliyin \u0259ld\u0259 olunmas\u0131 n\u0259 q\u0259d\u0259r \u00e7\u0259tindirs\u0259, onun saxlan\u0131lmas\u0131, daimi, \u0259b\u0259di olmas\u0131 bundan da \u00e7\u0259tindir.<\/p>\n<p>Bu g\u00fcn \u00f6lk\u0259miz dinamik inki\u015faf yolundad\u0131r \u2013 Ulu \u00d6nd\u0259r Heyd\u0259r \u018fliyevin siyasi kursunun layiqli davam\u00e7\u0131s\u0131 kimi Prezident \u0130lham \u018fliyev Az\u0259rbaycanda demokratik c\u0259miyy\u0259tin formala\u015fd\u0131r\u0131lmas\u0131, demokratik h\u00fcquqi d\u00f6vl\u0259t quruculu\u011funun daha da d\u0259rinl\u0259\u015fdirilm\u0259si istiqam\u0259tind\u0259 u\u011furlu islahatlar h\u0259yata ke\u00e7irir. H\u00fcququn aliliyi, demokratiya v\u0259 d\u00fcny\u0259vilik prinsipl\u0259ri \u00fcz\u0259rind\u0259 qurulmu\u015f m\u00fcst\u0259qil Az\u0259rbaycan bir d\u00f6vl\u0259t kimi \u00f6z inki\u015faf\u0131n\u0131n \u0259n parlaq d\u00f6vr\u00fcn\u00fc ya\u015fay\u0131r. \u00d6lk\u0259 ba\u015f\u00e7\u0131s\u0131n\u0131n siyasi irad\u0259si n\u0259tic\u0259sind\u0259 daha da g\u00fccl\u0259n\u0259n v\u0259 sosial d\u00f6vl\u0259t\u0259 \u00e7evril\u0259n Az\u0259rbaycanda insanlar rifah i\u00e7ind\u0259 ya\u015fay\u0131r v\u0259 onlar\u0131n rahat ya\u015famas\u0131 \u00fc\u00e7\u00fcn h\u0259r c\u00fcr \u015f\u0259rait v\u0259 imkanlar m\u00f6vcuddur.<\/p>\n<p><img loading=\"lazy\" src=\"https:\/\/cdn.musavat.com\/news\/thumbnails\/609cef69675038b33dbecbd9b5fe75da.jpg\" alt=\"147d3e76-5ef9-3c73-b708-2c1dcce483a3_850.jpg (58 KB)\" width=\"720\" height=\"449\" \/><\/p>\n<p>Bu g\u00fcn Az\u0259rbaycanda u\u011furlu iqtisadi islahatlar apar\u0131l\u0131r, bazar iqtisadiyyat\u0131 inki\u015faf etdirilir, d\u00fcnya iqtisadi m\u0259kan\u0131nda \u00f6lk\u0259mizin \u00f6z yerini m\u00f6hk\u0259ml\u0259ndirm\u0259si \u00fc\u00e7\u00fcn laz\u0131mi t\u0259dbirl\u0259r g\u00f6r\u00fcl\u00fcr. D\u00fcnyan\u0131n b\u00f6y\u00fck \u015firk\u0259tl\u0259rinin, x\u00fcsus\u0259n, b\u00f6y\u00fck neft \u015firk\u0259tl\u0259rinin Az\u0259rbaycana investisiyalar yat\u0131rmas\u0131, \u00f6lk\u0259mizin g\u0259l\u0259c\u0259yi \u00fc\u00e7\u00fcn m\u00fch\u00fcm \u0259h\u0259miyy\u0259ti olan m\u00fcqavil\u0259l\u0259rin imzalanmas\u0131, d\u00fcnyan\u0131n inki\u015faf etmi\u015f \u00f6lk\u0259l\u0259ri il\u0259 iqtisadi \u0259m\u0259kda\u015fl\u0131\u011f\u0131n g\u00fcnd\u0259n-g\u00fcn\u0259 inki\u015faf etdirilm\u0259si dedikl\u0259rimizin \u0259yani s\u00fcbutudur.\u00a0\u0130qtisadi islahatlar v\u0259 bu istiqam\u0259td\u0259 h\u0259yata ke\u00e7iril\u0259n dig\u0259r t\u0259dbirl\u0259r Az\u0259rbaycan iqtisadiyyat\u0131n\u0131n y\u00fcks\u0259l\u0259n x\u0259tl\u0259 inki\u015faf\u0131na \u015f\u0259rait yarad\u0131b ki, bu da \u00f6z n\u00f6vb\u0259sind\u0259 xalq\u0131m\u0131z\u0131n rifah hal\u0131n\u0131n yax\u015f\u0131la\u015fmas\u0131 \u00fc\u00e7\u00fcn m\u00fcnbit z\u0259min yarad\u0131r.<\/p>\n<p>\u018fg\u0259r m\u00fcst\u0259qilliyimizin ilk ill\u0259rind\u0259, daha do\u011frusu, 30 il\u0259 yax\u0131n bir m\u00fcdd\u0259td\u0259 xalq\u0131m\u0131z\u0131 \u0259n \u00e7ox narahat ed\u0259n v\u0259 d\u00f6vl\u0259timizin qar\u015f\u0131s\u0131nda duran \u0259n vacib m\u0259s\u0259l\u0259 \u0259razi b\u00fct\u00f6vl\u00fcy\u00fcm\u00fcz\u00fcn t\u0259min olunmas\u0131 idis\u0259, bu g\u00fcn art\u0131q b\u00f6y\u00fck q\u00fcrur v\u0259 inamla dey\u0259 bilirik ki, torpaqlar\u0131m\u0131z erm\u0259ni i\u015f\u011fal\u0131ndan azad olunub. Az\u0259rbaycan Respublikas\u0131n\u0131n Prezidenti, Ali Ba\u015f Komandan c\u0259nab \u0130lham \u018fliyevin yeritdiyi q\u0259tiyy\u0259tli v\u0259 u\u011furlu xarici v\u0259 daxili siyas\u0259t, ordu quruculu\u011fu sah\u0259sind\u0259 apar\u0131lan m\u0259qs\u0259dy\u00f6nl\u00fc t\u0259dbirl\u0259r n\u0259hay\u0259t \u00f6z b\u0259hr\u0259sini verdi \u2013 m\u00fcz\u0259ff\u0259r Az\u0259rbaycan Ordusu 2020-ci il sentyabr ay\u0131n\u0131n 27-d\u0259 ba\u015flayan 44 g\u00fcnl\u00fck V\u0259t\u0259n m\u00fcharib\u0259sind\u0259 tarixi bir q\u0259l\u0259b\u0259y\u0259 imza atd\u0131, \u00f6lk\u0259mizin \u0259razi b\u00fct\u00f6vl\u00fcy\u00fc t\u0259min olundu. Art\u0131q i\u015f\u011faldan azad olunmu\u015f torpaqlarda b\u0259rpa-quruculuq i\u015fl\u0259ri h\u0259yata ke\u00e7irilir, m\u00fcsair d\u00f6vr\u00fcn t\u0259l\u0259bl\u0259rin\u0259 \u0259n y\u00fcks\u0259k s\u0259viyy\u0259d\u0259 cavab ver\u0259c\u0259k a\u011f\u0131ll\u0131 k\u0259nd v\u0259 q\u0259s\u0259b\u0259l\u0259r, \u015f\u0259h\u0259rl\u0259r sal\u0131n\u0131r. Art\u0131q m\u0259cburi k\u00f6\u00e7k\u00fcnl\u0259rin \u00f6z \u0259z\u0259li yurd-yuvalar\u0131na k\u00f6\u00e7\u00fcr\u00fclm\u0259sin\u0259 start verilib.<\/p>\n<p><img loading=\"lazy\" src=\"https:\/\/cdn.musavat.com\/news\/thumbnails\/0a441057f9edb84ec176c82518005fe6.jpg\" alt=\"9d3c91f4-edfa-3da1-b552-0a7fc0faad9b_850.jpg (150 KB)\" width=\"720\" height=\"449\" \/><\/p>\n<p>V\u0259t\u0259n m\u00fcharib\u0259sind\u0259n sonra \u00f6lk\u0259miz yeni inki\u015faf m\u0259rh\u0259l\u0259sin\u0259 q\u0259d\u0259m qoydu, d\u00f6vl\u0259t\u00e7ilik tariximizd\u0259 m\u00fcst\u0259sna \u0259h\u0259miyy\u0259t\u0259 malik tarixi g\u00fcnl\u0259rin mahiyy\u0259t v\u0259 m\u0259zmun bax\u0131m\u0131ndan daha d\u0259qiq t\u0259sbit olunmas\u0131na da ehtiyac yarand\u0131.<\/p>\n<p>2021-ci il oktyabr\u0131n 15-d\u0259 \u2013 \u00a0Az\u0259rbaycan Respublikas\u0131n\u0131n m\u00fcst\u0259qilliyinin b\u0259rpa edilm\u0259sinin 30 illiyi \u0259r\u0259f\u0259sind\u0259 q\u0259bul olunmu\u015f \u201cM\u00fcst\u0259qillik G\u00fcn\u00fc haqq\u0131nda Az\u0259rbaycan Respublikas\u0131n\u0131n Qanunu\u201dna \u0259sas\u0259n 28 May \u2013 Respublika G\u00fcn\u00fcn\u00fcn ad\u0131 d\u0259yi\u015fdiril\u0259r\u0259k M\u00fcst\u0259qillik G\u00fcn\u00fc, 18 Oktyabr \u2013 \u00a0D\u00f6vl\u0259t M\u00fcst\u0259qilliyi G\u00fcn\u00fcn\u00fcn ad\u0131 is\u0259 M\u00fcst\u0259qilliyin B\u0259rpas\u0131 G\u00fcn\u00fc elan edilmi\u015fdir. Bununla da d\u00f6vl\u0259t\u00e7ilik tariximizd\u0259 m\u00fcst\u0259sna \u0259h\u0259miyy\u0259ti olan m\u0259rh\u0259l\u0259l\u0259rin, x\u00fcsus\u0259n m\u00fcst\u0259qilliyin \u0259ld\u0259 edilm\u0259si v\u0259 b\u0259rpas\u0131 kimi tarixi g\u00fcnl\u0259rin \u00f6z mahiyy\u0259ti v\u0259 m\u0259zmununa uy\u011fun daha d\u0259qiq ifad\u0259si qanunla t\u0259sbit olundu. \u00a0\u00a028 may tarixinin M\u00fcst\u0259qillik G\u00fcn\u00fc, 18 oktyabr tarixinin is\u0259 M\u00fcst\u0259qilliyin B\u0259rpas\u0131 G\u00fcn\u00fc kimi t\u0259sbit olunmas\u0131 Az\u0259rbaycan\u0131n d\u00f6vl\u0259t suverenliyinin m\u0259hz 1918-ci ild\u0259 b\u0259rq\u0259rar olunmas\u0131 fakt\u0131na \u0259saslan\u0131r v\u0259 \u00f6z\u00fcn\u00fcn \u0259razi b\u00fct\u00f6vl\u00fcy\u00fcn\u00fc b\u0259rpa etmi\u015f m\u00fcasir Az\u0259rbaycan\u0131n 1918-ci ild\u0259 qurulmu\u015f Az\u0259rbaycan Xalq C\u00fcmhuriyy\u0259tinin tamh\u00fcquqlu varisi oldu\u011funu g\u00f6st\u0259rir.<\/p>\n<p>Bu g\u00fcn Az\u0259rbaycan d\u00fcnya \u00f6lk\u0259l\u0259ri aras\u0131nda h\u0259m d\u0259 \u00f6lk\u0259 daxilind\u0259ki ictimai-siyasi sabitliy\u0259 g\u00f6r\u0259 se\u00e7ilir. \u0130nsanlar\u0131m\u0131z\u0131n rahat ya\u015famalar\u0131 \u00fc\u00e7\u00fcn h\u0259r c\u00fcr \u015f\u0259rait yarad\u0131l\u0131b.<\/p>\n<p>B\u00f6y\u00fck iftixar hissi il\u0259 dey\u0259 bil\u0259rik ki, Az\u0259rbaycan m\u00fcst\u0259qil d\u00f6vl\u0259t kimi d\u00fcnya birliyin\u0259d\u0259 \u00f6z layiqli yerini tutub v\u0259 \u00f6z m\u00f6vqeyini g\u00fcnd\u0259n-g\u00fcn\u0259 daha da m\u00f6hk\u0259ml\u0259ndirir. Biz art\u0131q \u00f6z \u00f6lk\u0259mizin sahibiyik, \u00f6z taleyimizi \u00f6z\u00fcm\u00fcz h\u0259ll ed\u0259 bilirik v\u0259 bu imkanlar\u0131 biz\u0259 b\u0259x\u015f ed\u0259n Az\u0259rbaycan\u0131n d\u00f6vl\u0259tinin m\u00fcst\u0259qilliyi \u0259b\u0259didir, daimidir.<\/p>\n<p>Qar\u015f\u0131m\u0131zda is\u0259 Az\u0259rbaycan\u0131n d\u00f6vl\u0259tinin m\u00fcst\u0259qilliyini, milli azadl\u0131\u011f\u0131n\u0131 qoruyub saxlamaq v\u0259 onu g\u0259l\u0259c\u0259k n\u0259sill\u0259r\u0259 \u00e7atd\u0131rmaq kimi \u015f\u0259r\u0259fli bir v\u0259zif\u0259 durur v\u0259 m\u0259n inan\u0131ram ki, \u00f6lk\u0259 ba\u015f\u00e7\u0131s\u0131 c\u0259nab \u0130lham \u018fliyevin r\u0259hb\u0259rliyi il\u0259 xalq\u0131m\u0131z bu yolla inamla add\u0131mlayaraq yeni u\u011furlara imza atacaq.<\/p>\n<p><strong>V\u00fcqar S\u018fRDAROV<\/strong><\/p>\n<p><strong><img loading=\"lazy\" src=\"https:\/\/cdn.musavat.com\/news\/thumbnails\/73777b43f3d034843b9d4e762893305b.jpg\" alt=\"df111991-2f16-4ecc-ba22-0db866a03852.jpg (91 KB)\" width=\"720\" height=\"468\" \/><\/strong><\/p>\n","protected":false},"excerpt":{"rendered":"<p>\u201cM\u00fcst\u0259qilliyin \u0259ld\u0259 olunmas\u0131 n\u0259 q\u0259d\u0259r \u00e7\u0259tindirs\u0259, onun saxlan\u0131lmas\u0131, daimi, \u0259b\u0259di olmas\u0131 bundan da \u00e7\u0259tindir\u201d. \u00a0 \u00a0 \u00a0 \u00a0 \u00a0 \u00a0 \u00a0 \u00a0 \u00a0 \u00a0 \u00a0 \u00a0 \u00a0 \u00a0 \u00a0 \u00a0 \u00a0 \u00a0 \u00a0 \u00a0 \u00a0 \u00a0 \u00a0 \u00a0 \u00a0 \u00a0 \u00a0 \u00a0 \u00a0 \u00a0 \u00a0 \u00a0 \u00a0 \u00a0 \u00a0 \u00a0 \u00a0 \u00a0 \u00a0 \u00a0 \u00a0 \u00a0 \u00a0 \u00a0 \u00a0 \u00a0 \u00a0 \u00a0 \u00a0 \u00a0 \u00a0 \u00a0 \u00a0 \u00a0 \u00a0 \u00a0 \u00a0 \u00a0 \u00a0 \u00a0 \u00a0 \u00a0 \u00a0 \u00a0 \u00a0 \u00a0 \u00a0 \u00a0 \u00a0 \u00a0 \u00a0 \u00a0 \u00a0 \u00a0 \u00a0 \u00a0&hellip;<\/p>\n","protected":false},"author":2,"featured_media":524929,"comment_status":"closed","ping_status":"closed","sticky":false,"template":"","format":"standard","meta":{"om_disable_all_campaigns":false,"_monsterinsights_skip_tracking":false,"_monsterinsights_sitenote_active":false,"_monsterinsights_sitenote_note":"","_monsterinsights_sitenote_category":0},"categories":[19],"tags":[],"aioseo_notices":[],"gutentor_comment":0,"rttpg_featured_image_url":{"full":["https:\/\/arantv.az\/wp-content\/uploads\/2022\/10\/d90967b4678eb1d18e511621bf39be68.jpg",850,500,false],"landscape":["https:\/\/arantv.az\/wp-content\/uploads\/2022\/10\/d90967b4678eb1d18e511621bf39be68.jpg",850,500,false],"portraits":["https:\/\/arantv.az\/wp-content\/uploads\/2022\/10\/d90967b4678eb1d18e511621bf39be68.jpg",850,500,false],"thumbnail":["https:\/\/arantv.az\/wp-content\/uploads\/2022\/10\/d90967b4678eb1d18e511621bf39be68-500x280.jpg",500,280,true],"medium":["https:\/\/arantv.az\/wp-content\/uploads\/2022\/10\/d90967b4678eb1d18e511621bf39be68-621x365.jpg",621,365,true],"large":["https:\/\/arantv.az\/wp-content\/uploads\/2022\/10\/d90967b4678eb1d18e511621bf39be68-840x494.jpg",640,376,true],"1536x1536":["https:\/\/arantv.az\/wp-content\/uploads\/2022\/10\/d90967b4678eb1d18e511621bf39be68.jpg",850,500,false],"2048x2048":["https:\/\/arantv.az\/wp-content\/uploads\/2022\/10\/d90967b4678eb1d18e511621bf39be68.jpg",850,500,false],"post-thumbnail":["https:\/\/arantv.az\/wp-content\/uploads\/2022\/10\/d90967b4678eb1d18e511621bf39be68-240x172.jpg",240,172,true],"advps-thumb-one":["https:\/\/arantv.az\/wp-content\/uploads\/2022\/10\/d90967b4678eb1d18e511621bf39be68.jpg",850,500,false]},"rttpg_author":{"display_name":"V\u00fcsal Rafiqo\u011flu","author_link":"https:\/\/arantv.az\/?author=2"},"rttpg_comment":0,"rttpg_category":"<a href=\"https:\/\/arantv.az\/?cat=19\" rel=\"category\">G\u00fcnd\u0259m<\/a>","rttpg_excerpt":"\u201cM\u00fcst\u0259qilliyin \u0259ld\u0259 olunmas\u0131 n\u0259 q\u0259d\u0259r \u00e7\u0259tindirs\u0259, onun saxlan\u0131lmas\u0131, daimi, \u0259b\u0259di olmas\u0131 bundan da \u00e7\u0259tindir\u201d. \u00a0 \u00a0 \u00a0 \u00a0 \u00a0 \u00a0 \u00a0 \u00a0 \u00a0 \u00a0 \u00a0 \u00a0 \u00a0 \u00a0 \u00a0 \u00a0 \u00a0 \u00a0 \u00a0 \u00a0 \u00a0 \u00a0 \u00a0 \u00a0 \u00a0 \u00a0 \u00a0 \u00a0 \u00a0 \u00a0 \u00a0 \u00a0 \u00a0 \u00a0 \u00a0 \u00a0 \u00a0 \u00a0 \u00a0 \u00a0 \u00a0&hellip;","_links":{"self":[{"href":"https:\/\/arantv.az\/index.php?rest_route=\/wp\/v2\/posts\/524928"}],"collection":[{"href":"https:\/\/arantv.az\/index.php?rest_route=\/wp\/v2\/posts"}],"about":[{"href":"https:\/\/arantv.az\/index.php?rest_route=\/wp\/v2\/types\/post"}],"author":[{"embeddable":true,"href":"https:\/\/arantv.az\/index.php?rest_route=\/wp\/v2\/users\/2"}],"replies":[{"embeddable":true,"href":"https:\/\/arantv.az\/index.php?rest_route=%2Fwp%2Fv2%2Fcomments&post=524928"}],"version-history":[{"count":0,"href":"https:\/\/arantv.az\/index.php?rest_route=\/wp\/v2\/posts\/524928\/revisions"}],"wp:featuredmedia":[{"embeddable":true,"href":"https:\/\/arantv.az\/index.php?rest_route=\/wp\/v2\/media\/524929"}],"wp:attachment":[{"href":"https:\/\/arantv.az\/index.php?rest_route=%2Fwp%2Fv2%2Fmedia&parent=524928"}],"wp:term":[{"taxonomy":"category","embeddable":true,"href":"https:\/\/arantv.az\/index.php?rest_route=%2Fwp%2Fv2%2Fcategories&post=524928"},{"taxonomy":"post_tag","embeddable":true,"href":"https:\/\/arantv.az\/index.php?rest_route=%2Fwp%2Fv2%2Ftags&post=524928"}],"curies":[{"name":"wp","href":"https:\/\/api.w.org\/{rel}","templated":true}]}}