{"id":524931,"date":"2022-10-18T15:23:23","date_gmt":"2022-10-18T12:23:23","guid":{"rendered":"https:\/\/arantv.az\/?p=524931"},"modified":"2022-10-18T15:23:23","modified_gmt":"2022-10-18T12:23:23","slug":"az%c9%99rbaycanin-turk-dovl%c9%99tl%c9%99rinin-qardasliq-munasib%c9%99tl%c9%99rin%c9%99-tohf%c9%99si-davamlidir","status":"publish","type":"post","link":"https:\/\/arantv.az\/?p=524931","title":{"rendered":"Az\u0259rbaycan\u0131n t\u00fcrk d\u00f6vl\u0259tl\u0259rinin qarda\u015fl\u0131q m\u00fcnasib\u0259tl\u0259rin\u0259 t\u00f6hf\u0259si davaml\u0131d\u0131r."},"content":{"rendered":"<div class=\"xdj266r x11i5rnm xat24cr x1mh8g0r x1vvkbs x126k92a\">\n<div dir=\"auto\">\n<p><strong>F\u0259q\u0259t \u015eadlinskaya<\/strong><\/p>\n<p><strong>YAP B\u0259rd\u0259 rayon t\u0259\u015fkilat\u0131n\u0131n s\u0259dri<\/strong><\/p>\n<\/div>\n<div dir=\"auto\">Tarixi Z\u0259f\u0259rimiz Az\u0259rbaycan\u0131n ist\u0259r t\u00fcrk d\u00fcnyas\u0131nda, ist\u0259rs\u0259 d\u0259 beyn\u0259lxalq al\u0259md\u0259 m\u00f6vqeyinin m\u00f6hk\u0259ml\u0259nm\u0259sind\u0259 \u0259h\u0259miyy\u0259tli rol oynay\u0131r. Az\u0259rbaycan yaratd\u0131\u011f\u0131 yeni reall\u0131qlarla h\u0259m regionda yeni \u0259m\u0259kda\u015fl\u0131q formatlar\u0131n\u0131n m\u00fc\u0259llifi kimi \u00e7\u0131x\u0131\u015f edir, eyni zamanda, beyn\u0259lxalq m\u00fcnasib\u0259tl\u0259rd\u0259 d\u0259yi\u015fiklikl\u0259r edir. Bu g\u00fcn \u0259ks\u0259r d\u00fcnya g\u00fccl\u0259ri Az\u0259rbaycan\u0131n m\u00f6vqeyini d\u0259st\u0259kl\u0259y\u0259r\u0259k b\u00f6lg\u0259d\u0259 dayan\u0131ql\u0131 s\u00fclh\u00fcn v\u0259 t\u0259hl\u00fck\u0259sizliyin t\u0259min edilm\u0259sind\u0259, Erm\u0259nistan-Az\u0259rbaycan m\u00fcnasib\u0259tl\u0259rinin normalla\u015fd\u0131r\u0131lmas\u0131nda s\u0259yl\u0259rini \u0259sirg\u0259m\u0259y\u0259c\u0259kl\u0259rini bildirirl\u0259r. D\u00f6vl\u0259t ba\u015f\u00e7\u0131s\u0131 \u0130lham \u018fliyevin Qazax\u0131stana i\u015fg\u00fczar s\u0259f\u0259ri zaman\u0131 qat\u0131ld\u0131\u011f\u0131 Asiyada Qar\u015f\u0131l\u0131ql\u0131 F\u0259aliyy\u0259t v\u0259 Etimad T\u0259dbirl\u0259ri \u00fczr\u0259 M\u00fc\u015favir\u0259nin 6-c\u0131 Zirv\u0259 Toplant\u0131s\u0131nda v\u0259 MDB D\u00f6vl\u0259t Ba\u015f\u00e7\u0131lar\u0131 \u015euras\u0131n\u0131n iclas\u0131nda \u00e7\u0131x\u0131\u015f\u0131nda da bu kimi m\u0259qamlara bir daha i\u015f\u0131q sal\u0131nd\u0131.<\/div>\n<\/div>\n<div class=\"x11i5rnm xat24cr x1mh8g0r x1vvkbs xtlvy1s x126k92a\">\n<div dir=\"auto\">Haz\u0131rk\u0131 d\u00f6vr\u00fcn \u0259sas m\u0259s\u0259l\u0259si s\u00fclh m\u00fcqavil\u0259sinin imzalanmas\u0131d\u0131r. Erm\u0259nistan\u0131n m\u00fcqavil\u0259nin imzalanmas\u0131nda maraql\u0131 olmad\u0131\u011f\u0131 diqq\u0259td\u0259n k\u0259narda qalm\u0131r. Baxmayaraq ki, Avropa \u0130ttifaq\u0131 \u015euras\u0131n\u0131n Prezidenti \u015earl Mi\u015felin t\u0259\u015f\u0259bb\u00fcs\u00fc il\u0259 Az\u0259rbaycan Prezidentinin v\u0259 Erm\u0259nistan\u0131n ba\u015f nazirinin Br\u00fcsseld\u0259 4 g\u00f6r\u00fc\u015f\u00fc ke\u00e7irilib, lakin i\u015f\u011fal\u00e7\u0131 d\u00f6vl\u0259tin destruktiv add\u0131mlar\u0131 n\u0259tic\u0259sind\u0259 h\u0259l\u0259lik t\u0259r\u0259fl\u0259r aras\u0131nda s\u00fclh m\u00fcqavil\u0259sinin imzalanmas\u0131 m\u00fcmk\u00fcn olmay\u0131b. Praqada ke\u00e7iril\u0259n d\u00f6rdt\u0259r\u0259fli g\u00f6r\u00fc\u015f\u00fcn sonunda q\u0259bul olunan b\u0259yanatda da Az\u0259rbaycan\u0131n m\u00f6vqeyi d\u0259st\u0259kl\u0259nir. Lakin b\u00fct\u00fcn bunlara baxmayaraq g\u00f6r\u00fc\u015fd\u0259 t\u0259r\u0259f kimi i\u015ftirak ed\u0259n Fransan\u0131n Prezidenti Emmanuel Makron g\u00f6r\u00fc\u015fd\u0259n \u00e7ox ke\u00e7m\u0259di ki, d\u0259rhal \u0259sass\u0131z, q\u0259r\u0259zli b\u0259yanatlar\u0131 il\u0259 diqq\u0259td\u0259 oldu. D\u00f6vl\u0259t ba\u015f\u00e7\u0131s\u0131 \u0130lham \u018fliyev MDB D\u00f6vl\u0259t Ba\u015f\u00e7\u0131lar\u0131 \u015euras\u0131n\u0131n iclas\u0131nda bir daha diqq\u0259ti bu m\u0259s\u0259l\u0259y\u0259 y\u00f6n\u0259ld\u0259r\u0259k bildirdi ki, Emmanuel Makron b\u0259yanatlar\u0131nda Az\u0259rbaycan\u0131 d\u0259h\u015f\u0259tli m\u00fcharib\u0259 t\u00f6r\u0259tm\u0259kd\u0259 g\u00fcnahland\u0131r\u0131b, bununla da faktlar\u0131 manipulyasiya ed\u0259r\u0259k, Fransa v\u0259 d\u00fcnya ictimaiyy\u0259tini \u00e7a\u015fd\u0131rma\u011fa s\u0259y g\u00f6st\u0259rib. D\u00f6vl\u0259t ba\u015f\u00e7\u0131s\u0131 \u0130lham \u018fliyev Fransa Prezidentinin erm\u0259ni sevgisind\u0259n ir\u0259li g\u0259l\u0259n bu fikirl\u0259rin\u0259 cavab olaraq bildirdi ki, Az\u0259rbaycan beyn\u0259lxalq s\u0259viyy\u0259d\u0259 tan\u0131nan \u00f6z \u0259razisind\u0259 m\u00fcharib\u0259 apar\u0131rd\u0131. Qaraba\u011f b\u00fct\u00fcn d\u00fcnya t\u0259r\u0259find\u0259n Az\u0259rbaycan\u0131n t\u0259rkib hiss\u0259si kimi tan\u0131n\u0131b. Biz \u00f6z\u00fcn\u00fcm\u00fcdafi\u0259 h\u00fcququndan istifad\u0259 ed\u0259r\u0259k, \u0259razi b\u00fct\u00f6vl\u00fcy\u00fcm\u00fcz\u00fc g\u00fcc hesab\u0131na b\u0259rpa etdik.<\/div>\n<\/div>\n<div class=\"x11i5rnm xat24cr x1mh8g0r x1vvkbs xtlvy1s x126k92a\">\n<div dir=\"auto\">G\u00f6r\u00fcnd\u00fcy\u00fc kimi, Fransa kimi d\u00fcnyan\u0131n iri d\u00f6vl\u0259ti \u0259dal\u0259t v\u0259 beyn\u0259lxalq h\u00fcququ n\u00f6vb\u0259ti d\u0259f\u0259 maraqlar\u0131n\u0131n arxas\u0131nda gizl\u0259d\u0259r\u0259k erm\u0259ni sevgisini ortaya qoyur. H\u0259tta bu b\u0259yanat\u0131 il\u0259 art\u0131q tarix\u0259 qovu\u015fmu\u015f Qaraba\u011f m\u00fcnaqi\u015f\u0259sinin nizamlanmas\u0131nda vasit\u0259cilik missiyas\u0131n\u0131 yerin\u0259 yetir\u0259n AT\u018fT-in Minsk qrupunun h\u0259ms\u0259dri kimi Fransan\u0131n m\u00f6vqeyinin he\u00e7 zaman \u0259dal\u0259t\u0259 v\u0259 beyn\u0259lxalq h\u00fcquqa s\u00f6yk\u0259nm\u0259diyin\u0259 i\u015f\u0131q sal\u0131r. 44 g\u00fcnl\u00fck \u0130kinci Qaraba\u011f m\u00fcharib\u0259sinin nec\u0259 ba\u015fland\u0131\u011f\u0131n\u0131 Az\u0259rbaycan Prezidenti m\u00fcharib\u0259nin getdiyi d\u00f6vrl\u0259rd\u0259 xarici m\u0259tbuata \u00e7oxsayl\u0131 m\u00fcsahib\u0259l\u0259rind\u0259 jurnalistl\u0259rin ist\u0259r \u0259dal\u0259t\u0259, ist\u0259rs\u0259 d\u0259 q\u0259r\u0259z\u0259 \u0259saslanan suallar\u0131n\u0131 cavabland\u0131rark\u0259n a\u00e7\u0131qlay\u0131b. B\u00fct\u00fcn d\u00fcnya bu m\u00fcharib\u0259nin Erm\u0259nistan silahl\u0131 q\u00fcvv\u0259l\u0259rinin \u0259razil\u0259rimizi m\u00fcxt\u0259lif istiqam\u0259tl\u0259rd\u0259n raket at\u0259\u015fin\u0259 tutmas\u0131 n\u0259tic\u0259sind\u0259 ba\u015fland\u0131\u011f\u0131n\u0131 bilir. Az\u0259rbaycan bu t\u0259xribat\u0131n qar\u015f\u0131s\u0131n\u0131 almaq \u00fc\u00e7\u00fcn \u0259ks-h\u00fccum \u0259m\u0259liyyat\u0131na ba\u015flad\u0131. \u018fn \u0259sas\u0131 m\u00fcharib\u0259ni Az\u0259rbaycan Ordusu \u00f6z torpaqlar\u0131m\u0131zda apararaq g\u00fcc\u00fc, q\u00fcdr\u0259ti say\u0259sind\u0259 m\u0259nfur d\u00fc\u015fm\u0259ni \u0259razil\u0259rimizd\u0259n qovdu.<\/div>\n<\/div>\n<div class=\"x11i5rnm xat24cr x1mh8g0r x1vvkbs xtlvy1s x126k92a\">\n<div dir=\"auto\">\u00d6lk\u0259 Prezidenti s\u00f6z\u00fcged\u0259n \u00e7\u0131x\u0131\u015f\u0131nda postm\u00fcnaqi\u015f\u0259 d\u00f6vr\u00fcn\u00fcn b\u00fct\u00fcn reall\u0131qlar\u0131 bar\u0259d\u0259 geni\u015f m\u0259lumat ver\u0259r\u0259k bildirdi: \u201cM\u0259n h\u0259mkarlar\u0131m\u0131 ba\u015f vermi\u015f hadis\u0259l\u0259r haqq\u0131nda m\u0259lumatland\u0131rma\u011f\u0131 z\u0259ruri hesab etdim, \u00e7\u00fcnki ba\u015f ver\u0259nl\u0259r bar\u0259d\u0259 m\u00fcxt\u0259lif versiyalar dola\u015f\u0131r. \u0130st\u0259dim ki, siz bizim versiyam\u0131z\u0131 v\u0259 yegan\u0259 h\u0259qiqi versiyan\u0131 m\u0259nim \u00f6z\u00fcmd\u0259n e\u015fid\u0259siniz.\u201d Q\u0131sa t\u0259hlil \u0259sas\u0131nda Az\u0259rbaycan\u0131n s\u00f6z\u00fcn\u00fcn n\u0259 q\u0259d\u0259r \u0259h\u0259miyy\u0259tli oldu\u011funu g\u00f6r\u00fcr\u00fck.<\/div>\n<\/div>\n<div class=\"x11i5rnm xat24cr x1mh8g0r x1vvkbs xtlvy1s x126k92a\">\n<div dir=\"auto\">Az\u0259rbaycan\u0131n beyn\u0259lxalq n\u00fcfuzunun artmas\u0131n\u0131n, Q\u0259rbl\u0259 \u015e\u0259rq aras\u0131nda k\u00f6rp\u00fc roluna etdiyi \u0259lav\u0259l\u0259rin Prezident \u0130lham \u018fliyevin dig\u0259r s\u0259f\u0259rind\u0259, Q\u0131r\u011f\u0131z\u0131stana d\u00f6vl\u0259t s\u0259f\u0259rind\u0259 d\u0259 \u015fahidi olduq. S\u0259f\u0259r \u00e7\u0259r\u00e7iv\u0259sind\u0259 imzalanan s\u0259n\u0259dl\u0259r Az\u0259rbaycan-Q\u0131r\u011f\u0131z\u0131stan m\u00fcnasib\u0259tl\u0259rinin inki\u015faf\u0131n\u0131n ayd\u0131n m\u0259nz\u0259r\u0259sini yaratmaqla yana\u015f\u0131, \u00fcmumilikd\u0259 t\u00fcrk d\u00fcnyas\u0131n\u0131n birliyin\u0259 \u00f6lk\u0259mizin t\u00f6hf\u0259l\u0259rini n\u00fcmayi\u015f etdirdi. Az\u0259rbaycan h\u0259r zaman bu birliyin m\u00f6hk\u0259ml\u0259nm\u0259sind\u0259 maraql\u0131 olub v\u0259 bunu add\u0131mlar\u0131 il\u0259 t\u0259sdiql\u0259yir.<\/div>\n<\/div>\n<div class=\"x11i5rnm xat24cr x1mh8g0r x1vvkbs xtlvy1s x126k92a\">\n<div dir=\"auto\">Qeyd ed\u0259k ki, Az\u0259rbaycanla Q\u0131r\u011f\u0131z\u0131stan aras\u0131nda diplomatik m\u00fcnasib\u0259tl\u0259r 1993-c\u00fc ild\u0259 qurulub. 2007-ci ild\u0259 Az\u0259rbaycan\u0131n Q\u0131r\u011f\u0131z\u0131standa s\u0259firliyi, 2008-ci ild\u0259 is\u0259 Q\u0131r\u011f\u0131z\u0131stan\u0131n Bak\u0131da s\u0259firliyi f\u0259aliyy\u0259t\u0259 ba\u015flay\u0131b. \u0130ndiy\u0259d\u0259k iki \u00f6lk\u0259 aras\u0131nda 74 s\u0259n\u0259d imzalan\u0131b.<\/div>\n<\/div>\n<div class=\"x11i5rnm xat24cr x1mh8g0r x1vvkbs xtlvy1s x126k92a\">\n<div dir=\"auto\">Az\u0259rbaycan v\u0259 q\u0131r\u011f\u0131z xalqlar\u0131 aras\u0131nda tarix\u0259n \u0259n\u0259n\u0259vi dostluq v\u0259 qarda\u015fl\u0131q \u0259laq\u0259l\u0259ri m\u00f6vcuddur. \u0130ki \u00f6lk\u0259 aras\u0131nda m\u00f6hk\u0259m t\u0259m\u0259l \u00fcz\u0259rind\u0259 qurulan m\u00fcnasib\u0259tl\u0259r y\u00fcks\u0259l\u0259n x\u0259tl\u0259 inki\u015faf edir. Q\u0131r\u011f\u0131z\u0131stan Prezidenti Sad\u0131r Japarov m\u0259tbuata b\u0259yanat\u0131nda s\u0259sl\u0259ndirdiyi \u201cDiplomatik m\u00fcnasib\u0259tl\u0259rimizin qurulmas\u0131n\u0131n 30 illiyi \u0259r\u0259f\u0259sind\u0259 n\u00f6vb\u0259ti m\u0259rh\u0259l\u0259 kimi biz birg\u0259 \u0130nki\u015faf Fondunun f\u0259aliyy\u0259tinin s\u00fcr\u0259tl\u0259ndirilm\u0259si, \u0259m\u0259kda\u015fl\u0131\u011f\u0131n inki\u015faf\u0131 \u00fc\u00e7\u00fcn be\u015fillik kompleks proqram\u0131n imzalanmas\u0131 v\u0259 2023-c\u00fc ild\u0259 Az\u0259rbaycanda Q\u0131r\u011f\u0131z\u0131stan\u0131n M\u0259d\u0259niyy\u0259t G\u00fcnl\u0259rinin, 2024-c\u00fc ild\u0259 is\u0259 Q\u0131r\u011f\u0131z\u0131standa Az\u0259rbaycan\u0131n M\u0259d\u0259niyy\u0259t G\u00fcnl\u0259rinin ke\u00e7irilm\u0259si bar\u0259d\u0259 raz\u0131l\u0131\u011fa g\u0259ldik. \u018fmin\u0259m ki, ikit\u0259r\u0259fli m\u00fcnasib\u0259tl\u0259rimizin g\u0259l\u0259c\u0259k inki\u015faf\u0131 \u00e7ox m\u00fcsb\u0259t olacaqd\u0131r. Biz Az\u0259rbaycan investorlar\u0131n\u0131n Q\u0131r\u011f\u0131z\u0131stana g\u0259li\u015fin\u0259 \u015fad olar\u0131q v\u0259 iqtisadi sah\u0259l\u0259rd\u0259 \u0259m\u0259kda\u015fl\u0131\u011fa haz\u0131r\u0131q\u201d fikirl\u0259ri il\u0259 m\u00fcnasib\u0259tl\u0259rin g\u0259l\u0259c\u0259yinin yol x\u0259rit\u0259sini t\u0259qdim etdi.<\/div>\n<\/div>\n","protected":false},"excerpt":{"rendered":"<p>F\u0259q\u0259t \u015eadlinskaya YAP B\u0259rd\u0259 rayon t\u0259\u015fkilat\u0131n\u0131n s\u0259dri Tarixi Z\u0259f\u0259rimiz Az\u0259rbaycan\u0131n ist\u0259r t\u00fcrk d\u00fcnyas\u0131nda, ist\u0259rs\u0259 d\u0259 beyn\u0259lxalq al\u0259md\u0259 m\u00f6vqeyinin m\u00f6hk\u0259ml\u0259nm\u0259sind\u0259 \u0259h\u0259miyy\u0259tli rol oynay\u0131r. Az\u0259rbaycan yaratd\u0131\u011f\u0131 yeni reall\u0131qlarla h\u0259m regionda yeni \u0259m\u0259kda\u015fl\u0131q formatlar\u0131n\u0131n m\u00fc\u0259llifi kimi \u00e7\u0131x\u0131\u015f edir, eyni zamanda, beyn\u0259lxalq m\u00fcnasib\u0259tl\u0259rd\u0259 d\u0259yi\u015fiklikl\u0259r edir. Bu g\u00fcn \u0259ks\u0259r d\u00fcnya g\u00fccl\u0259ri Az\u0259rbaycan\u0131n m\u00f6vqeyini d\u0259st\u0259kl\u0259y\u0259r\u0259k b\u00f6lg\u0259d\u0259 dayan\u0131ql\u0131 s\u00fclh\u00fcn v\u0259 t\u0259hl\u00fck\u0259sizliyin t\u0259min edilm\u0259sind\u0259, Erm\u0259nistan-Az\u0259rbaycan m\u00fcnasib\u0259tl\u0259rinin normalla\u015fd\u0131r\u0131lmas\u0131nda s\u0259yl\u0259rini \u0259sirg\u0259m\u0259y\u0259c\u0259kl\u0259rini bildirirl\u0259r. D\u00f6vl\u0259t ba\u015f\u00e7\u0131s\u0131 \u0130lham \u018fliyevin Qazax\u0131stana i\u015fg\u00fczar s\u0259f\u0259ri zaman\u0131 qat\u0131ld\u0131\u011f\u0131 Asiyada Qar\u015f\u0131l\u0131ql\u0131 F\u0259aliyy\u0259t v\u0259 Etimad T\u0259dbirl\u0259ri \u00fczr\u0259 M\u00fc\u015favir\u0259nin 6-c\u0131 Zirv\u0259 Toplant\u0131s\u0131nda v\u0259 MDB D\u00f6vl\u0259t Ba\u015f\u00e7\u0131lar\u0131 \u015euras\u0131n\u0131n iclas\u0131nda \u00e7\u0131x\u0131\u015f\u0131nda da&hellip;<\/p>\n","protected":false},"author":2,"featured_media":510010,"comment_status":"closed","ping_status":"closed","sticky":false,"template":"","format":"standard","meta":{"om_disable_all_campaigns":false,"_monsterinsights_skip_tracking":false,"_monsterinsights_sitenote_active":false,"_monsterinsights_sitenote_note":"","_monsterinsights_sitenote_category":0},"categories":[2],"tags":[],"aioseo_notices":[],"gutentor_comment":0,"rttpg_featured_image_url":{"full":["https:\/\/arantv.az\/wp-content\/uploads\/2022\/09\/thumb.jpg",360,238,false],"landscape":["https:\/\/arantv.az\/wp-content\/uploads\/2022\/09\/thumb.jpg",360,238,false],"portraits":["https:\/\/arantv.az\/wp-content\/uploads\/2022\/09\/thumb.jpg",360,238,false],"thumbnail":["https:\/\/arantv.az\/wp-content\/uploads\/2022\/09\/thumb.jpg",360,238,false],"medium":["https:\/\/arantv.az\/wp-content\/uploads\/2022\/09\/thumb.jpg",360,238,false],"large":["https:\/\/arantv.az\/wp-content\/uploads\/2022\/09\/thumb.jpg",360,238,false],"1536x1536":["https:\/\/arantv.az\/wp-content\/uploads\/2022\/09\/thumb.jpg",360,238,false],"2048x2048":["https:\/\/arantv.az\/wp-content\/uploads\/2022\/09\/thumb.jpg",360,238,false],"post-thumbnail":["https:\/\/arantv.az\/wp-content\/uploads\/2022\/09\/thumb-240x172.jpg",240,172,true],"advps-thumb-one":["https:\/\/arantv.az\/wp-content\/uploads\/2022\/09\/thumb.jpg",360,238,false]},"rttpg_author":{"display_name":"V\u00fcsal Rafiqo\u011flu","author_link":"https:\/\/arantv.az\/?author=2"},"rttpg_comment":0,"rttpg_category":"<a href=\"https:\/\/arantv.az\/?cat=2\" rel=\"category\">Region X\u0259b\u0259rl\u0259ri<\/a>","rttpg_excerpt":"F\u0259q\u0259t \u015eadlinskaya YAP B\u0259rd\u0259 rayon t\u0259\u015fkilat\u0131n\u0131n s\u0259dri Tarixi Z\u0259f\u0259rimiz Az\u0259rbaycan\u0131n ist\u0259r t\u00fcrk d\u00fcnyas\u0131nda, ist\u0259rs\u0259 d\u0259 beyn\u0259lxalq al\u0259md\u0259 m\u00f6vqeyinin m\u00f6hk\u0259ml\u0259nm\u0259sind\u0259 \u0259h\u0259miyy\u0259tli rol oynay\u0131r. Az\u0259rbaycan yaratd\u0131\u011f\u0131 yeni reall\u0131qlarla h\u0259m regionda yeni \u0259m\u0259kda\u015fl\u0131q formatlar\u0131n\u0131n m\u00fc\u0259llifi kimi \u00e7\u0131x\u0131\u015f edir, eyni zamanda, beyn\u0259lxalq m\u00fcnasib\u0259tl\u0259rd\u0259 d\u0259yi\u015fiklikl\u0259r edir. Bu g\u00fcn \u0259ks\u0259r d\u00fcnya g\u00fccl\u0259ri Az\u0259rbaycan\u0131n m\u00f6vqeyini d\u0259st\u0259kl\u0259y\u0259r\u0259k b\u00f6lg\u0259d\u0259 dayan\u0131ql\u0131 s\u00fclh\u00fcn v\u0259 t\u0259hl\u00fck\u0259sizliyin t\u0259min&hellip;","_links":{"self":[{"href":"https:\/\/arantv.az\/index.php?rest_route=\/wp\/v2\/posts\/524931"}],"collection":[{"href":"https:\/\/arantv.az\/index.php?rest_route=\/wp\/v2\/posts"}],"about":[{"href":"https:\/\/arantv.az\/index.php?rest_route=\/wp\/v2\/types\/post"}],"author":[{"embeddable":true,"href":"https:\/\/arantv.az\/index.php?rest_route=\/wp\/v2\/users\/2"}],"replies":[{"embeddable":true,"href":"https:\/\/arantv.az\/index.php?rest_route=%2Fwp%2Fv2%2Fcomments&post=524931"}],"version-history":[{"count":0,"href":"https:\/\/arantv.az\/index.php?rest_route=\/wp\/v2\/posts\/524931\/revisions"}],"wp:featuredmedia":[{"embeddable":true,"href":"https:\/\/arantv.az\/index.php?rest_route=\/wp\/v2\/media\/510010"}],"wp:attachment":[{"href":"https:\/\/arantv.az\/index.php?rest_route=%2Fwp%2Fv2%2Fmedia&parent=524931"}],"wp:term":[{"taxonomy":"category","embeddable":true,"href":"https:\/\/arantv.az\/index.php?rest_route=%2Fwp%2Fv2%2Fcategories&post=524931"},{"taxonomy":"post_tag","embeddable":true,"href":"https:\/\/arantv.az\/index.php?rest_route=%2Fwp%2Fv2%2Ftags&post=524931"}],"curies":[{"name":"wp","href":"https:\/\/api.w.org\/{rel}","templated":true}]}}