{"id":524937,"date":"2022-10-18T15:32:44","date_gmt":"2022-10-18T12:32:44","guid":{"rendered":"https:\/\/arantv.az\/?p=524937"},"modified":"2022-10-18T15:32:44","modified_gmt":"2022-10-18T12:32:44","slug":"v%c9%99t%c9%99n-muharib%c9%99si-il%c9%99-bagli-serialin-istehsalina-baslanilib","status":"publish","type":"post","link":"https:\/\/arantv.az\/?p=524937","title":{"rendered":"V\u0259t\u0259n m\u00fcharib\u0259si il\u0259 ba\u011fl\u0131 serial\u0131n istehsal\u0131na ba\u015flan\u0131l\u0131b"},"content":{"rendered":"<p>\u201cQaraba\u011f V\u0259t\u0259n m\u00fcharib\u0259si\u201d \u015f\u0259rti adl\u0131 \u00e7oxseriyal\u0131 b\u0259dii televiziya filminin istehsal\u0131na ba\u015flan\u0131l\u0131b.<\/p>\n<p><strong>ARANTV.AZ\u00a0<\/strong> x\u0259b\u0259r verir ki, bunu M\u0259d\u0259niyy\u0259t Nazirliyinin Audiovizual v\u0259 interaktiv media \u015f\u00f6b\u0259sinin m\u00fcdiri R\u00fcf\u0259t H\u0259s\u0259nov \u201cQaraba\u011f V\u0259t\u0259n m\u00fcharib\u0259si\u201d serial\u0131 il\u0259 ba\u011fl\u0131 ke\u00e7iril\u0259n brifinqd\u0259 deyib.<\/p>\n<div class=\"AdviadNativeVideo\"><\/div>\n<p>Onun s\u00f6zl\u0259rin\u0259 g\u00f6r\u0259, 44 g\u00fcnl\u00fck V\u0259t\u0259n m\u00fcharib\u0259sind\u0259 Az\u0259rbaycan xalq\u0131n\u0131n qazand\u0131\u011f\u0131 b\u00f6y\u00fck z\u0259f\u0259r\u0259 t\u00f6hf\u0259 verm\u0259k m\u0259qs\u0259dil\u0259 \u00e7\u0259kil\u0259n serial\u0131n istehsal\u0131n\u0131n ilkin haz\u0131rl\u0131q m\u0259rh\u0259l\u0259si davam edir: \u201cEkran \u0259s\u0259rinin \u00e7\u0259kili\u015f m\u0259kanlar\u0131n\u0131n se\u00e7ilm\u0259si tamamlan\u0131b, Bak\u0131, G\u0259nc\u0259 v\u0259 \u015eu\u015fa \u015f\u0259h\u0259rl\u0259rind\u0259, F\u00fczuli, Quba, \u0130smay\u0131ll\u0131, Da\u015fk\u0259s\u0259n, \u015eamax\u0131, Q\u0259b\u0259l\u0259, X\u0131z\u0131 rayonlar\u0131nda v\u0259 Hadrut q\u0259s\u0259b\u0259sind\u0259 \u00e7\u0259kili\u015fl\u0259r planla\u015fd\u0131r\u0131l\u0131b. Serial\u0131n istehsal\u0131 il\u0259 ba\u011fl\u0131 pirotexnika, \u0259lb\u0259s\u0259, rekvizit, s\u0259s v\u0259 dig\u0259r sah\u0259l\u0259r \u00fczr\u0259 texniki, h\u0259m\u00e7inin yarad\u0131c\u0131 hey\u0259t \u00fczvl\u0259ri m\u00fc\u0259yy\u0259n olunub v\u0259 onlar art\u0131q f\u0259aliyy\u0259t\u0259 ba\u015flay\u0131blar. Az\u0259rbaycanl\u0131lardan ibar\u0259t aktyor hey\u0259tinin se\u00e7imi v\u0259 onlarla s\u0131naq \u00e7\u0259kili\u015fl\u0259ri h\u0259yata ke\u00e7irilib\u201d.<\/p>\n<p>R.H\u0259s\u0259nov bildirib ki, \u201cQaraba\u011f V\u0259t\u0259n m\u00fcharib\u0259si\u201d \u015f\u0259rti adl\u0131 serial\u0131n \u00e7\u0259kili\u015fl\u0259rin\u0259 g\u0259l\u0259n ilin mart ay\u0131nda ba\u015flan\u0131lacaq:<\/p>\n<p>\u201cSerial 8 b\u00f6l\u00fcmd\u0259n ibar\u0259t olmaqla h\u0259r b\u00f6l\u00fcm 1 saat olacaq\u201d.<\/p>\n<p>Qeyd ed\u0259k ki, serial T\u00fcrkiy\u0259d\u0259 f\u0259aliyy\u0259t g\u00f6st\u0259r\u0259n \u201cBozda\u011f Film\u201d \u015firk\u0259ti t\u0259r\u0259find\u0259n Az\u0259rbaycan M\u0259d\u0259niyy\u0259t Nazirliyinin t\u0259\u015f\u0259bb\u00fcs\u00fc v\u0259 d\u0259st\u0259yi il\u0259 \u00e7\u0259kilir. \u201cBozda\u011f Film\u201d \u015firk\u0259tinin istehsal\u0131 olan \u201cKurulu\u015f Osman\u201d, \u201cDirili\u015f Ertu\u011frul\u201d, \u201cA\u015fk\u0131n yolculu\u011fu. Yunus Emre\u201d, \u201cMendirman Celaleddin\u201d, \u201cDestan\u201d kimi u\u011furlu serial layih\u0259l\u0259ri d\u00fcnyan\u0131n y\u00fczd\u0259n \u00e7ox \u00f6lk\u0259sind\u0259 yay\u0131mlanaraq milyonlarla tama\u015fa\u00e7\u0131 toplay\u0131b.<\/p>\n","protected":false},"excerpt":{"rendered":"<p>\u201cQaraba\u011f V\u0259t\u0259n m\u00fcharib\u0259si\u201d \u015f\u0259rti adl\u0131 \u00e7oxseriyal\u0131 b\u0259dii televiziya filminin istehsal\u0131na ba\u015flan\u0131l\u0131b. ARANTV.AZ\u00a0 x\u0259b\u0259r verir ki, bunu M\u0259d\u0259niyy\u0259t Nazirliyinin Audiovizual v\u0259 interaktiv media \u015f\u00f6b\u0259sinin m\u00fcdiri R\u00fcf\u0259t H\u0259s\u0259nov \u201cQaraba\u011f V\u0259t\u0259n m\u00fcharib\u0259si\u201d serial\u0131 il\u0259 ba\u011fl\u0131 ke\u00e7iril\u0259n brifinqd\u0259 deyib. Onun s\u00f6zl\u0259rin\u0259 g\u00f6r\u0259, 44 g\u00fcnl\u00fck V\u0259t\u0259n m\u00fcharib\u0259sind\u0259 Az\u0259rbaycan xalq\u0131n\u0131n qazand\u0131\u011f\u0131 b\u00f6y\u00fck z\u0259f\u0259r\u0259 t\u00f6hf\u0259 verm\u0259k m\u0259qs\u0259dil\u0259 \u00e7\u0259kil\u0259n serial\u0131n istehsal\u0131n\u0131n ilkin haz\u0131rl\u0131q m\u0259rh\u0259l\u0259si davam edir: \u201cEkran \u0259s\u0259rinin \u00e7\u0259kili\u015f m\u0259kanlar\u0131n\u0131n se\u00e7ilm\u0259si tamamlan\u0131b, Bak\u0131, G\u0259nc\u0259 v\u0259 \u015eu\u015fa \u015f\u0259h\u0259rl\u0259rind\u0259, F\u00fczuli, Quba, \u0130smay\u0131ll\u0131, Da\u015fk\u0259s\u0259n, \u015eamax\u0131, Q\u0259b\u0259l\u0259, X\u0131z\u0131 rayonlar\u0131nda v\u0259 Hadrut q\u0259s\u0259b\u0259sind\u0259 \u00e7\u0259kili\u015fl\u0259r planla\u015fd\u0131r\u0131l\u0131b. Serial\u0131n istehsal\u0131 il\u0259 ba\u011fl\u0131 pirotexnika, \u0259lb\u0259s\u0259, rekvizit, s\u0259s&hellip;<\/p>\n","protected":false},"author":2,"featured_media":524938,"comment_status":"closed","ping_status":"closed","sticky":false,"template":"","format":"standard","meta":{"om_disable_all_campaigns":false,"_monsterinsights_skip_tracking":false,"_monsterinsights_sitenote_active":false,"_monsterinsights_sitenote_note":"","_monsterinsights_sitenote_category":0},"categories":[10],"tags":[],"aioseo_notices":[],"gutentor_comment":0,"rttpg_featured_image_url":{"full":["https:\/\/arantv.az\/wp-content\/uploads\/2022\/10\/FotoJet-15-2.jpg",620,413,false],"landscape":["https:\/\/arantv.az\/wp-content\/uploads\/2022\/10\/FotoJet-15-2.jpg",620,413,false],"portraits":["https:\/\/arantv.az\/wp-content\/uploads\/2022\/10\/FotoJet-15-2.jpg",620,413,false],"thumbnail":["https:\/\/arantv.az\/wp-content\/uploads\/2022\/10\/FotoJet-15-2-500x280.jpg",500,280,true],"medium":["https:\/\/arantv.az\/wp-content\/uploads\/2022\/10\/FotoJet-15-2-548x365.jpg",548,365,true],"large":["https:\/\/arantv.az\/wp-content\/uploads\/2022\/10\/FotoJet-15-2.jpg",620,413,false],"1536x1536":["https:\/\/arantv.az\/wp-content\/uploads\/2022\/10\/FotoJet-15-2.jpg",620,413,false],"2048x2048":["https:\/\/arantv.az\/wp-content\/uploads\/2022\/10\/FotoJet-15-2.jpg",620,413,false],"post-thumbnail":["https:\/\/arantv.az\/wp-content\/uploads\/2022\/10\/FotoJet-15-2-240x172.jpg",240,172,true],"advps-thumb-one":["https:\/\/arantv.az\/wp-content\/uploads\/2022\/10\/FotoJet-15-2.jpg",620,413,false]},"rttpg_author":{"display_name":"V\u00fcsal Rafiqo\u011flu","author_link":"https:\/\/arantv.az\/?author=2"},"rttpg_comment":0,"rttpg_category":"<a href=\"https:\/\/arantv.az\/?cat=10\" rel=\"category\">C\u0259bh\u0259d\u0259n X\u0259b\u0259r<\/a>","rttpg_excerpt":"\u201cQaraba\u011f V\u0259t\u0259n m\u00fcharib\u0259si\u201d \u015f\u0259rti adl\u0131 \u00e7oxseriyal\u0131 b\u0259dii televiziya filminin istehsal\u0131na ba\u015flan\u0131l\u0131b. ARANTV.AZ\u00a0 x\u0259b\u0259r verir ki, bunu M\u0259d\u0259niyy\u0259t Nazirliyinin Audiovizual v\u0259 interaktiv media \u015f\u00f6b\u0259sinin m\u00fcdiri R\u00fcf\u0259t H\u0259s\u0259nov \u201cQaraba\u011f V\u0259t\u0259n m\u00fcharib\u0259si\u201d serial\u0131 il\u0259 ba\u011fl\u0131 ke\u00e7iril\u0259n brifinqd\u0259 deyib. Onun s\u00f6zl\u0259rin\u0259 g\u00f6r\u0259, 44 g\u00fcnl\u00fck V\u0259t\u0259n m\u00fcharib\u0259sind\u0259 Az\u0259rbaycan xalq\u0131n\u0131n qazand\u0131\u011f\u0131 b\u00f6y\u00fck z\u0259f\u0259r\u0259 t\u00f6hf\u0259 verm\u0259k m\u0259qs\u0259dil\u0259 \u00e7\u0259kil\u0259n serial\u0131n istehsal\u0131n\u0131n ilkin haz\u0131rl\u0131q&hellip;","_links":{"self":[{"href":"https:\/\/arantv.az\/index.php?rest_route=\/wp\/v2\/posts\/524937"}],"collection":[{"href":"https:\/\/arantv.az\/index.php?rest_route=\/wp\/v2\/posts"}],"about":[{"href":"https:\/\/arantv.az\/index.php?rest_route=\/wp\/v2\/types\/post"}],"author":[{"embeddable":true,"href":"https:\/\/arantv.az\/index.php?rest_route=\/wp\/v2\/users\/2"}],"replies":[{"embeddable":true,"href":"https:\/\/arantv.az\/index.php?rest_route=%2Fwp%2Fv2%2Fcomments&post=524937"}],"version-history":[{"count":0,"href":"https:\/\/arantv.az\/index.php?rest_route=\/wp\/v2\/posts\/524937\/revisions"}],"wp:featuredmedia":[{"embeddable":true,"href":"https:\/\/arantv.az\/index.php?rest_route=\/wp\/v2\/media\/524938"}],"wp:attachment":[{"href":"https:\/\/arantv.az\/index.php?rest_route=%2Fwp%2Fv2%2Fmedia&parent=524937"}],"wp:term":[{"taxonomy":"category","embeddable":true,"href":"https:\/\/arantv.az\/index.php?rest_route=%2Fwp%2Fv2%2Fcategories&post=524937"},{"taxonomy":"post_tag","embeddable":true,"href":"https:\/\/arantv.az\/index.php?rest_route=%2Fwp%2Fv2%2Ftags&post=524937"}],"curies":[{"name":"wp","href":"https:\/\/api.w.org\/{rel}","templated":true}]}}