{"id":524940,"date":"2022-10-18T15:35:41","date_gmt":"2022-10-18T12:35:41","guid":{"rendered":"https:\/\/arantv.az\/?p=524940"},"modified":"2022-10-18T15:35:41","modified_gmt":"2022-10-18T12:35:41","slug":"yalan-danisan-saxtakar-ir%c9%99van-makronu-yamsilayan-pasinyan-s%c9%99rh-foto","status":"publish","type":"post","link":"https:\/\/arantv.az\/?p=524940","title":{"rendered":"Yalan dan\u0131\u015fan saxtakar \u0130r\u0259van &#8211; Makronu yams\u0131layan Pa\u015finyan &#8211; \u015e\u018fRH + FOTO"},"content":{"rendered":"<p>Erm\u0259nistan hakimiyy\u0259ti v\u0259 havadarlar\u0131 C\u0259nubi Qafqazda t\u0259hl\u00fck\u0259sizliyin, sabitliyin yaranmas\u0131nda maraql\u0131 g\u00f6r\u00fcnm\u00fcrl\u0259r. R\u0259smi \u0130r\u0259van\u0131n \u00fcz\u0259rin\u0259 g\u00f6t\u00fcrd\u00fcy\u00fc \u00f6hd\u0259likl\u0259ri yerin\u0259 yetirm\u0259m\u0259si ad\u0259t hal\u0131n\u0131 al\u0131b. Onlar buna Az\u0259rbaycan torpaqlar\u0131n\u0131 i\u015f\u011faldan azad etm\u0259kl\u0259 ba\u011fl\u0131 BMT T\u0259hl\u00fck\u0259sizlik \u015euras\u0131n\u0131n 4 q\u0259tnam\u0259sini yerin\u0259 yetirm\u0259y\u0259nd\u0259n v\u0259rdi\u015fkar olublar. Bu g\u00fcn Az\u0259rbaycanla Erm\u0259nistan m\u00fcnasib\u0259tl\u0259rinin normalla\u015fmas\u0131nda \u00f6z\u00fcn\u00fc can\u0131yanan g\u00f6st\u0259rib g\u00f6z\u0259 soxaraq vasit\u0259\u00e7ilik sevdas\u0131na d\u00fc\u015f\u0259nl\u0259r onu beyn\u0259lxalq h\u00fcququ pozmas\u0131na g\u00f6r\u0259 c\u0259zalanmas\u0131na h\u0259mi\u015f\u0259 g\u00f6z yumublar. \u0130ndi d\u0259 bel\u0259dir. \u018fvv\u0259ll\u0259r Az\u0259rbaycan torpaqlar\u0131n\u0131 i\u015f\u011fal etdiyi \u00fc\u00e7\u00fcn \u00f6z\u00fcn\u00fc m\u00fc\u0259yy\u0259n m\u0259nada \u00fcst\u00fcn v\u0259ziyy\u0259td\u0259 hiss ed\u0259n Erm\u0259nistan indi d\u0259 \u0259ld\u0259 edil\u0259n raz\u0131la\u015fmalara m\u0259h\u0259l qoymur. Raz\u0131la\u015fd\u0131r\u0131lm\u0131\u015f s\u0259n\u0259dl\u0259ri icra etm\u0259m\u0259k \u00fc\u00e7\u00fcn m\u00fcxt\u0259lif b\u0259han\u0259l\u0259r uydurur.<\/p>\n<p>H\u0259tta bu azm\u0131\u015f kimi, Az\u0259rbaycanla s\u0259rh\u0259dyan\u0131 b\u00f6lg\u0259l\u0259r\u0259 \u0259lav\u0259 h\u0259rbi q\u00fcvv\u0259 toplay\u0131r. Az\u0259rbaycan M\u00fcdafi\u0259 Nazirliyinin \u00f6t\u0259n g\u00fcn yayd\u0131\u011f\u0131 a\u00e7\u0131qlamada bu bar\u0259d\u0259 bildirilib:<\/p>\n<div class=\"AdviadNativeVideo\"><\/div>\n<p>\u201cOktyabr\u0131n 16-s\u0131 g\u00fcn\u00fcn ikinci yar\u0131s\u0131nda Erm\u0259nistan silahl\u0131 q\u00fcvv\u0259l\u0259rinin Az\u0259rbaycan Ordusunun Da\u015fk\u0259s\u0259n istiqam\u0259tind\u0259 yerl\u0259\u015f\u0259n b\u00f6lm\u0259l\u0259ri il\u0259 \u00fczb\u0259\u00fcz m\u00f6vqel\u0259rin\u0259 h\u0259rbi n\u0259qliyyat vasit\u0259l\u0259ri il\u0259 \u0259lav\u0259 \u015f\u0259xsi hey\u0259t v\u0259 4 \u0259d\u0259d artilleriya qur\u011fusunu c\u0259ml\u0259\u015fdirm\u0259si t\u0259r\u0259fimizd\u0259n m\u00fc\u015fahid\u0259 edilib\u201d.<\/p>\n<p>Erm\u0259nistan M\u00fcdafi\u0259 Nazirliyi is\u0259 Az\u0259rbaycan\u0131 a\u00e7\u0131q-a\u015fkar \u015f\u0259rl\u0259yir. Bu struktur iddia edir ki, guya Az\u0259rbaycan\u0131n taq\u0131mlar\u0131 \u0259vv\u0259lc\u0259 bir-birin\u0259, sonra is\u0259 erm\u0259nil\u0259r t\u0259r\u0259f\u0259 at\u0259\u015f a\u00e7\u0131rlar. Buna erm\u0259ni yalan\u0131, f\u0131r\u0131lda\u011f\u0131\u00a0deyirl\u0259r. D\u00fcz, 200 il\u0259 yax\u0131nd\u0131r onlar bu sayaq yalanlar uydurub tarixd\u0259\u00a0yaz\u0131q erm\u0259ni obraz\u0131 yarad\u0131rlar.<\/p>\n<p><img src=\"https:\/\/cdn.oxu.az\/uploads\/W1siZiIsIjIwMjIvMTAvMTgvMTQvNTEvNTEvNWFjZWY0M2EtYTY3NC00YTE1LTg4Y2MtNmQ1NWJhZDFhNTM0L8O8Mi5qcGciXSxbInAiLCJlbmNvZGUiLCJqcGciLCItcXVhbGl0eSA4MCJdLFsicCIsInRodW1iIiwiNTkweDU5MFx1MDAzZSJdXQ?sha=cfd8f6f5c9732e23\" alt=\"\" \/><\/p>\n<p>Atalar s\u00f6z\u00fcd\u00fcr: \u201cKor at\u0131n axsaq nalb\u0259ndi olar\u201d. Bel\u0259 g\u00fcc strukturu olan d\u00f6vl\u0259tin Nikol Pa\u015finyan kimi d\u0259 ba\u015f naziri olar. O, \u201cTwitter\u201d s\u0259hif\u0259sind\u0259 iddia edib ki, guya Az\u0259rbaycan \u201cyeni h\u0259rbi t\u0259cav\u00fcz \u00fc\u00e7\u00fcn b\u0259han\u0259 haz\u0131rlay\u0131r\u201d. Onun M\u00fcdafi\u0259 Nazirliyi Az\u0259rbaycan h\u0259rb\u00e7il\u0259rinin bir-birin\u0259 at\u0259\u015f a\u00e7mas\u0131 kimi uydurma m\u0259lumatlar yay\u0131r. Pa\u015finyan da Az\u0259rbaycan\u0131n at\u0259\u015fk\u0259s rejimini pozdu\u011funu bildirir. Kabinetin ba\u015f\u00e7\u0131s\u0131 v\u0259 tabeliyind\u0259 olan g\u00fcc strukturunun f\u0259rqli m\u0259lumatlar\u0131 h\u0259r ikisinin yalan x\u0259b\u0259r yaymas\u0131n\u0131 isbatlay\u0131r.<\/p>\n<p>R\u0259smi \u0130r\u0259van Az\u0259rbaycanla s\u0259rh\u0259dyan\u0131 b\u00f6lg\u0259l\u0259ri q\u00fcvv\u0259 c\u0259ml\u0259\u015fdirm\u0259si bar\u0259d\u0259 m\u0259lumata m\u00fcnasib\u0259t bildirm\u0259yib. Ona g\u00f6r\u0259 d\u0259 Erm\u0259nistan t\u0259r\u0259fi bu \u0259m\u0259lini \u00f6rt-basd\u0131r etm\u0259k \u00fc\u00e7\u00fcn m\u00fcxt\u0259lif b\u0259han\u0259l\u0259r uydurur. Nikol Pa\u015finyan h\u0259yata ke\u00e7m\u0259si m\u00fcmk\u00fcn olmayan ideyalar ir\u0259li s\u00fcrm\u0259kl\u0259 \u00f6zl\u0259rini s\u00fclhsev\u0259r v\u0259 t\u0259\u015f\u0259bb\u00fcskar kimi t\u0259qdim etm\u0259y\u0259 c\u0259hd g\u00f6st\u0259rirl\u0259r. O, \u00f6t\u0259ng\u00fcnk\u00fc \u201cTwitter\u201dind\u0259 Bak\u0131 il\u0259 Nax\u00e7\u0131van aras\u0131nda \u0259laq\u0259l\u0259ri t\u0259min etm\u0259k m\u0259qs\u0259dil\u0259 \u201cErm\u0259nistan-Az\u0259rbaycan s\u0259rh\u0259dind\u0259 3 ke\u00e7id m\u0259nt\u0259q\u0259sinin a\u00e7\u0131lmas\u0131 il\u0259 ba\u011fl\u0131 q\u0259rar layih\u0259sinin bir ne\u00e7\u0259 ayd\u0131r r\u0259smi d\u00f6vriyy\u0259d\u0259\u201d oldu\u011funu bildirir. Pa\u015finyan burada da saxtakarl\u0131\u011f\u0131n\u0131 g\u00f6st\u0259rib. \u018fvv\u0259la, iki \u00f6lk\u0259 aras\u0131nda s\u0259rh\u0259d m\u00fc\u0259yy\u0259nl\u0259\u015fm\u0259yib. Bel\u0259 olan halda hans\u0131 s\u0259rh\u0259d m\u0259nt\u0259q\u0259sind\u0259n s\u00f6hb\u0259t ged\u0259 bil\u0259r. \u0130kincisi, Az\u0259rbaycan \u0259n q\u0131sa v\u0259 daha optimal variant kimi Z\u0259ng\u0259zur d\u0259hlizi layih\u0259sini ir\u0259li s\u00fcr\u00fcr. O, bu reall\u0131qdan qa\u00e7maq \u00fc\u00e7\u00fcn \u201c3 m\u0259nt\u0259q\u0259\u201d kimi c\u0259f\u0259ng ideyan\u0131 beyn\u0259lxalq ictimaiyy\u0259t\u0259 s\u0131r\u0131ma\u011fa \u00e7al\u0131\u015f\u0131r. Bu faktlar\u0131 yaln\u0131z erm\u0259ni etnosunun n\u00fcmay\u0259nd\u0259si dan\u0131\u015fa bil\u0259r. \u00c7\u00fcnki bu, onlar\u0131n xisl\u0259tind\u0259dir. H\u0259r etnosun bir \u00f6z\u0259lliyi var: Onlar\u0131n x\u0259miri yalan, hiyl\u0259 v\u0259 f\u0131r\u0131ldaq \u00fcz\u0259rind\u0259 qurulub. Bunu erm\u0259nil\u0259rl\u0259 dostluq etmi\u015f insanlar \u0259srl\u0259rdir deyirl\u0259r.<\/p>\n<p><img src=\"https:\/\/cdn.oxu.az\/uploads\/W1siZiIsIjIwMjIvMTAvMTgvMTQvNTEvNTEvZWNiYmYxNzItNjZmMC00NjM2LWE0M2ItMDBiNGVjNWQ0ZWQ2L8O8NC5qcGciXSxbInAiLCJlbmNvZGUiLCJqcGciLCItcXVhbGl0eSA4MCJdLFsicCIsInRodW1iIiwiNTkweDU5MFx1MDAzZSJdXQ?sha=76688ca394efdf23\" alt=\"\" \/>Az\u0259rbaycan\u0131n \u00fcnvan\u0131na hikk\u0259li yalanlar uyduran bir d\u00f6vl\u0259tin h\u00f6kum\u0259t ba\u015f\u00e7\u0131s\u0131 \u00f6t\u0259n g\u00fcn oktyabr\u0131n 31-d\u0259 Bel\u00e7ikan\u0131n Br\u00fcssel \u015f\u0259h\u0259rind\u0259 s\u0259rh\u0259dl\u0259rin delimitasiyas\u0131 v\u0259 t\u0259hl\u00fck\u0259sizlik \u00fczr\u0259 komissiyalar\u0131n\u0131n iclas\u0131n\u0131n ke\u00e7iril\u0259c\u0259yi x\u0259b\u0259rini d\u0259 payla\u015f\u0131b. Erm\u0259nistan, bir qayda olaraq, g\u00f6r\u00fc\u015fl\u0259rd\u0259n \u0259vv\u0259l pozuculuq f\u0259aliyy\u0259ti il\u0259 m\u0259\u015f\u011ful olur. 13 g\u00fcnd\u0259n sonra s\u0259rh\u0259dl\u0259rin m\u00fc\u0259yy\u0259nl\u0259\u015fm\u0259si il\u0259 ba\u011fl\u0131 toplant\u0131ya ged\u0259c\u0259k bir d\u00f6vl\u0259tin ba\u015f\u00e7\u0131s\u0131 v\u0259 nazirliyi saxtakarl\u0131qla m\u0259\u015f\u011fuldur. Xo\u015fm\u0259raml\u0131 v\u0259 s\u00fclhsev\u0259r niyy\u0259ti olsa idi, r\u0259smi \u0130r\u0259van\u0131n \u00e7\u0131x\u0131\u015f v\u0259 a\u00e7\u0131qlamalar\u0131nda \u00f6z\u00fcn\u00fc g\u00f6st\u0259r\u0259rdi. S\u00fclh v\u0259 s\u0259rh\u0259din m\u00fc\u0259yy\u0259nl\u0259\u015fm\u0259si \u00fczr\u0259 dan\u0131\u015f\u0131qlardan b\u0259hs ed\u0259n h\u00f6kum\u0259t ba\u015f\u00e7\u0131s\u0131 Az\u0259rbaycandak\u0131 separat\u00e7\u0131lar\u0131n t\u00f6r-t\u00f6k\u00fcnt\u00fcl\u0259ri il\u0259 \u0130r\u0259vanda g\u00f6r\u00fc\u015fl\u0259r ke\u00e7irm\u0259zdi.<\/p>\n<p><img src=\"https:\/\/cdn.oxu.az\/uploads\/W1siZiIsIjIwMjIvMTAvMTgvMTQvNTEvNTEvZmZjODg2M2YtZGJhYi00MzNkLWIyYTctZWYzMDFmYTYxZDhmL8O8NS5qcGciXSxbInAiLCJlbmNvZGUiLCJqcGciLCItcXVhbGl0eSA4MCJdLFsicCIsInRodW1iIiwiNTkweDU5MFx1MDAzZSJdXQ?sha=9a3769795c4eec6b\" alt=\"\" \/>Nikol Pa\u015finyan 2020-ci il noyabr\u0131n 10-da imzalanan \u00dc\u00e7t\u0259r\u0259fli B\u0259yanat\u0131n m\u00fcdd\u0259alar\u0131na \u0259m\u0259l etm\u0259dikl\u0259ri halda, yeni, ger\u00e7\u0259kl\u0259\u015fm\u0259si m\u00fcmk\u00fcn olmayan iddialar ir\u0259li s\u00fcr\u00fcr. Onun bel\u0259 \u0259rk\u00f6y\u00fcn dan\u0131\u015fmas\u0131n\u0131n, ideya v\u0259 t\u0259\u015f\u0259bb\u00fcskarl\u0131q xatirin\u0259 m\u00fcxt\u0259lif c\u0259f\u0259ng ideyalar ir\u0259li s\u00fcrm\u0259sin\u0259 s\u0259b\u0259b Avropa \u0130ttifaq\u0131 m\u00fclki m\u00fc\u015fahid\u0259 missiyas\u0131n\u0131n Erm\u0259nistana s\u0259f\u0259r etm\u0259sidir. Bel\u0259 \u00e7\u0131x\u0131r ki, kim(l\u0259r)s\u0259 ona noyabr\u0131n 10-da imzalanan b\u0259yanata \u0259m\u0259l etm\u0259m\u0259k \u00fc\u00e7\u00fcn \u201ca\u011fl\u0131na g\u0259l\u0259n t\u0259klifi ir\u0259li s\u00fcr\u201d deyib. Bundan ba\u015fqa, bu missiyaya arxalanan Nikol Pa\u015finyan s\u0259rh\u0259dyan\u0131 b\u00f6lg\u0259y\u0259 \u0259lav\u0259 h\u0259rbi q\u00fcvv\u0259 v\u0259 texnika yerl\u0259\u015fdirir. Erm\u0259nistan h\u00f6kum\u0259tinin m\u0259ntiqsiz v\u0259 \u0259rk\u00f6y\u00fcn, ba\u015f\u0131 s\u0131\u011fall\u0131 kimi dan\u0131\u015fmas\u0131na t\u0259kan ver\u0259nl\u0259rd\u0259n biri d\u0259 he\u00e7 \u015f\u00fcbh\u0259siz Fransa Prezidenti Emmanuel Makrondur. Onlar\u0131n \u00e7\u0131x\u0131\u015flar\u0131ndak\u0131 ox\u015farl\u0131qdan bel\u0259 t\u0259\u0259ss\u00fcrat yaran\u0131r ki, Makron Erm\u0259nistan\u0131n prezidentidir. Fransan\u0131n AT\u018fT-in ke\u00e7mi\u015f Minsk qrupundak\u0131 f\u0259aliyy\u0259ti, 44 g\u00fcnl\u00fck d\u00f6y\u00fc\u015fl\u0259rd\u0259 bu d\u00f6vl\u0259tin r\u0259hb\u0259rliyi v\u0259 K\u0130V-nin davran\u0131\u015f\u0131 da bunu t\u0259sdiql\u0259yir. Odur ki, r\u0259smi Paris \u00fcz\u0259rin\u0259 g\u00f6t\u00fcrd\u00fcy\u00fc \u00f6hd\u0259likl\u0259r\u0259 nec\u0259 \u201c\u0259m\u0259l edirs\u0259\u201d, Nikol Pa\u015finyan da o c\u00fcr davran\u0131r. Ba\u015fqa s\u00f6zl\u0259, s\u00fclh, \u0259m\u0259kda\u015fl\u0131q, t\u0259hl\u00fck\u0259sizlik kimi m\u0259s\u0259l\u0259l\u0259rd\u0259 bu iki d\u00f6vl\u0259tin liderl\u0259ri bir-birin\u0259 tayd\u0131rlar. Pa\u015finyan yalan v\u0259 saxtakarl\u0131\u011f\u0131 il\u0259 d\u0259 Makronu yams\u0131lay\u0131r.<\/p>\n<p><strong>\u201c<\/strong><strong>Report\u201d<\/strong><strong>\u00a0\u0130nformasiya Agentliyi<\/strong><\/p>\n","protected":false},"excerpt":{"rendered":"<p>Erm\u0259nistan hakimiyy\u0259ti v\u0259 havadarlar\u0131 C\u0259nubi Qafqazda t\u0259hl\u00fck\u0259sizliyin, sabitliyin yaranmas\u0131nda maraql\u0131 g\u00f6r\u00fcnm\u00fcrl\u0259r. R\u0259smi \u0130r\u0259van\u0131n \u00fcz\u0259rin\u0259 g\u00f6t\u00fcrd\u00fcy\u00fc \u00f6hd\u0259likl\u0259ri yerin\u0259 yetirm\u0259m\u0259si ad\u0259t hal\u0131n\u0131 al\u0131b. Onlar buna Az\u0259rbaycan torpaqlar\u0131n\u0131 i\u015f\u011faldan azad etm\u0259kl\u0259 ba\u011fl\u0131 BMT T\u0259hl\u00fck\u0259sizlik \u015euras\u0131n\u0131n 4 q\u0259tnam\u0259sini yerin\u0259 yetirm\u0259y\u0259nd\u0259n v\u0259rdi\u015fkar olublar. Bu g\u00fcn Az\u0259rbaycanla Erm\u0259nistan m\u00fcnasib\u0259tl\u0259rinin normalla\u015fmas\u0131nda \u00f6z\u00fcn\u00fc can\u0131yanan g\u00f6st\u0259rib g\u00f6z\u0259 soxaraq vasit\u0259\u00e7ilik sevdas\u0131na d\u00fc\u015f\u0259nl\u0259r onu beyn\u0259lxalq h\u00fcququ pozmas\u0131na g\u00f6r\u0259 c\u0259zalanmas\u0131na h\u0259mi\u015f\u0259 g\u00f6z yumublar. \u0130ndi d\u0259 bel\u0259dir. \u018fvv\u0259ll\u0259r Az\u0259rbaycan torpaqlar\u0131n\u0131 i\u015f\u011fal etdiyi \u00fc\u00e7\u00fcn \u00f6z\u00fcn\u00fc m\u00fc\u0259yy\u0259n m\u0259nada \u00fcst\u00fcn v\u0259ziyy\u0259td\u0259 hiss ed\u0259n Erm\u0259nistan indi d\u0259 \u0259ld\u0259 edil\u0259n raz\u0131la\u015fmalara m\u0259h\u0259l qoymur. Raz\u0131la\u015fd\u0131r\u0131lm\u0131\u015f s\u0259n\u0259dl\u0259ri icra etm\u0259m\u0259k \u00fc\u00e7\u00fcn&hellip;<\/p>\n","protected":false},"author":2,"featured_media":524941,"comment_status":"closed","ping_status":"closed","sticky":false,"template":"","format":"standard","meta":{"om_disable_all_campaigns":false,"_monsterinsights_skip_tracking":false,"_monsterinsights_sitenote_active":false,"_monsterinsights_sitenote_note":"","_monsterinsights_sitenote_category":0},"categories":[4],"tags":[],"aioseo_notices":[],"gutentor_comment":0,"rttpg_featured_image_url":{"full":["https:\/\/arantv.az\/wp-content\/uploads\/2022\/10\/A\u00bc1.jpg",620,413,false],"landscape":["https:\/\/arantv.az\/wp-content\/uploads\/2022\/10\/A\u00bc1.jpg",620,413,false],"portraits":["https:\/\/arantv.az\/wp-content\/uploads\/2022\/10\/A\u00bc1.jpg",620,413,false],"thumbnail":["https:\/\/arantv.az\/wp-content\/uploads\/2022\/10\/A\u00bc1-500x280.jpg",500,280,true],"medium":["https:\/\/arantv.az\/wp-content\/uploads\/2022\/10\/A\u00bc1-548x365.jpg",548,365,true],"large":["https:\/\/arantv.az\/wp-content\/uploads\/2022\/10\/A\u00bc1.jpg",620,413,false],"1536x1536":["https:\/\/arantv.az\/wp-content\/uploads\/2022\/10\/A\u00bc1.jpg",620,413,false],"2048x2048":["https:\/\/arantv.az\/wp-content\/uploads\/2022\/10\/A\u00bc1.jpg",620,413,false],"post-thumbnail":["https:\/\/arantv.az\/wp-content\/uploads\/2022\/10\/A\u00bc1-240x172.jpg",240,172,true],"advps-thumb-one":["https:\/\/arantv.az\/wp-content\/uploads\/2022\/10\/A\u00bc1.jpg",620,413,false]},"rttpg_author":{"display_name":"V\u00fcsal Rafiqo\u011flu","author_link":"https:\/\/arantv.az\/?author=2"},"rttpg_comment":0,"rttpg_category":"<a href=\"https:\/\/arantv.az\/?cat=4\" rel=\"category\">Siyas\u0259t<\/a>","rttpg_excerpt":"Erm\u0259nistan hakimiyy\u0259ti v\u0259 havadarlar\u0131 C\u0259nubi Qafqazda t\u0259hl\u00fck\u0259sizliyin, sabitliyin yaranmas\u0131nda maraql\u0131 g\u00f6r\u00fcnm\u00fcrl\u0259r. R\u0259smi \u0130r\u0259van\u0131n \u00fcz\u0259rin\u0259 g\u00f6t\u00fcrd\u00fcy\u00fc \u00f6hd\u0259likl\u0259ri yerin\u0259 yetirm\u0259m\u0259si ad\u0259t hal\u0131n\u0131 al\u0131b. Onlar buna Az\u0259rbaycan torpaqlar\u0131n\u0131 i\u015f\u011faldan azad etm\u0259kl\u0259 ba\u011fl\u0131 BMT T\u0259hl\u00fck\u0259sizlik \u015euras\u0131n\u0131n 4 q\u0259tnam\u0259sini yerin\u0259 yetirm\u0259y\u0259nd\u0259n v\u0259rdi\u015fkar olublar. Bu g\u00fcn Az\u0259rbaycanla Erm\u0259nistan m\u00fcnasib\u0259tl\u0259rinin normalla\u015fmas\u0131nda \u00f6z\u00fcn\u00fc can\u0131yanan g\u00f6st\u0259rib g\u00f6z\u0259 soxaraq vasit\u0259\u00e7ilik sevdas\u0131na d\u00fc\u015f\u0259nl\u0259r onu beyn\u0259lxalq h\u00fcququ&hellip;","_links":{"self":[{"href":"https:\/\/arantv.az\/index.php?rest_route=\/wp\/v2\/posts\/524940"}],"collection":[{"href":"https:\/\/arantv.az\/index.php?rest_route=\/wp\/v2\/posts"}],"about":[{"href":"https:\/\/arantv.az\/index.php?rest_route=\/wp\/v2\/types\/post"}],"author":[{"embeddable":true,"href":"https:\/\/arantv.az\/index.php?rest_route=\/wp\/v2\/users\/2"}],"replies":[{"embeddable":true,"href":"https:\/\/arantv.az\/index.php?rest_route=%2Fwp%2Fv2%2Fcomments&post=524940"}],"version-history":[{"count":0,"href":"https:\/\/arantv.az\/index.php?rest_route=\/wp\/v2\/posts\/524940\/revisions"}],"wp:featuredmedia":[{"embeddable":true,"href":"https:\/\/arantv.az\/index.php?rest_route=\/wp\/v2\/media\/524941"}],"wp:attachment":[{"href":"https:\/\/arantv.az\/index.php?rest_route=%2Fwp%2Fv2%2Fmedia&parent=524940"}],"wp:term":[{"taxonomy":"category","embeddable":true,"href":"https:\/\/arantv.az\/index.php?rest_route=%2Fwp%2Fv2%2Fcategories&post=524940"},{"taxonomy":"post_tag","embeddable":true,"href":"https:\/\/arantv.az\/index.php?rest_route=%2Fwp%2Fv2%2Ftags&post=524940"}],"curies":[{"name":"wp","href":"https:\/\/api.w.org\/{rel}","templated":true}]}}