{"id":524944,"date":"2022-10-18T15:36:20","date_gmt":"2022-10-18T12:36:20","guid":{"rendered":"https:\/\/arantv.az\/?p=524944"},"modified":"2022-10-18T15:36:20","modified_gmt":"2022-10-18T12:36:20","slug":"s%c9%99lcuq-bayraktar-az%c9%99rbaycan-xalqini-t%c9%99brik-etdi-foto","status":"publish","type":"post","link":"https:\/\/arantv.az\/?p=524944","title":{"rendered":"S\u0259lcuq Bayraktar Az\u0259rbaycan xalq\u0131n\u0131 t\u0259brik etdi &#8211; FOTO"},"content":{"rendered":"<p>T\u00fcrkiy\u0259nin \u201cBaykar\u201d \u015firk\u0259tinin texniki direktoru S\u0259lcuq Bayraktar 18 oktyabr &#8211; M\u00fcst\u0259qilliyin B\u0259rpas\u0131 G\u00fcn\u00fc m\u00fcnasib\u0259til\u0259 Az\u0259rbaycan xalq\u0131n\u0131 t\u0259brik edib.<\/p>\n<div class=\"AdviadNativeVideo\"><\/div>\n<p><strong>ARANTV.AZ<\/strong>-\u0131n m\u0259lumat\u0131na g\u00f6r\u0259, bununla ba\u011fl\u0131 o, \u201cTwitter\u201d hesab\u0131nda payla\u015f\u0131m edib.<\/p>\n<p>T\u0259brikin\u0259 B\u0259xtiyar Vahabzad\u0259nin \u201cAz\u0259rbaycan-T\u00fcrkiy\u0259\u201d \u015feirind\u0259n bir b\u0259nd yazan Bayraktar payla\u015f\u0131m\u0131na Az\u0259rbaycanda \u00e7\u0259kil\u0259n \u015f\u0259kill\u0259rini d\u0259 \u0259lav\u0259 edib.<\/p>\n<div>\n<div class=\"twitter-tweet twitter-tweet-rendered\"><iframe id=\"twitter-widget-0\" class=\"\" title=\"Twitter Tweet\" src=\"https:\/\/platform.twitter.com\/embed\/Tweet.html?creatorScreenName=oxuaz&amp;dnt=false&amp;embedId=twitter-widget-0&amp;features=eyJ0ZndfdGltZWxpbmVfbGlzdCI6eyJidWNrZXQiOlsibGlua3RyLmVlIiwidHIuZWUiLCJ0ZXJyYS5jb20uYnIiLCJ3d3cubGlua3RyLmVlIiwid3d3LnRyLmVlIiwid3d3LnRlcnJhLmNvbS5iciJdLCJ2ZXJzaW9uIjpudWxsfSwidGZ3X2hvcml6b25fdGltZWxpbmVfMTIwMzQiOnsiYnVja2V0IjoidHJlYXRtZW50IiwidmVyc2lvbiI6bnVsbH0sInRmd190d2VldF9lZGl0X2JhY2tlbmQiOnsiYnVja2V0Ijoib24iLCJ2ZXJzaW9uIjpudWxsfSwidGZ3X3JlZnNyY19zZXNzaW9uIjp7ImJ1Y2tldCI6Im9uIiwidmVyc2lvbiI6bnVsbH0sInRmd19jaGluX3BpbGxzXzE0NzQxIjp7ImJ1Y2tldCI6ImNvbG9yX2ljb25zIiwidmVyc2lvbiI6bnVsbH0sInRmd190d2VldF9yZXN1bHRfbWlncmF0aW9uXzEzOTc5Ijp7ImJ1Y2tldCI6InR3ZWV0X3Jlc3VsdCIsInZlcnNpb24iOm51bGx9LCJ0Zndfc2Vuc2l0aXZlX21lZGlhX2ludGVyc3RpdGlhbF8xMzk2MyI6eyJidWNrZXQiOiJpbnRlcnN0aXRpYWwiLCJ2ZXJzaW9uIjpudWxsfSwidGZ3X2V4cGVyaW1lbnRzX2Nvb2tpZV9leHBpcmF0aW9uIjp7ImJ1Y2tldCI6MTIwOTYwMCwidmVyc2lvbiI6bnVsbH0sInRmd19kdXBsaWNhdGVfc2NyaWJlc190b19zZXR0aW5ncyI6eyJidWNrZXQiOiJvbiIsInZlcnNpb24iOm51bGx9LCJ0ZndfdmlkZW9faGxzX2R5bmFtaWNfbWFuaWZlc3RzXzE1MDgyIjp7ImJ1Y2tldCI6InRydWVfYml0cmF0ZSIsInZlcnNpb24iOm51bGx9LCJ0ZndfdHdlZXRfZWRpdF9mcm9udGVuZCI6eyJidWNrZXQiOiJvbiIsInZlcnNpb24iOm51bGx9fQ%3D%3D&amp;frame=false&amp;hideCard=false&amp;hideThread=false&amp;id=1582307430393708547&amp;lang=en&amp;origin=https%3A%2F%2Foxu.az%2Fpolitics%2F654765&amp;sessionId=b7692197b2ed3b68bbe3b8eb5fe17eee84ff4f6e&amp;siteScreenName=oxuaz&amp;theme=light&amp;widgetsVersion=1c23387b1f70c%3A1664388199485&amp;width=550px\" frameborder=\"0\" scrolling=\"no\" allowfullscreen=\"allowfullscreen\" data-tweet-id=\"1582307430393708547\" data-mce-fragment=\"1\"><\/iframe><\/div>\n<\/div>\n<p>&nbsp;<\/p>\n","protected":false},"excerpt":{"rendered":"<p>T\u00fcrkiy\u0259nin \u201cBaykar\u201d \u015firk\u0259tinin texniki direktoru S\u0259lcuq Bayraktar 18 oktyabr &#8211; M\u00fcst\u0259qilliyin B\u0259rpas\u0131 G\u00fcn\u00fc m\u00fcnasib\u0259til\u0259 Az\u0259rbaycan xalq\u0131n\u0131 t\u0259brik edib. ARANTV.AZ-\u0131n m\u0259lumat\u0131na g\u00f6r\u0259, bununla ba\u011fl\u0131 o, \u201cTwitter\u201d hesab\u0131nda payla\u015f\u0131m edib. T\u0259brikin\u0259 B\u0259xtiyar Vahabzad\u0259nin \u201cAz\u0259rbaycan-T\u00fcrkiy\u0259\u201d \u015feirind\u0259n bir b\u0259nd yazan Bayraktar payla\u015f\u0131m\u0131na Az\u0259rbaycanda \u00e7\u0259kil\u0259n \u015f\u0259kill\u0259rini d\u0259 \u0259lav\u0259 edib. &nbsp;<\/p>\n","protected":false},"author":2,"featured_media":524945,"comment_status":"closed","ping_status":"closed","sticky":false,"template":"","format":"standard","meta":{"om_disable_all_campaigns":false,"_monsterinsights_skip_tracking":false,"_monsterinsights_sitenote_active":false,"_monsterinsights_sitenote_note":"","_monsterinsights_sitenote_category":0},"categories":[4],"tags":[],"aioseo_notices":[],"gutentor_comment":0,"rttpg_featured_image_url":{"full":["https:\/\/arantv.az\/wp-content\/uploads\/2022\/10\/Ej2oLjdi1UjaKyCAKfDHKYT5BivXZOIDyR4XqDVl.jpg",620,413,false],"landscape":["https:\/\/arantv.az\/wp-content\/uploads\/2022\/10\/Ej2oLjdi1UjaKyCAKfDHKYT5BivXZOIDyR4XqDVl.jpg",620,413,false],"portraits":["https:\/\/arantv.az\/wp-content\/uploads\/2022\/10\/Ej2oLjdi1UjaKyCAKfDHKYT5BivXZOIDyR4XqDVl.jpg",620,413,false],"thumbnail":["https:\/\/arantv.az\/wp-content\/uploads\/2022\/10\/Ej2oLjdi1UjaKyCAKfDHKYT5BivXZOIDyR4XqDVl-500x280.jpg",500,280,true],"medium":["https:\/\/arantv.az\/wp-content\/uploads\/2022\/10\/Ej2oLjdi1UjaKyCAKfDHKYT5BivXZOIDyR4XqDVl-548x365.jpg",548,365,true],"large":["https:\/\/arantv.az\/wp-content\/uploads\/2022\/10\/Ej2oLjdi1UjaKyCAKfDHKYT5BivXZOIDyR4XqDVl.jpg",620,413,false],"1536x1536":["https:\/\/arantv.az\/wp-content\/uploads\/2022\/10\/Ej2oLjdi1UjaKyCAKfDHKYT5BivXZOIDyR4XqDVl.jpg",620,413,false],"2048x2048":["https:\/\/arantv.az\/wp-content\/uploads\/2022\/10\/Ej2oLjdi1UjaKyCAKfDHKYT5BivXZOIDyR4XqDVl.jpg",620,413,false],"post-thumbnail":["https:\/\/arantv.az\/wp-content\/uploads\/2022\/10\/Ej2oLjdi1UjaKyCAKfDHKYT5BivXZOIDyR4XqDVl-240x172.jpg",240,172,true],"advps-thumb-one":["https:\/\/arantv.az\/wp-content\/uploads\/2022\/10\/Ej2oLjdi1UjaKyCAKfDHKYT5BivXZOIDyR4XqDVl.jpg",620,413,false]},"rttpg_author":{"display_name":"V\u00fcsal Rafiqo\u011flu","author_link":"https:\/\/arantv.az\/?author=2"},"rttpg_comment":0,"rttpg_category":"<a href=\"https:\/\/arantv.az\/?cat=4\" rel=\"category\">Siyas\u0259t<\/a>","rttpg_excerpt":"T\u00fcrkiy\u0259nin \u201cBaykar\u201d \u015firk\u0259tinin texniki direktoru S\u0259lcuq Bayraktar 18 oktyabr &#8211; M\u00fcst\u0259qilliyin B\u0259rpas\u0131 G\u00fcn\u00fc m\u00fcnasib\u0259til\u0259 Az\u0259rbaycan xalq\u0131n\u0131 t\u0259brik edib. ARANTV.AZ-\u0131n m\u0259lumat\u0131na g\u00f6r\u0259, bununla ba\u011fl\u0131 o, \u201cTwitter\u201d hesab\u0131nda payla\u015f\u0131m edib. T\u0259brikin\u0259 B\u0259xtiyar Vahabzad\u0259nin \u201cAz\u0259rbaycan-T\u00fcrkiy\u0259\u201d \u015feirind\u0259n bir b\u0259nd yazan Bayraktar payla\u015f\u0131m\u0131na Az\u0259rbaycanda \u00e7\u0259kil\u0259n \u015f\u0259kill\u0259rini d\u0259 \u0259lav\u0259 edib. &nbsp;","_links":{"self":[{"href":"https:\/\/arantv.az\/index.php?rest_route=\/wp\/v2\/posts\/524944"}],"collection":[{"href":"https:\/\/arantv.az\/index.php?rest_route=\/wp\/v2\/posts"}],"about":[{"href":"https:\/\/arantv.az\/index.php?rest_route=\/wp\/v2\/types\/post"}],"author":[{"embeddable":true,"href":"https:\/\/arantv.az\/index.php?rest_route=\/wp\/v2\/users\/2"}],"replies":[{"embeddable":true,"href":"https:\/\/arantv.az\/index.php?rest_route=%2Fwp%2Fv2%2Fcomments&post=524944"}],"version-history":[{"count":0,"href":"https:\/\/arantv.az\/index.php?rest_route=\/wp\/v2\/posts\/524944\/revisions"}],"wp:featuredmedia":[{"embeddable":true,"href":"https:\/\/arantv.az\/index.php?rest_route=\/wp\/v2\/media\/524945"}],"wp:attachment":[{"href":"https:\/\/arantv.az\/index.php?rest_route=%2Fwp%2Fv2%2Fmedia&parent=524944"}],"wp:term":[{"taxonomy":"category","embeddable":true,"href":"https:\/\/arantv.az\/index.php?rest_route=%2Fwp%2Fv2%2Fcategories&post=524944"},{"taxonomy":"post_tag","embeddable":true,"href":"https:\/\/arantv.az\/index.php?rest_route=%2Fwp%2Fv2%2Ftags&post=524944"}],"curies":[{"name":"wp","href":"https:\/\/api.w.org\/{rel}","templated":true}]}}