{"id":524959,"date":"2022-10-18T17:59:44","date_gmt":"2022-10-18T14:59:44","guid":{"rendered":"https:\/\/arantv.az\/?p=524959"},"modified":"2022-10-18T17:59:44","modified_gmt":"2022-10-18T14:59:44","slug":"%c9%99rdoganin-sozcusu-iki-olk%c9%99-arasindaki-munasib%c9%99tl%c9%99rd%c9%99n-danisdi-video","status":"publish","type":"post","link":"https:\/\/arantv.az\/?p=524959","title":{"rendered":"\u018frdo\u011fan\u0131n s\u00f6z\u00e7\u00fcs\u00fc iki \u00f6lk\u0259 aras\u0131ndak\u0131 m\u00fcnasib\u0259tl\u0259rd\u0259n dan\u0131\u015fd\u0131 &#8211; V\u0130DEO"},"content":{"rendered":"<article class=\"news\">\n<div class=\"news-inner\">\n<p>\u201cT\u00fcrkiy\u0259 &#8211; Erm\u0259nistan m\u00fcnasib\u0259tl\u0259rinin normalla\u015fmas\u0131 prosesind\u0259 m\u00fcsb\u0259t ir\u0259lil\u0259yi\u015f var\u201d.<\/p>\n<p>Bunu T\u00fcrkiy\u0259 Prezidentinin m\u0259tbuat katibi \u0130brahim Kal\u0131n \u201cA Haber\u201d\u0259 m\u00fcsahib\u0259sind\u0259 bildirib.<\/p>\n<div class=\"AdviadNativeVideo\"><\/div>\n<p>O qeyd edib ki, T\u00fcrkiy\u0259 Erm\u0259nistanla m\u00fcnasib\u0259tl\u0259rin normalla\u015fmas\u0131 prosesind\u0259 yeni add\u0131mlar\u0131n at\u0131laca\u011f\u0131na inan\u0131r.<\/p>\n<p>\u201cNikol Pa\u015finyan b\u00fct\u00fcn \u00e7\u0259tinlikl\u0259r\u0259, m\u00fcxalif\u0259tin v\u0259 diasporun t\u0259zyiqin\u0259 baxmayaraq, bu prosesi yax\u015f\u0131 idar\u0259 edir\u201d, &#8211; dey\u0259 o bildirib.<\/p>\n<p>\u201cErm\u0259ni diasporu bu proses\u0259 d\u0259st\u0259k olmal\u0131d\u0131r. Az\u0259rbaycan v\u0259 T\u00fcrkiy\u0259 il\u0259 m\u00fcnasib\u0259tl\u0259rin normalla\u015fmas\u0131 \u0259n \u00e7ox Erm\u0259nistan\u0131n xeyrin\u0259 olacaq\u201d, &#8211; dey\u0259 \u0130.Kal\u0131n \u0259lav\u0259 edib.<\/p>\n<p>Daha \u0259trafl\u0131 Baku TV-nin s\u00fcjetind\u0259:<\/p>\n<div><iframe loading=\"lazy\" title=\"YouTube video player\" src=\"https:\/\/www.youtube.com\/embed\/Ml1KP8oQ6F8\" width=\"560\" height=\"315\" frameborder=\"0\" allowfullscreen=\"allowfullscreen\" data-mce-fragment=\"1\"><\/iframe><\/div>\n<\/div>\n<\/article>\n","protected":false},"excerpt":{"rendered":"<p>\u201cT\u00fcrkiy\u0259 &#8211; Erm\u0259nistan m\u00fcnasib\u0259tl\u0259rinin normalla\u015fmas\u0131 prosesind\u0259 m\u00fcsb\u0259t ir\u0259lil\u0259yi\u015f var\u201d. Bunu T\u00fcrkiy\u0259 Prezidentinin m\u0259tbuat katibi \u0130brahim Kal\u0131n \u201cA Haber\u201d\u0259 m\u00fcsahib\u0259sind\u0259 bildirib. O qeyd edib ki, T\u00fcrkiy\u0259 Erm\u0259nistanla m\u00fcnasib\u0259tl\u0259rin normalla\u015fmas\u0131 prosesind\u0259 yeni add\u0131mlar\u0131n at\u0131laca\u011f\u0131na inan\u0131r. \u201cNikol Pa\u015finyan b\u00fct\u00fcn \u00e7\u0259tinlikl\u0259r\u0259, m\u00fcxalif\u0259tin v\u0259 diasporun t\u0259zyiqin\u0259 baxmayaraq, bu prosesi yax\u015f\u0131 idar\u0259 edir\u201d, &#8211; dey\u0259 o bildirib. \u201cErm\u0259ni diasporu bu proses\u0259 d\u0259st\u0259k olmal\u0131d\u0131r. Az\u0259rbaycan v\u0259 T\u00fcrkiy\u0259 il\u0259 m\u00fcnasib\u0259tl\u0259rin normalla\u015fmas\u0131 \u0259n \u00e7ox Erm\u0259nistan\u0131n xeyrin\u0259 olacaq\u201d, &#8211; dey\u0259 \u0130.Kal\u0131n \u0259lav\u0259 edib. Daha \u0259trafl\u0131 Baku TV-nin s\u00fcjetind\u0259:<\/p>\n","protected":false},"author":2,"featured_media":524960,"comment_status":"closed","ping_status":"closed","sticky":false,"template":"","format":"standard","meta":{"om_disable_all_campaigns":false,"_monsterinsights_skip_tracking":false,"_monsterinsights_sitenote_active":false,"_monsterinsights_sitenote_note":"","_monsterinsights_sitenote_category":0},"categories":[4],"tags":[],"aioseo_notices":[],"gutentor_comment":0,"rttpg_featured_image_url":{"full":["https:\/\/arantv.az\/wp-content\/uploads\/2022\/10\/FotoJet-52-1.jpg",620,413,false],"landscape":["https:\/\/arantv.az\/wp-content\/uploads\/2022\/10\/FotoJet-52-1.jpg",620,413,false],"portraits":["https:\/\/arantv.az\/wp-content\/uploads\/2022\/10\/FotoJet-52-1.jpg",620,413,false],"thumbnail":["https:\/\/arantv.az\/wp-content\/uploads\/2022\/10\/FotoJet-52-1-500x280.jpg",500,280,true],"medium":["https:\/\/arantv.az\/wp-content\/uploads\/2022\/10\/FotoJet-52-1-548x365.jpg",548,365,true],"large":["https:\/\/arantv.az\/wp-content\/uploads\/2022\/10\/FotoJet-52-1.jpg",620,413,false],"1536x1536":["https:\/\/arantv.az\/wp-content\/uploads\/2022\/10\/FotoJet-52-1.jpg",620,413,false],"2048x2048":["https:\/\/arantv.az\/wp-content\/uploads\/2022\/10\/FotoJet-52-1.jpg",620,413,false],"post-thumbnail":["https:\/\/arantv.az\/wp-content\/uploads\/2022\/10\/FotoJet-52-1-240x172.jpg",240,172,true],"advps-thumb-one":["https:\/\/arantv.az\/wp-content\/uploads\/2022\/10\/FotoJet-52-1.jpg",620,413,false]},"rttpg_author":{"display_name":"V\u00fcsal Rafiqo\u011flu","author_link":"https:\/\/arantv.az\/?author=2"},"rttpg_comment":0,"rttpg_category":"<a href=\"https:\/\/arantv.az\/?cat=4\" rel=\"category\">Siyas\u0259t<\/a>","rttpg_excerpt":"\u201cT\u00fcrkiy\u0259 &#8211; Erm\u0259nistan m\u00fcnasib\u0259tl\u0259rinin normalla\u015fmas\u0131 prosesind\u0259 m\u00fcsb\u0259t ir\u0259lil\u0259yi\u015f var\u201d. Bunu T\u00fcrkiy\u0259 Prezidentinin m\u0259tbuat katibi \u0130brahim Kal\u0131n \u201cA Haber\u201d\u0259 m\u00fcsahib\u0259sind\u0259 bildirib. O qeyd edib ki, T\u00fcrkiy\u0259 Erm\u0259nistanla m\u00fcnasib\u0259tl\u0259rin normalla\u015fmas\u0131 prosesind\u0259 yeni add\u0131mlar\u0131n at\u0131laca\u011f\u0131na inan\u0131r. \u201cNikol Pa\u015finyan b\u00fct\u00fcn \u00e7\u0259tinlikl\u0259r\u0259, m\u00fcxalif\u0259tin v\u0259 diasporun t\u0259zyiqin\u0259 baxmayaraq, bu prosesi yax\u015f\u0131 idar\u0259 edir\u201d, &#8211; dey\u0259 o bildirib. \u201cErm\u0259ni diasporu bu proses\u0259&hellip;","_links":{"self":[{"href":"https:\/\/arantv.az\/index.php?rest_route=\/wp\/v2\/posts\/524959"}],"collection":[{"href":"https:\/\/arantv.az\/index.php?rest_route=\/wp\/v2\/posts"}],"about":[{"href":"https:\/\/arantv.az\/index.php?rest_route=\/wp\/v2\/types\/post"}],"author":[{"embeddable":true,"href":"https:\/\/arantv.az\/index.php?rest_route=\/wp\/v2\/users\/2"}],"replies":[{"embeddable":true,"href":"https:\/\/arantv.az\/index.php?rest_route=%2Fwp%2Fv2%2Fcomments&post=524959"}],"version-history":[{"count":0,"href":"https:\/\/arantv.az\/index.php?rest_route=\/wp\/v2\/posts\/524959\/revisions"}],"wp:featuredmedia":[{"embeddable":true,"href":"https:\/\/arantv.az\/index.php?rest_route=\/wp\/v2\/media\/524960"}],"wp:attachment":[{"href":"https:\/\/arantv.az\/index.php?rest_route=%2Fwp%2Fv2%2Fmedia&parent=524959"}],"wp:term":[{"taxonomy":"category","embeddable":true,"href":"https:\/\/arantv.az\/index.php?rest_route=%2Fwp%2Fv2%2Fcategories&post=524959"},{"taxonomy":"post_tag","embeddable":true,"href":"https:\/\/arantv.az\/index.php?rest_route=%2Fwp%2Fv2%2Ftags&post=524959"}],"curies":[{"name":"wp","href":"https:\/\/api.w.org\/{rel}","templated":true}]}}