{"id":524962,"date":"2022-10-18T18:00:53","date_gmt":"2022-10-18T15:00:53","guid":{"rendered":"https:\/\/arantv.az\/?p=524962"},"modified":"2022-10-18T18:00:53","modified_gmt":"2022-10-18T15:00:53","slug":"erm%c9%99nistan-muharib%c9%99y%c9%99-hazirlasir-aciqlama-video","status":"publish","type":"post","link":"https:\/\/arantv.az\/?p=524962","title":{"rendered":"Erm\u0259nistan m\u00fcharib\u0259y\u0259 haz\u0131rla\u015f\u0131r? &#8211; A\u00c7IQLAMA + V\u0130DEO"},"content":{"rendered":"<article class=\"news\">\n<div class=\"news-inner\">\n<p>Erm\u0259nistan Az\u0259rbaycan Ordusunun m\u00f6vqel\u0259rin\u0259 do\u011fru v\u0259 delimitasiya olunmam\u0131\u015f s\u0259rh\u0259d zonas\u0131na a\u011f\u0131r artilleriya qur\u011fular\u0131 y\u0131\u011fma\u011fa ba\u015flay\u0131b. G\u00f6r\u00fcn\u00fcr, Fransa v\u0259 \u0130ran t\u0259r\u0259find\u0259n he\u00e7 bir \u0259sas\u0131 olmayan absurd b\u0259yanatlar Erm\u0259nistandak\u0131 revan\u015fist q\u00fcvv\u0259l\u0259ri yenid\u0259n c\u0259sar\u0259tl\u0259ndirib v\u0259 n\u0259tic\u0259 etibaril\u0259 onlar haz\u0131rk\u0131 f\u0259aliyy\u0259tl\u0259ri il\u0259 b\u00f6lg\u0259d\u0259 m\u00f6vcud olan at\u0259\u015fk\u0259s rejimini aktiv \u0259m\u0259liyyatlar fazas\u0131na ke\u00e7irm\u0259k x\u00fclyas\u0131na d\u00fc\u015f\u00fcbl\u0259r.<\/p>\n<div class=\"AdviadNativeVideo\"><\/div>\n<p>Siyasi ekspert M\u0259h\u0259mm\u0259d \u018fs\u0259dullazad\u0259 m\u0259s\u0259l\u0259 il\u0259 ba\u011fl\u0131 qeyd edib ki, Avropa \u0130ttifaq\u0131n\u0131n M\u00fclki M\u00fc\u015fahid\u0259 \u015euras\u0131n\u0131n \u00fczvl\u0259ri art\u0131q Erm\u0259nistandad\u0131r v\u0259 onlar Az\u0259rbaycan t\u0259r\u0259finin guya t\u0259xribatlara \u0259l atd\u0131\u011f\u0131n\u0131 g\u00f6st\u0259rm\u0259y\u0259 \u00e7al\u0131\u015f\u0131rlar.<\/p>\n<p>\u201c\u015euran\u0131n hesabat\u0131nda Az\u0259rbaycan\u0131 \u201ct\u0259xribat\u00e7\u0131\u201d kimi g\u00f6st\u0259r\u0259 bil\u0259rl\u0259r\u201d, &#8211; dey\u0259 ekspert \u0259lav\u0259 edib.<\/p>\n<p>Erm\u0259nistan\u0131n n\u00f6vb\u0259ti t\u0259xribat\u0131n\u0131n anonsuna n\u00fcmun\u0259 olaraq \u00f6lk\u0259nin Ba\u015f Q\u0259rargah r\u0259isinin m\u00fcavini Arakel Martikian\u0131n a\u00e7\u0131qlamas\u0131n\u0131 da g\u00f6st\u0259rm\u0259k olar. Bel\u0259 ki, o, son m\u00fcsahib\u0259sind\u0259 a\u00e7\u0131q \u015f\u0259kild\u0259 h\u00fccum planlar\u0131n\u0131n oldu\u011funu bildirib. T\u0259bii ki, Erm\u0259nistan bununla bir t\u0259r\u0259fd\u0259n d\u0259 havadarlar\u0131 vasit\u0259sil\u0259 regionda s\u00fclh v\u0259 sabitliy\u0259 \u0259ng\u0259l olma\u011fa \u00e7al\u0131\u015f\u0131r. \u00c7\u00fcnki terror v\u0259 t\u0259xribat art\u0131q bu \u00f6lk\u0259nin d\u00f6vl\u0259t siyas\u0259tin\u0259 \u00e7evrilib.<\/p>\n<p>Daha \u0259trafl\u0131 Baku TV-nin s\u00fcjetind\u0259:<\/p>\n<div><iframe loading=\"lazy\" title=\"YouTube video player\" src=\"https:\/\/www.youtube.com\/embed\/pZGUF2319HM\" width=\"560\" height=\"315\" frameborder=\"0\" allowfullscreen=\"allowfullscreen\" data-mce-fragment=\"1\"><\/iframe><\/div>\n<\/div>\n<\/article>\n","protected":false},"excerpt":{"rendered":"<p>Erm\u0259nistan Az\u0259rbaycan Ordusunun m\u00f6vqel\u0259rin\u0259 do\u011fru v\u0259 delimitasiya olunmam\u0131\u015f s\u0259rh\u0259d zonas\u0131na a\u011f\u0131r artilleriya qur\u011fular\u0131 y\u0131\u011fma\u011fa ba\u015flay\u0131b. G\u00f6r\u00fcn\u00fcr, Fransa v\u0259 \u0130ran t\u0259r\u0259find\u0259n he\u00e7 bir \u0259sas\u0131 olmayan absurd b\u0259yanatlar Erm\u0259nistandak\u0131 revan\u015fist q\u00fcvv\u0259l\u0259ri yenid\u0259n c\u0259sar\u0259tl\u0259ndirib v\u0259 n\u0259tic\u0259 etibaril\u0259 onlar haz\u0131rk\u0131 f\u0259aliyy\u0259tl\u0259ri il\u0259 b\u00f6lg\u0259d\u0259 m\u00f6vcud olan at\u0259\u015fk\u0259s rejimini aktiv \u0259m\u0259liyyatlar fazas\u0131na ke\u00e7irm\u0259k x\u00fclyas\u0131na d\u00fc\u015f\u00fcbl\u0259r. Siyasi ekspert M\u0259h\u0259mm\u0259d \u018fs\u0259dullazad\u0259 m\u0259s\u0259l\u0259 il\u0259 ba\u011fl\u0131 qeyd edib ki, Avropa \u0130ttifaq\u0131n\u0131n M\u00fclki M\u00fc\u015fahid\u0259 \u015euras\u0131n\u0131n \u00fczvl\u0259ri art\u0131q Erm\u0259nistandad\u0131r v\u0259 onlar Az\u0259rbaycan t\u0259r\u0259finin guya t\u0259xribatlara \u0259l atd\u0131\u011f\u0131n\u0131 g\u00f6st\u0259rm\u0259y\u0259 \u00e7al\u0131\u015f\u0131rlar. \u201c\u015euran\u0131n hesabat\u0131nda Az\u0259rbaycan\u0131 \u201ct\u0259xribat\u00e7\u0131\u201d kimi g\u00f6st\u0259r\u0259 bil\u0259rl\u0259r\u201d, &#8211; dey\u0259 ekspert \u0259lav\u0259 edib. Erm\u0259nistan\u0131n&hellip;<\/p>\n","protected":false},"author":2,"featured_media":524963,"comment_status":"closed","ping_status":"closed","sticky":false,"template":"","format":"standard","meta":{"om_disable_all_campaigns":false,"_monsterinsights_skip_tracking":false,"_monsterinsights_sitenote_active":false,"_monsterinsights_sitenote_note":"","_monsterinsights_sitenote_category":0},"categories":[10],"tags":[],"aioseo_notices":[],"gutentor_comment":0,"rttpg_featured_image_url":{"full":["https:\/\/arantv.az\/wp-content\/uploads\/2022\/10\/FotoJet-53-1.jpg",620,413,false],"landscape":["https:\/\/arantv.az\/wp-content\/uploads\/2022\/10\/FotoJet-53-1.jpg",620,413,false],"portraits":["https:\/\/arantv.az\/wp-content\/uploads\/2022\/10\/FotoJet-53-1.jpg",620,413,false],"thumbnail":["https:\/\/arantv.az\/wp-content\/uploads\/2022\/10\/FotoJet-53-1-500x280.jpg",500,280,true],"medium":["https:\/\/arantv.az\/wp-content\/uploads\/2022\/10\/FotoJet-53-1-548x365.jpg",548,365,true],"large":["https:\/\/arantv.az\/wp-content\/uploads\/2022\/10\/FotoJet-53-1.jpg",620,413,false],"1536x1536":["https:\/\/arantv.az\/wp-content\/uploads\/2022\/10\/FotoJet-53-1.jpg",620,413,false],"2048x2048":["https:\/\/arantv.az\/wp-content\/uploads\/2022\/10\/FotoJet-53-1.jpg",620,413,false],"post-thumbnail":["https:\/\/arantv.az\/wp-content\/uploads\/2022\/10\/FotoJet-53-1-240x172.jpg",240,172,true],"advps-thumb-one":["https:\/\/arantv.az\/wp-content\/uploads\/2022\/10\/FotoJet-53-1.jpg",620,413,false]},"rttpg_author":{"display_name":"V\u00fcsal Rafiqo\u011flu","author_link":"https:\/\/arantv.az\/?author=2"},"rttpg_comment":0,"rttpg_category":"<a href=\"https:\/\/arantv.az\/?cat=10\" rel=\"category\">C\u0259bh\u0259d\u0259n X\u0259b\u0259r<\/a>","rttpg_excerpt":"Erm\u0259nistan Az\u0259rbaycan Ordusunun m\u00f6vqel\u0259rin\u0259 do\u011fru v\u0259 delimitasiya olunmam\u0131\u015f s\u0259rh\u0259d zonas\u0131na a\u011f\u0131r artilleriya qur\u011fular\u0131 y\u0131\u011fma\u011fa ba\u015flay\u0131b. G\u00f6r\u00fcn\u00fcr, Fransa v\u0259 \u0130ran t\u0259r\u0259find\u0259n he\u00e7 bir \u0259sas\u0131 olmayan absurd b\u0259yanatlar Erm\u0259nistandak\u0131 revan\u015fist q\u00fcvv\u0259l\u0259ri yenid\u0259n c\u0259sar\u0259tl\u0259ndirib v\u0259 n\u0259tic\u0259 etibaril\u0259 onlar haz\u0131rk\u0131 f\u0259aliyy\u0259tl\u0259ri il\u0259 b\u00f6lg\u0259d\u0259 m\u00f6vcud olan at\u0259\u015fk\u0259s rejimini aktiv \u0259m\u0259liyyatlar fazas\u0131na ke\u00e7irm\u0259k x\u00fclyas\u0131na d\u00fc\u015f\u00fcbl\u0259r. Siyasi ekspert M\u0259h\u0259mm\u0259d \u018fs\u0259dullazad\u0259 m\u0259s\u0259l\u0259 il\u0259&hellip;","_links":{"self":[{"href":"https:\/\/arantv.az\/index.php?rest_route=\/wp\/v2\/posts\/524962"}],"collection":[{"href":"https:\/\/arantv.az\/index.php?rest_route=\/wp\/v2\/posts"}],"about":[{"href":"https:\/\/arantv.az\/index.php?rest_route=\/wp\/v2\/types\/post"}],"author":[{"embeddable":true,"href":"https:\/\/arantv.az\/index.php?rest_route=\/wp\/v2\/users\/2"}],"replies":[{"embeddable":true,"href":"https:\/\/arantv.az\/index.php?rest_route=%2Fwp%2Fv2%2Fcomments&post=524962"}],"version-history":[{"count":0,"href":"https:\/\/arantv.az\/index.php?rest_route=\/wp\/v2\/posts\/524962\/revisions"}],"wp:featuredmedia":[{"embeddable":true,"href":"https:\/\/arantv.az\/index.php?rest_route=\/wp\/v2\/media\/524963"}],"wp:attachment":[{"href":"https:\/\/arantv.az\/index.php?rest_route=%2Fwp%2Fv2%2Fmedia&parent=524962"}],"wp:term":[{"taxonomy":"category","embeddable":true,"href":"https:\/\/arantv.az\/index.php?rest_route=%2Fwp%2Fv2%2Fcategories&post=524962"},{"taxonomy":"post_tag","embeddable":true,"href":"https:\/\/arantv.az\/index.php?rest_route=%2Fwp%2Fv2%2Ftags&post=524962"}],"curies":[{"name":"wp","href":"https:\/\/api.w.org\/{rel}","templated":true}]}}