{"id":524972,"date":"2022-10-18T18:06:51","date_gmt":"2022-10-18T15:06:51","guid":{"rendered":"https:\/\/arantv.az\/?p=524972"},"modified":"2022-10-18T18:06:51","modified_gmt":"2022-10-18T15:06:51","slug":"az%c9%99rbaycan-v%c9%99-%c9%99lc%c9%99zair-diplomatik-pasportlara-malik-s%c9%99xsl%c9%99ri-viza-t%c9%99l%c9%99bind%c9%99n-azad-edir","status":"publish","type":"post","link":"https:\/\/arantv.az\/?p=524972","title":{"rendered":"Az\u0259rbaycan v\u0259 \u018flc\u0259zair diplomatik pasportlara malik \u015f\u0259xsl\u0259ri viza t\u0259l\u0259bind\u0259n azad edir"},"content":{"rendered":"<p>Az\u0259rbaycan v\u0259 \u018flc\u0259zair qar\u015f\u0131l\u0131ql\u0131 olaraq diplomatik v\u0259 xidm\u0259ti pasportlara pasportlara malik \u015f\u0259xsl\u0259ri viza t\u0259l\u0259bind\u0259n azad edir.<\/p>\n<p>APA\u00a0x\u0259b\u0259r verir ki, bu, Milli M\u0259clisin Beyn\u0259lxalq m\u00fcnasib\u0259tl\u0259r v\u0259 parlamentl\u0259raras\u0131 \u0259laq\u0259l\u0259r komit\u0259sinin bu g\u00fcn ke\u00e7iril\u0259n iclas\u0131nda m\u00fczakir\u0259 edil\u0259n \u201cAz\u0259rbaycan Respublikas\u0131 H\u00f6kum\u0259ti il\u0259 \u018flc\u0259zair Xalq Demokratik Respublikas\u0131 H\u00f6kum\u0259ti aras\u0131nda diplomatik v\u0259 xidm\u0259ti pasportlara malik \u015f\u0259xsl\u0259rin qar\u015f\u0131l\u0131ql\u0131 viza t\u0259l\u0259bind\u0259n azad edilm\u0259si haqq\u0131nda\u201d Sazi\u015fin t\u0259sdiq edilm\u0259si bar\u0259d\u0259\u201d qanun layih\u0259sind\u0259 \u0259ksini tap\u0131b.<\/p>\n<p>Qanun layih\u0259si m\u00fczakir\u0259l\u0259rd\u0259n sonra parlamentin plenar iclas\u0131na t\u00f6vsiy\u0259 edilib.<\/p>\n","protected":false},"excerpt":{"rendered":"<p>Az\u0259rbaycan v\u0259 \u018flc\u0259zair qar\u015f\u0131l\u0131ql\u0131 olaraq diplomatik v\u0259 xidm\u0259ti pasportlara pasportlara malik \u015f\u0259xsl\u0259ri viza t\u0259l\u0259bind\u0259n azad edir. APA\u00a0x\u0259b\u0259r verir ki, bu, Milli M\u0259clisin Beyn\u0259lxalq m\u00fcnasib\u0259tl\u0259r v\u0259 parlamentl\u0259raras\u0131 \u0259laq\u0259l\u0259r komit\u0259sinin bu g\u00fcn ke\u00e7iril\u0259n iclas\u0131nda m\u00fczakir\u0259 edil\u0259n \u201cAz\u0259rbaycan Respublikas\u0131 H\u00f6kum\u0259ti il\u0259 \u018flc\u0259zair Xalq Demokratik Respublikas\u0131 H\u00f6kum\u0259ti aras\u0131nda diplomatik v\u0259 xidm\u0259ti pasportlara malik \u015f\u0259xsl\u0259rin qar\u015f\u0131l\u0131ql\u0131 viza t\u0259l\u0259bind\u0259n azad edilm\u0259si haqq\u0131nda\u201d Sazi\u015fin t\u0259sdiq edilm\u0259si bar\u0259d\u0259\u201d qanun layih\u0259sind\u0259 \u0259ksini tap\u0131b. Qanun layih\u0259si m\u00fczakir\u0259l\u0259rd\u0259n sonra parlamentin plenar iclas\u0131na t\u00f6vsiy\u0259 edilib.<\/p>\n","protected":false},"author":2,"featured_media":524973,"comment_status":"closed","ping_status":"closed","sticky":false,"template":"","format":"standard","meta":{"om_disable_all_campaigns":false,"_monsterinsights_skip_tracking":false,"_monsterinsights_sitenote_active":false,"_monsterinsights_sitenote_note":"","_monsterinsights_sitenote_category":0},"categories":[19],"tags":[],"aioseo_notices":[],"gutentor_comment":0,"rttpg_featured_image_url":{"full":["https:\/\/arantv.az\/wp-content\/uploads\/2022\/10\/634ea3d661416634ea3d6614171666098134634ea3d661411634ea3d661414.jpg",620,413,false],"landscape":["https:\/\/arantv.az\/wp-content\/uploads\/2022\/10\/634ea3d661416634ea3d6614171666098134634ea3d661411634ea3d661414.jpg",620,413,false],"portraits":["https:\/\/arantv.az\/wp-content\/uploads\/2022\/10\/634ea3d661416634ea3d6614171666098134634ea3d661411634ea3d661414.jpg",620,413,false],"thumbnail":["https:\/\/arantv.az\/wp-content\/uploads\/2022\/10\/634ea3d661416634ea3d6614171666098134634ea3d661411634ea3d661414-500x280.jpg",500,280,true],"medium":["https:\/\/arantv.az\/wp-content\/uploads\/2022\/10\/634ea3d661416634ea3d6614171666098134634ea3d661411634ea3d661414-548x365.jpg",548,365,true],"large":["https:\/\/arantv.az\/wp-content\/uploads\/2022\/10\/634ea3d661416634ea3d6614171666098134634ea3d661411634ea3d661414.jpg",620,413,false],"1536x1536":["https:\/\/arantv.az\/wp-content\/uploads\/2022\/10\/634ea3d661416634ea3d6614171666098134634ea3d661411634ea3d661414.jpg",620,413,false],"2048x2048":["https:\/\/arantv.az\/wp-content\/uploads\/2022\/10\/634ea3d661416634ea3d6614171666098134634ea3d661411634ea3d661414.jpg",620,413,false],"post-thumbnail":["https:\/\/arantv.az\/wp-content\/uploads\/2022\/10\/634ea3d661416634ea3d6614171666098134634ea3d661411634ea3d661414-240x172.jpg",240,172,true],"advps-thumb-one":["https:\/\/arantv.az\/wp-content\/uploads\/2022\/10\/634ea3d661416634ea3d6614171666098134634ea3d661411634ea3d661414.jpg",620,413,false]},"rttpg_author":{"display_name":"V\u00fcsal Rafiqo\u011flu","author_link":"https:\/\/arantv.az\/?author=2"},"rttpg_comment":0,"rttpg_category":"<a href=\"https:\/\/arantv.az\/?cat=19\" rel=\"category\">G\u00fcnd\u0259m<\/a>","rttpg_excerpt":"Az\u0259rbaycan v\u0259 \u018flc\u0259zair qar\u015f\u0131l\u0131ql\u0131 olaraq diplomatik v\u0259 xidm\u0259ti pasportlara pasportlara malik \u015f\u0259xsl\u0259ri viza t\u0259l\u0259bind\u0259n azad edir. APA\u00a0x\u0259b\u0259r verir ki, bu, Milli M\u0259clisin Beyn\u0259lxalq m\u00fcnasib\u0259tl\u0259r v\u0259 parlamentl\u0259raras\u0131 \u0259laq\u0259l\u0259r komit\u0259sinin bu g\u00fcn ke\u00e7iril\u0259n iclas\u0131nda m\u00fczakir\u0259 edil\u0259n \u201cAz\u0259rbaycan Respublikas\u0131 H\u00f6kum\u0259ti il\u0259 \u018flc\u0259zair Xalq Demokratik Respublikas\u0131 H\u00f6kum\u0259ti aras\u0131nda diplomatik v\u0259 xidm\u0259ti pasportlara malik \u015f\u0259xsl\u0259rin qar\u015f\u0131l\u0131ql\u0131 viza t\u0259l\u0259bind\u0259n azad edilm\u0259si&hellip;","_links":{"self":[{"href":"https:\/\/arantv.az\/index.php?rest_route=\/wp\/v2\/posts\/524972"}],"collection":[{"href":"https:\/\/arantv.az\/index.php?rest_route=\/wp\/v2\/posts"}],"about":[{"href":"https:\/\/arantv.az\/index.php?rest_route=\/wp\/v2\/types\/post"}],"author":[{"embeddable":true,"href":"https:\/\/arantv.az\/index.php?rest_route=\/wp\/v2\/users\/2"}],"replies":[{"embeddable":true,"href":"https:\/\/arantv.az\/index.php?rest_route=%2Fwp%2Fv2%2Fcomments&post=524972"}],"version-history":[{"count":0,"href":"https:\/\/arantv.az\/index.php?rest_route=\/wp\/v2\/posts\/524972\/revisions"}],"wp:featuredmedia":[{"embeddable":true,"href":"https:\/\/arantv.az\/index.php?rest_route=\/wp\/v2\/media\/524973"}],"wp:attachment":[{"href":"https:\/\/arantv.az\/index.php?rest_route=%2Fwp%2Fv2%2Fmedia&parent=524972"}],"wp:term":[{"taxonomy":"category","embeddable":true,"href":"https:\/\/arantv.az\/index.php?rest_route=%2Fwp%2Fv2%2Fcategories&post=524972"},{"taxonomy":"post_tag","embeddable":true,"href":"https:\/\/arantv.az\/index.php?rest_route=%2Fwp%2Fv2%2Ftags&post=524972"}],"curies":[{"name":"wp","href":"https:\/\/api.w.org\/{rel}","templated":true}]}}