{"id":524980,"date":"2022-10-18T18:09:22","date_gmt":"2022-10-18T15:09:22","guid":{"rendered":"https:\/\/arantv.az\/?p=524980"},"modified":"2022-10-18T18:09:22","modified_gmt":"2022-10-18T15:09:22","slug":"prezidentin-yuks%c9%99k-v%c9%99zif%c9%99-verdiyi-xanim-kimdir-dosye","status":"publish","type":"post","link":"https:\/\/arantv.az\/?p=524980","title":{"rendered":"Prezidentin y\u00fcks\u0259k v\u0259zif\u0259 verdiyi xan\u0131m kimdir? &#8211; DOSYE"},"content":{"rendered":"<p>Bu g\u00fcn Prezident\u00a0<strong>\u0130lham \u018fliyev<\/strong>\u00a0Mehriban Natiq q\u0131z\u0131 \u0130manovan\u0131n Az\u0259rbaycan Elm Fondunun \u0130cra\u00e7\u0131 direktoru t\u0259yin edilm\u0259si haqq\u0131nda\u00a0<a href=\"https:\/\/oxu.az\/politics\/654768\" target=\"_blank\" rel=\"noopener\"><strong>s\u0259r\u0259ncam\u00a0<\/strong><\/a>imzalay\u0131b.<\/p>\n<p><b>ARANTV.AZ <\/b>Elm Fondunun \u0130cra\u00e7\u0131 direktorunun dosyesini t\u0259qdim edir:<\/p>\n<div class=\"AdviadNativeVideo\"><\/div>\n<p>Mehriban Natiq q\u0131z\u0131 \u0130manova 1977-ci ild\u0259 Bak\u0131 \u015f\u0259h\u0259rind\u0259 anadan olub. O, 1995-ci ild\u0259 Bak\u0131 D\u00f6vl\u0259t Universitetinin Mexanika-riyaziyyat fak\u00fclt\u0259sin\u0259 daxil olub v\u0259 2001-ci ild\u0259 oran\u0131 (Hesablama riyaziyyat\u0131 ixtisas\u0131) f\u0259rql\u0259nm\u0259 diplomu il\u0259 bitirib.<\/p>\n<p>2003-2007-ci ill\u0259rd\u0259 Bak\u0131 D\u00f6vl\u0259t Universitetinin Mexanika-riyaziyyat fak\u00fclt\u0259sinin aspirant\u0131 olub. 2001-ci ild\u0259 Bak\u0131 D\u00f6vl\u0259t Universitetinin Mexanika-riyaziyyat fak\u00fclt\u0259sinin Hesablama riyaziyyat\u0131 kafedras\u0131nda ba\u015f laborant olaraq \u0259m\u0259k f\u0259aliyy\u0259tin\u0259 ba\u015flay\u0131b.<\/p>\n<p>2010-cu ild\u0259 namiz\u0259dlik dissertasiya i\u015fini m\u00fcdafi\u0259 ed\u0259r\u0259k riyaziyyat \u00fczr\u0259 f\u0259ls\u0259f\u0259 doktoru elmi d\u0259r\u0259c\u0259sini al\u0131b. 2009-cu ild\u0259n Hesablama riyaziyyat\u0131 kafedras\u0131nda m\u00fc\u0259llim, 2016-c\u0131 ild\u0259n dosent v\u0259zif\u0259l\u0259rind\u0259 \u00e7al\u0131\u015f\u0131b.<\/p>\n<p>2019-cu ild\u0259n is\u0259 Prezident \u0130lham \u018fliyevin s\u0259r\u0259ncam\u0131 il\u0259 Az\u0259rbaycan Respublikas\u0131n\u0131n Prezidenti yan\u0131nda Elmin \u0130nki\u015faf\u0131 Fondunun icra\u00e7\u0131 direktoru t\u0259yin edilib.<\/p>\n<p>Mehriban \u0130manova ail\u0259lidir, iki \u00f6vlad\u0131 var.<\/p>\n","protected":false},"excerpt":{"rendered":"<p>Bu g\u00fcn Prezident\u00a0\u0130lham \u018fliyev\u00a0Mehriban Natiq q\u0131z\u0131 \u0130manovan\u0131n Az\u0259rbaycan Elm Fondunun \u0130cra\u00e7\u0131 direktoru t\u0259yin edilm\u0259si haqq\u0131nda\u00a0s\u0259r\u0259ncam\u00a0imzalay\u0131b. ARANTV.AZ Elm Fondunun \u0130cra\u00e7\u0131 direktorunun dosyesini t\u0259qdim edir: Mehriban Natiq q\u0131z\u0131 \u0130manova 1977-ci ild\u0259 Bak\u0131 \u015f\u0259h\u0259rind\u0259 anadan olub. O, 1995-ci ild\u0259 Bak\u0131 D\u00f6vl\u0259t Universitetinin Mexanika-riyaziyyat fak\u00fclt\u0259sin\u0259 daxil olub v\u0259 2001-ci ild\u0259 oran\u0131 (Hesablama riyaziyyat\u0131 ixtisas\u0131) f\u0259rql\u0259nm\u0259 diplomu il\u0259 bitirib. 2003-2007-ci ill\u0259rd\u0259 Bak\u0131 D\u00f6vl\u0259t Universitetinin Mexanika-riyaziyyat fak\u00fclt\u0259sinin aspirant\u0131 olub. 2001-ci ild\u0259 Bak\u0131 D\u00f6vl\u0259t Universitetinin Mexanika-riyaziyyat fak\u00fclt\u0259sinin Hesablama riyaziyyat\u0131 kafedras\u0131nda ba\u015f laborant olaraq \u0259m\u0259k f\u0259aliyy\u0259tin\u0259 ba\u015flay\u0131b. 2010-cu ild\u0259 namiz\u0259dlik dissertasiya i\u015fini m\u00fcdafi\u0259 ed\u0259r\u0259k riyaziyyat \u00fczr\u0259 f\u0259ls\u0259f\u0259 doktoru&hellip;<\/p>\n","protected":false},"author":2,"featured_media":524981,"comment_status":"closed","ping_status":"closed","sticky":false,"template":"","format":"standard","meta":{"om_disable_all_campaigns":false,"_monsterinsights_skip_tracking":false,"_monsterinsights_sitenote_active":false,"_monsterinsights_sitenote_note":"","_monsterinsights_sitenote_category":0},"categories":[4],"tags":[],"aioseo_notices":[],"gutentor_comment":0,"rttpg_featured_image_url":{"full":["https:\/\/arantv.az\/wp-content\/uploads\/2022\/10\/FotoJet-29-5.jpg",620,413,false],"landscape":["https:\/\/arantv.az\/wp-content\/uploads\/2022\/10\/FotoJet-29-5.jpg",620,413,false],"portraits":["https:\/\/arantv.az\/wp-content\/uploads\/2022\/10\/FotoJet-29-5.jpg",620,413,false],"thumbnail":["https:\/\/arantv.az\/wp-content\/uploads\/2022\/10\/FotoJet-29-5-500x280.jpg",500,280,true],"medium":["https:\/\/arantv.az\/wp-content\/uploads\/2022\/10\/FotoJet-29-5-548x365.jpg",548,365,true],"large":["https:\/\/arantv.az\/wp-content\/uploads\/2022\/10\/FotoJet-29-5.jpg",620,413,false],"1536x1536":["https:\/\/arantv.az\/wp-content\/uploads\/2022\/10\/FotoJet-29-5.jpg",620,413,false],"2048x2048":["https:\/\/arantv.az\/wp-content\/uploads\/2022\/10\/FotoJet-29-5.jpg",620,413,false],"post-thumbnail":["https:\/\/arantv.az\/wp-content\/uploads\/2022\/10\/FotoJet-29-5-240x172.jpg",240,172,true],"advps-thumb-one":["https:\/\/arantv.az\/wp-content\/uploads\/2022\/10\/FotoJet-29-5.jpg",620,413,false]},"rttpg_author":{"display_name":"V\u00fcsal Rafiqo\u011flu","author_link":"https:\/\/arantv.az\/?author=2"},"rttpg_comment":0,"rttpg_category":"<a href=\"https:\/\/arantv.az\/?cat=4\" rel=\"category\">Siyas\u0259t<\/a>","rttpg_excerpt":"Bu g\u00fcn Prezident\u00a0\u0130lham \u018fliyev\u00a0Mehriban Natiq q\u0131z\u0131 \u0130manovan\u0131n Az\u0259rbaycan Elm Fondunun \u0130cra\u00e7\u0131 direktoru t\u0259yin edilm\u0259si haqq\u0131nda\u00a0s\u0259r\u0259ncam\u00a0imzalay\u0131b. ARANTV.AZ Elm Fondunun \u0130cra\u00e7\u0131 direktorunun dosyesini t\u0259qdim edir: Mehriban Natiq q\u0131z\u0131 \u0130manova 1977-ci ild\u0259 Bak\u0131 \u015f\u0259h\u0259rind\u0259 anadan olub. O, 1995-ci ild\u0259 Bak\u0131 D\u00f6vl\u0259t Universitetinin Mexanika-riyaziyyat fak\u00fclt\u0259sin\u0259 daxil olub v\u0259 2001-ci ild\u0259 oran\u0131 (Hesablama riyaziyyat\u0131 ixtisas\u0131) f\u0259rql\u0259nm\u0259 diplomu il\u0259 bitirib. 2003-2007-ci&hellip;","_links":{"self":[{"href":"https:\/\/arantv.az\/index.php?rest_route=\/wp\/v2\/posts\/524980"}],"collection":[{"href":"https:\/\/arantv.az\/index.php?rest_route=\/wp\/v2\/posts"}],"about":[{"href":"https:\/\/arantv.az\/index.php?rest_route=\/wp\/v2\/types\/post"}],"author":[{"embeddable":true,"href":"https:\/\/arantv.az\/index.php?rest_route=\/wp\/v2\/users\/2"}],"replies":[{"embeddable":true,"href":"https:\/\/arantv.az\/index.php?rest_route=%2Fwp%2Fv2%2Fcomments&post=524980"}],"version-history":[{"count":0,"href":"https:\/\/arantv.az\/index.php?rest_route=\/wp\/v2\/posts\/524980\/revisions"}],"wp:featuredmedia":[{"embeddable":true,"href":"https:\/\/arantv.az\/index.php?rest_route=\/wp\/v2\/media\/524981"}],"wp:attachment":[{"href":"https:\/\/arantv.az\/index.php?rest_route=%2Fwp%2Fv2%2Fmedia&parent=524980"}],"wp:term":[{"taxonomy":"category","embeddable":true,"href":"https:\/\/arantv.az\/index.php?rest_route=%2Fwp%2Fv2%2Fcategories&post=524980"},{"taxonomy":"post_tag","embeddable":true,"href":"https:\/\/arantv.az\/index.php?rest_route=%2Fwp%2Fv2%2Ftags&post=524980"}],"curies":[{"name":"wp","href":"https:\/\/api.w.org\/{rel}","templated":true}]}}