{"id":524983,"date":"2022-10-18T18:11:24","date_gmt":"2022-10-18T15:11:24","guid":{"rendered":"https:\/\/arantv.az\/?p=524983"},"modified":"2022-10-18T18:11:24","modified_gmt":"2022-10-18T15:11:24","slug":"erm%c9%99ni-vandalizmi","status":"publish","type":"post","link":"https:\/\/arantv.az\/?p=524983","title":{"rendered":"Erm\u0259ni vandalizmi"},"content":{"rendered":"<p><em><strong>Qafqaz Albaniyas\u0131na m\u0259xsus m\u0259b\u0259dl\u0259r erm\u0259nil\u0259\u015fdiril\u0259r\u0259k qriqoryanla\u015fd\u0131r\u0131l\u0131b<\/strong><\/em><\/p>\n<p>Az\u0259rbaycan\u0131n i\u015f\u011fal edilmi\u015f \u0259razil\u0259rind\u0259 tarixi-dini abid\u0259l\u0259rin \u00fcmumi say\u0131 403-d\u00fcr.Onlardan 67-si m\u0259scid,144-\u00fc m\u0259b\u0259d,192-si is\u0259 ziyar\u0259tgahlard\u0131r.Q\u0259biristanl\u0131qlar\u0131n say\u0131 is\u0259 900-d\u0259n art\u0131qd\u0131r.M\u0259lum oldu\u011fu kimi, Erm\u0259nistan\u0131n i\u015f\u011fal\u00e7\u0131l\u0131q siyas\u0259ti n\u0259tic\u0259sind\u0259 Az\u0259rbaycan xalq\u0131na m\u0259xsus \u00e7ox\u0259srlik q\u0259dim tarixi-dini abid\u0259l\u0259r da\u011f\u0131d\u0131laraq yerl\u0259-yeksan edilmi\u015f,onlar\u0131n bir qismi is\u0259 saxtala\u015fd\u0131r\u0131laraq erm\u0259nil\u0259\u015fdirilmi\u015fdir.T\u0259cav\u00fczkar d\u00f6vl\u0259tin bu c\u00fcr vandal \u0259m\u0259ll\u0259r\u0259 \u0259l atmaqda \u0259sas m\u0259qs\u0259di bizim minillikl\u0259r \u0259rzind\u0259 ya\u015fad\u0131\u011f\u0131m\u0131z torpaqlarda h\u0259m tarixi ke\u00e7mi\u015fimizi,h\u0259m d\u0259 m\u0259n\u0259vi yadda\u015f\u0131m\u0131z\u0131 m\u0259hv etm\u0259kdir.Erm\u0259nistan Az\u0259rbaycan xalq\u0131na m\u0259xsus tarixi-dini abid\u0259l\u0259r\u0259 qar\u015f\u0131 t\u0259cav\u00fcz\u00fcn\u00fc m\u00fcxt\u0259lif istiqam\u0259tl\u0259rd\u0259 apar\u0131r.Bel\u0259 ki,milli m\u0259nsubiyy\u0259ti v\u0259 dini \u0259n\u0259n\u0259l\u0259ri \u00f6z\u00fcnd\u0259 \u0259ks etdir\u0259n abid\u0259l\u0259r tamamil\u0259 da\u011f\u0131d\u0131lm\u0131\u015f v\u0259 ya erm\u0259nil\u0259\u015fdirilm\u0259sin\u0259,\u00f6zg\u0259l\u0259\u015fdirilib d\u0259yi\u015fdirilm\u0259sin\u0259 c\u0259hdl\u0259r edilmi\u015fdir.\u0130\u015f\u011fal alt\u0131ndak\u0131 m\u00fcs\u0259lman dini kimliyin\u0259 aid olan abid\u0259l\u0259r,o c\u00fcml\u0259d\u0259n dig\u0259r m\u0259d\u0259niyy\u0259t n\u00fcmun\u0259l\u0259ri da\u011f\u0131d\u0131lmaqla yana\u015f\u0131,h\u0259m d\u0259 t\u0259hqir olunur.Son ill\u0259rd\u0259 m\u0259scidl\u0259rd\u0259 mal-qara v\u0259 dig\u0259r heyvanlar\u0131n saxlan\u0131lmas\u0131 fakt\u0131 Q\u0259rb \u00f6lk\u0259l\u0259rinin fotom\u00fcxbirl\u0259ri t\u0259r\u0259find\u0259n d\u0259 lent\u0259 al\u0131nm\u0131\u015f v\u0259 b\u00fct\u00fcn d\u00fcnya ictimaiyy\u0259ti bu kadrlarla tan\u0131\u015f olmu\u015fdur.Bundan ba\u015fqa,Qafqaz Albaniyas\u0131na m\u0259xsus m\u0259b\u0259dl\u0259r erm\u0259nil\u0259\u015fdiril\u0259r\u0259k qriqoryanla\u015fd\u0131r\u0131lm\u0131\u015fd\u0131r.<\/p>\n<p>Qaraba\u011f\u0131n m\u0259hv edil\u0259n tarixi v\u0259 talan edil\u0259n m\u0259d\u0259niyy\u0259ti erm\u0259nil\u0259rin i\u00e7 \u00fcz\u00fcn\u00fc ortaya qoymaq \u00fc\u00e7\u00fcn kifay\u0259tdir.Qaraba\u011f b\u00f6lg\u0259sind\u0259 v\u0259 \u0259traf rayonlarda Az\u0259rbaycan\u0131n milli m\u0259d\u0259niyy\u0259t ocaqlar\u0131na erm\u0259ni t\u0259cav\u00fczkarlar\u0131n\u0131n vurduqlar\u0131 ziyan\u0131 d\u0259qiq hesablamaq m\u00fcmk\u00fcn deyildir,\u00e7\u00fcnki talan v\u0259 m\u0259hv edilmi\u015f s\u0259rv\u0259tl\u0259r n\u0259inki Az\u0259rbaycan\u0131n,h\u0259m d\u0259 b\u00fct\u00fcn d\u00fcnya sivilizasiyas\u0131n\u0131n misilsiz m\u0259d\u0259niyy\u0259t n\u00fcmun\u0259l\u0259ridir.\u0130\u015f\u011fal alt\u0131ndak\u0131 \u0259razil\u0259rd\u0259ki Az\u0259rbaycan\u0131n yeralt\u0131 v\u0259 yer\u00fcst\u00fc t\u0259bii v\u0259 m\u0259d\u0259ni s\u0259rv\u0259tl\u0259ri v\u0259h\u015fic\u0259sin\u0259 talan edil\u0259r\u0259k Erm\u0259nistana da\u015f\u0131n\u0131rd\u0131.Ordumuzun q\u0259l\u0259b\u0259si say\u0259sind\u0259 Az\u0259rbaycan\u0131n i\u015f\u011fal edilmi\u015f \u0259razil\u0259rind\u0259 bu proses\u0259 son qoyuldu.Haz\u0131rda i\u015f\u011faldan azad edil\u0259n \u0259razil\u0259rin bo\u015fald\u0131lmas\u0131 il\u0259 \u0259laq\u0259dar Erm\u0259nistan t\u0259r\u0259find\u0259n A\u011fdam rayonunda ill\u0259rdir apar\u0131lan qaz\u0131nt\u0131lar zaman\u0131 a\u015fkar olunan maddi-m\u0259d\u0259niyy\u0259t n\u00fcmun\u0259l\u0259rinin d\u00fc\u015fm\u0259n \u00f6lk\u0259y\u0259 da\u015f\u0131n\u0131lmas\u0131 fakt\u0131 a\u015fkarlan\u0131b.\u0130\u015f\u011fal\u00e7\u0131n\u0131n dig\u0259r ya\u015fay\u0131\u015f m\u0259nt\u0259q\u0259l\u0259rimizd\u0259 d\u0259 vandal h\u0259r\u0259k\u0259tl\u0259ri m\u00fc\u0259yy\u0259nl\u0259\u015fdirilib.Arxeoloji eksponatlar\u0131n o\u011furlanmas\u0131,\u0130r\u0259vana apar\u0131lmas\u0131 t\u0259sdiql\u0259nib.D\u00fc\u015fm\u0259n bununla kifay\u0259tl\u0259nm\u0259y\u0259r\u0259k,i\u015f\u011faldan azad edil\u0259n \u0259razil\u0259r bo\u015fald\u0131lark\u0259n,h\u0259min yerl\u0259rd\u0259 maddi-m\u0259d\u0259niyy\u0259t n\u00fcmun\u0259l\u0259rimizi da\u011f\u0131tmaqla b\u0259rab\u0259r,torpaqlar\u0131 minalay\u0131r,i\u015f\u011fal\u00e7\u0131 ordu h\u0259rbi hiss\u0259l\u0259ri da\u011f\u0131d\u0131r,ya\u015fay\u0131\u015f m\u0259nt\u0259q\u0259l\u0259rind\u0259n \u00e7\u0131xark\u0259n me\u015f\u0259l\u0259ri v\u0259 evl\u0259ri yand\u0131r\u0131r,h\u0259tta m\u0259kt\u0259bl\u0259r\u0259 bel\u0259 od vurmaqdan \u00e7\u0259kinmir.<\/p>\n<p>Az\u0259rbaycan\u0131n i\u015f\u011fal olunmu\u015f Da\u011fl\u0131q Qaraba\u011f b\u00f6lg\u0259si v\u0259 onun \u0259traf\u0131ndak\u0131 7 rayonun \u0259razisind\u0259 yerl\u0259\u015f\u0259n Yuxar\u0131 v\u0259 A\u015fa\u011f\u0131 G\u00f6vh\u0259r A\u011fa m\u0259scidl\u0259ri (\u015eu\u015fa),Saatl\u0131 m\u0259scidi (\u015eu\u015fa) v\u0259 A\u011fdamda C\u00fcm\u0259 m\u0259scidi da\u011f\u0131d\u0131lm\u0131\u015f,A\u011fo\u011flan (La\u00e7\u0131n rayonu),Xudav\u0259ng (K\u0259lb\u0259c\u0259r rayonu), G\u0259nc\u0259s\u0259r m\u0259b\u0259dl\u0259ri (A\u011fd\u0259r\u0259 rayonu) v\u0259 sair erm\u0259nil\u0259\u015fdiril\u0259r\u0259k qriqoryanla\u015fd\u0131r\u0131lm\u0131\u015fd\u0131r. B\u0259z\u0259n is\u0259 erm\u0259nil\u0259r i\u015f\u011fal etdikl\u0259ri \u0259razil\u0259rd\u0259 yerl\u0259\u015f\u0259n m\u0259scidl\u0259rin Az\u0259rbaycan xalq\u0131na deyil, ba\u015fqa d\u00f6vl\u0259tl\u0259r\u0259 m\u0259xsus oldu\u011funu iddia edir v\u0259 bu niyy\u0259tl\u0259 m\u0259krli add\u0131mlar at\u0131rlar.Erm\u0259nil\u0259rin bu c\u00fcr vandal \u0259m\u0259ll\u0259rin\u0259 Erm\u0259nistandak\u0131 tarixi Az\u0259rbaycan \u0259razil\u0259rind\u0259 yerl\u0259\u015f\u0259n dini abid\u0259l\u0259r d\u0259 m\u0259ruz qalm\u0131\u015fd\u0131r.\u0130r\u0259van \u015eah Abbas m\u0259scidi,D\u0259mirbulaq m\u0259scidi, Hac\u0131 Novruz \u018fli m\u0259scidi,S\u0259rdar m\u0259scidi,Bu\u011fakar ziyar\u0259tgah\u0131,A\u011fad\u0259d\u0259 ziyar\u0259tgah\u0131 v\u0259 dig\u0259r m\u00fcq\u0259dd\u0259s yerl\u0259ri erm\u0259nil\u0259r tamamil\u0259 u\u00e7urmu\u015f,G\u00f6y m\u0259scidin is\u0259 memarl\u0131q x\u00fcsusiyy\u0259tl\u0259rini d\u0259yi\u015fdir\u0259r\u0259k onun \u0130ran abid\u0259si oldu\u011fu iddia edilmi\u015fdir.Dini abid\u0259l\u0259rimiz\u0259 qar\u015f\u0131 erm\u0259ni t\u0259cav\u00fcz\u00fc bu g\u00fcn d\u0259 davam edir.\u0130\u015f\u011fal\u00e7\u0131 Erm\u0259nistan\u0131n tarixi-dini abid\u0259l\u0259rimiz\u0259 vurdu\u011fu ziyan davam etm\u0259kd\u0259dir.H\u0259rb c\u0259bh\u0259sind\u0259 u\u011fursuzlu\u011fa m\u0259ruz qalan erm\u0259ni silahl\u0131 birl\u0259\u015fm\u0259l\u0259ri m\u00fclki ya\u015fay\u0131\u015f yerl\u0259rin\u0259,o c\u00fcml\u0259d\u0259n tarixi abid\u0259l\u0259r\u0259, q\u0259biristanl\u0131qlara,ziyar\u0259t yerl\u0259rin\u0259 at\u0259\u015f a\u00e7maqdad\u0131rlar.G\u0259nc\u0259 \u015f\u0259h\u0259rin\u0259,B\u0259rd\u0259,Goranboy,A\u011fcab\u0259di,T\u0259rt\u0259r,A\u011fdam,F\u00fczuli,Beyl\u0259qan rayonlar\u0131na at\u0131lan raket v\u0259 top m\u0259rmil\u0259ri n\u0259tic\u0259sind\u0259 bir s\u0131ra tarixi-dini abid\u0259l\u0259r\u0259 d\u0259 xeyli z\u0259r\u0259r yetirilmi\u015fdir.Az\u0259rbaycan\u0131n i\u015f\u011fal olunmu\u015f \u0259razil\u0259rind\u0259 insanl\u0131q v\u0259 m\u00fclkiyy\u0259t \u0259leyhin\u0259 olan cinay\u0259tl\u0259r\u0259, m\u0259d\u0259ni irsin da\u011f\u0131d\u0131lmas\u0131na g\u00f6r\u0259 Erm\u0259nistan m\u0259suliyy\u0259t da\u015f\u0131y\u0131r.Erm\u0259nistan\u0131n xalq\u0131m\u0131za m\u0259xsus abid\u0259l\u0259ri da\u011f\u0131tmas\u0131 \u201cSilahl\u0131 m\u00fcnaqi\u015f\u0259 ba\u015f verdikd\u0259 m\u0259d\u0259ni d\u0259y\u0259rl\u0259rin qorunmas\u0131 haqq\u0131nda\u201d 1954-c\u00fc il Haaqa Konvensiyas\u0131, \u201cArxeoloji irsin m\u00fchafiz\u0259si haqq\u0131nda\u201d 1992-ci il Avropa Konvensiyas\u0131 v\u0259 \u201c\u00dcmumd\u00fcnya m\u0259d\u0259ni v\u0259 t\u0259bii irsin m\u00fchafiz\u0259si haqq\u0131nda\u201d UNESCO-nun 1972-ci il Konvensiyas\u0131n\u0131n t\u0259l\u0259bl\u0259rin\u0259 ziddir.Erm\u0259nistan t\u0259r\u0259find\u0259n Az\u0259rbaycan xalq\u0131n\u0131n m\u0259d\u0259ni irsinin m\u0259hv edilm\u0259sin\u0259 v\u0259 saxtala\u015fd\u0131r\u0131lmas\u0131na y\u00f6n\u0259lmi\u015f, beyn\u0259lxalq s\u0259n\u0259dl\u0259rd\u0259 b\u0259\u015f\u0259ri cinay\u0259t kimi qiym\u0259tl\u0259ndiril\u0259n bu \u0259m\u0259ll\u0259r b\u00fct\u00fcn b\u0259\u015f\u0259r m\u0259d\u0259niyy\u0259tin\u0259 qar\u015f\u0131 t\u0259cav\u00fczd\u00fcr\u201d.<\/p>\n<p>30 il d\u00fc\u015fm\u0259n tapda\u011f\u0131nda olan torpaqlar\u0131m\u0131z art\u0131q \u00f6z tarixi sahibl\u0259rin\u0259 qay\u0131d\u0131r.Qaraba\u011f bizimdir, Qaraba\u011f Az\u0259rbaycand\u0131r! Qaraba\u011f b\u00f6lg\u0259si sanki yenid\u0259n do\u011fulur,canlan\u0131r,dir\u00e7\u0259lir. \u201cArt\u0131q raz\u0131la\u015fmaya uy\u011fun olaraq erm\u0259nil\u0259rin K\u0259lb\u0259c\u0259ri t\u0259rk etdikl\u0259rini t\u0259sdiql\u0259y\u0259n videoreportajlar t\u0259qdim olunur.BBC-nin videoreportaj\u0131nda diqq\u0259t \u00e7\u0259k\u0259n m\u0259qamlardan biri erm\u0259nil\u0259rin apar\u0131lmas\u0131 m\u00fcmk\u00fcn olan h\u0259r \u015feyi,h\u0259tta unitaz\u0131 bel\u0259 \u00f6zl\u0259ri il\u0259 g\u00f6t\u00fcrm\u0259l\u0259ri,evl\u0259ri tamamil\u0259 da\u011f\u0131tmalar\u0131,yand\u0131rmalar\u0131,\u00fcmumiyy\u0259tl\u0259,i\u015f\u011fal olunmu\u015f \u0259razil\u0259rd\u0259 maddi-m\u0259d\u0259ni s\u0259rv\u0259tl\u0259rimizi talan v\u0259 qar\u0259t etm\u0259l\u0259ridir.Az\u0259rbaycan\u0131n m\u0259d\u0259ni irsin\u0259 qar\u015f\u0131 erm\u0259ni barbarl\u0131\u011f\u0131n\u0131n bir ad\u0131 var ki,o da vandalizmdir.D\u00fcnya erm\u0259ni v\u0259h\u015filiyinin \u00f6l\u00e7\u00fcy\u0259g\u0259lm\u0259z d\u0259r\u0259c\u0259y\u0259 y\u00fcks\u0259lm\u0259sinin f\u0259rqind\u0259dir.Amma \u00e7ox t\u0259\u0259ss\u00fcfl\u0259r olsun ki,yen\u0259 d\u0259 erm\u0259nil\u0259rin bu vandalizm \u0259m\u0259ll\u0259rin\u0259 g\u00f6z yummaqda davam edir.Bu g\u00fcn\u00fcm\u00fcz\u00fcn real m\u0259nz\u0259r\u0259si budur ki, Az\u0259rbaycan d\u00f6vl\u0259tinin q\u0259tiyy\u0259ti,r\u0259\u015fad\u0259tli ordumuzun g\u00fcc\u00fc say\u0259sind\u0259 Az\u0259rbaycan 30 il o kor g\u00f6zl\u0259ri,kar qulaqlar\u0131 a\u00e7d\u0131, i\u015f\u011fal\u00e7\u0131 Erm\u0259nistan\u0131 \u00e7\u00f6kd\u00fcrm\u0259kl\u0259 ona havadarl\u0131q ed\u0259n d\u00f6vl\u0259tl\u0259r\u0259 tarix, h\u00fcquq v\u0259 h\u0259rb d\u0259rsi ke\u00e7di\u201d,<\/p>\n<p>Az\u0259rbaycan tolerantl\u0131q v\u0259 multikulturalizm \u00fcnvan\u0131 kimi d\u00fcnyada \u00f6z\u00fcn\u00fc \u00e7oxdan t\u0259sdiq edib. Bu g\u00fcn d\u0259 Prezident \u0130lham \u018fliyev t\u0259r\u0259find\u0259n h\u0259yata ke\u00e7iril\u0259n siyas\u0259t humanizm \u0259n\u0259n\u0259l\u0259rin\u0259, milli-m\u0259d\u0259ni irsin qorunub saxlanmas\u0131na,\u00f6lk\u0259d\u0259 ya\u015fayan b\u00fct\u00fcn xalqlar\u0131n,etnik azl\u0131qlar\u0131n h\u00fcquq v\u0259 azadl\u0131qlar\u0131n\u0131n,dini etiqad azadl\u0131\u011f\u0131n\u0131n t\u0259min olunmas\u0131 prinsipin\u0259 \u0259saslan\u0131r. Az\u0259rbaycan Konstitusiyas\u0131nda bunlarla ba\u011fl\u0131 uy\u011fun madd\u0259l\u0259r d\u0259 var.Az\u0259rbaycanda b\u00fct\u00fcn dini,tarixi,m\u0259d\u0259niyy\u0259t abid\u0259l\u0259ri b\u0259rpa olunur,m\u00fchafiz\u0259 edilir v\u0259 xalq\u0131m\u0131z\u0131n z\u0259ngin m\u0259d\u0259ni irsinin m\u00fch\u00fcm t\u0259rkib hiss\u0259si kimi g\u0259l\u0259c\u0259k n\u0259sill\u0259r \u00fc\u00e7\u00fcn qorunub saxlan\u0131l\u0131r.Az\u0259rbaycanda h\u0259r k\u0259sin vicdan azadl\u0131\u011f\u0131na d\u0259rin h\u00f6rm\u0259tl\u0259 yana\u015f\u0131l\u0131r,\u00f6lk\u0259d\u0259 m\u0259scidl\u0259rl\u0259 yana\u015f\u0131,kils\u0259l\u0259r, sinaqoqlar, ayr\u0131-ayr\u0131 dini icmalar\u0131n ibad\u0259t yerl\u0259ri s\u0259rb\u0259st \u015f\u0259kild\u0259 f\u0259aliyy\u0259t g\u00f6st\u0259rir.<\/p>\n<p>Az\u0259rbaycan xalq\u0131na qar\u015f\u0131 davam ed\u0259n erm\u0259ni t\u0259cav\u00fcz\u00fcn\u00fcn qurbanlar\u0131 h\u0259m d\u0259 tarixi-dini abid\u0259l\u0259r,m\u00fcq\u0259dd\u0259s ocaqlar v\u0259 m\u0259b\u0259dl\u0259rdir.Tarixi-dini abid\u0259l\u0259r xalq\u0131m\u0131z\u0131n milli kimliyini,m\u0259n\u0259vi-\u0259xlaqi d\u0259y\u0259rl\u0259rini v\u0259 ad\u0259t-\u0259n\u0259n\u0259l\u0259rini \u00f6z\u00fcn\u0259 t\u0259c\u0259ss\u00fcm etdir\u0259n,onun ruhani yadda\u015f\u0131n\u0131 hifz ed\u0259n m\u00fcq\u0259dd\u0259s m\u0259kanlard\u0131r.Buna g\u00f6r\u0259 d\u0259 Az\u0259rbaycan\u0131n i\u015f\u011fal olunmu\u015f \u0259razil\u0259rind\u0259 yerl\u0259\u015f\u0259n maddi-m\u0259d\u0259niyy\u0259t n\u00fcmun\u0259l\u0259rini,o c\u00fcml\u0259d\u0259n tarixi-dini abid\u0259l\u0259ri m\u0259hv etm\u0259k Erm\u0259nistan\u0131n t\u0259cav\u00fczkar siyas\u0259tinin t\u0259rkib hiss\u0259l\u0259rind\u0259n biridir!<\/p>\n<p><img src=\"http:\/\/ikisahil.az\/upload\/\/2022\/10\/18\/\/-4de75424166609849391862941710578413.jpg\" alt=\"\" \/><\/p>\n<p><strong><em>Orxan \u0130smay\u0131lov,<\/em><\/strong><strong><em>\u00a0<\/em><\/strong><br \/>\n<em>T.C Esk\u015fehir Osmangazi \u00fcniversitetinin t\u0259l\u0259b\u0259si,<br \/>\nYeni Az\u0259rbaycan Partiyas\u0131 X\u0259tai\u00a0rayon t\u0259\u015fkilat\u0131n\u0131n f\u0259al \u00fczv\u00fc<\/em><\/p>\n","protected":false},"excerpt":{"rendered":"<p>Qafqaz Albaniyas\u0131na m\u0259xsus m\u0259b\u0259dl\u0259r erm\u0259nil\u0259\u015fdiril\u0259r\u0259k qriqoryanla\u015fd\u0131r\u0131l\u0131b Az\u0259rbaycan\u0131n i\u015f\u011fal edilmi\u015f \u0259razil\u0259rind\u0259 tarixi-dini abid\u0259l\u0259rin \u00fcmumi say\u0131 403-d\u00fcr.Onlardan 67-si m\u0259scid,144-\u00fc m\u0259b\u0259d,192-si is\u0259 ziyar\u0259tgahlard\u0131r.Q\u0259biristanl\u0131qlar\u0131n say\u0131 is\u0259 900-d\u0259n art\u0131qd\u0131r.M\u0259lum oldu\u011fu kimi, Erm\u0259nistan\u0131n i\u015f\u011fal\u00e7\u0131l\u0131q siyas\u0259ti n\u0259tic\u0259sind\u0259 Az\u0259rbaycan xalq\u0131na m\u0259xsus \u00e7ox\u0259srlik q\u0259dim tarixi-dini abid\u0259l\u0259r da\u011f\u0131d\u0131laraq yerl\u0259-yeksan edilmi\u015f,onlar\u0131n bir qismi is\u0259 saxtala\u015fd\u0131r\u0131laraq erm\u0259nil\u0259\u015fdirilmi\u015fdir.T\u0259cav\u00fczkar d\u00f6vl\u0259tin bu c\u00fcr vandal \u0259m\u0259ll\u0259r\u0259 \u0259l atmaqda \u0259sas m\u0259qs\u0259di bizim minillikl\u0259r \u0259rzind\u0259 ya\u015fad\u0131\u011f\u0131m\u0131z torpaqlarda h\u0259m tarixi ke\u00e7mi\u015fimizi,h\u0259m d\u0259 m\u0259n\u0259vi yadda\u015f\u0131m\u0131z\u0131 m\u0259hv etm\u0259kdir.Erm\u0259nistan Az\u0259rbaycan xalq\u0131na m\u0259xsus tarixi-dini abid\u0259l\u0259r\u0259 qar\u015f\u0131 t\u0259cav\u00fcz\u00fcn\u00fc m\u00fcxt\u0259lif istiqam\u0259tl\u0259rd\u0259 apar\u0131r.Bel\u0259 ki,milli m\u0259nsubiyy\u0259ti v\u0259 dini \u0259n\u0259n\u0259l\u0259ri \u00f6z\u00fcnd\u0259 \u0259ks etdir\u0259n abid\u0259l\u0259r tamamil\u0259 da\u011f\u0131d\u0131lm\u0131\u015f v\u0259 ya&hellip;<\/p>\n","protected":false},"author":2,"featured_media":524984,"comment_status":"closed","ping_status":"closed","sticky":false,"template":"","format":"standard","meta":{"om_disable_all_campaigns":false,"_monsterinsights_skip_tracking":false,"_monsterinsights_sitenote_active":false,"_monsterinsights_sitenote_note":"","_monsterinsights_sitenote_category":0},"categories":[19],"tags":[],"aioseo_notices":[],"gutentor_comment":0,"rttpg_featured_image_url":{"full":["https:\/\/arantv.az\/wp-content\/uploads\/2022\/10\/488b0841162444380375938777710702746.jpg",975,540,false],"landscape":["https:\/\/arantv.az\/wp-content\/uploads\/2022\/10\/488b0841162444380375938777710702746.jpg",975,540,false],"portraits":["https:\/\/arantv.az\/wp-content\/uploads\/2022\/10\/488b0841162444380375938777710702746.jpg",975,540,false],"thumbnail":["https:\/\/arantv.az\/wp-content\/uploads\/2022\/10\/488b0841162444380375938777710702746-500x280.jpg",500,280,true],"medium":["https:\/\/arantv.az\/wp-content\/uploads\/2022\/10\/488b0841162444380375938777710702746-660x365.jpg",660,365,true],"large":["https:\/\/arantv.az\/wp-content\/uploads\/2022\/10\/488b0841162444380375938777710702746-840x465.jpg",640,354,true],"1536x1536":["https:\/\/arantv.az\/wp-content\/uploads\/2022\/10\/488b0841162444380375938777710702746.jpg",975,540,false],"2048x2048":["https:\/\/arantv.az\/wp-content\/uploads\/2022\/10\/488b0841162444380375938777710702746.jpg",975,540,false],"post-thumbnail":["https:\/\/arantv.az\/wp-content\/uploads\/2022\/10\/488b0841162444380375938777710702746-240x172.jpg",240,172,true],"advps-thumb-one":["https:\/\/arantv.az\/wp-content\/uploads\/2022\/10\/488b0841162444380375938777710702746.jpg",975,540,false]},"rttpg_author":{"display_name":"V\u00fcsal Rafiqo\u011flu","author_link":"https:\/\/arantv.az\/?author=2"},"rttpg_comment":0,"rttpg_category":"<a href=\"https:\/\/arantv.az\/?cat=19\" rel=\"category\">G\u00fcnd\u0259m<\/a>","rttpg_excerpt":"Qafqaz Albaniyas\u0131na m\u0259xsus m\u0259b\u0259dl\u0259r erm\u0259nil\u0259\u015fdiril\u0259r\u0259k qriqoryanla\u015fd\u0131r\u0131l\u0131b Az\u0259rbaycan\u0131n i\u015f\u011fal edilmi\u015f \u0259razil\u0259rind\u0259 tarixi-dini abid\u0259l\u0259rin \u00fcmumi say\u0131 403-d\u00fcr.Onlardan 67-si m\u0259scid,144-\u00fc m\u0259b\u0259d,192-si is\u0259 ziyar\u0259tgahlard\u0131r.Q\u0259biristanl\u0131qlar\u0131n say\u0131 is\u0259 900-d\u0259n art\u0131qd\u0131r.M\u0259lum oldu\u011fu kimi, Erm\u0259nistan\u0131n i\u015f\u011fal\u00e7\u0131l\u0131q siyas\u0259ti n\u0259tic\u0259sind\u0259 Az\u0259rbaycan xalq\u0131na m\u0259xsus \u00e7ox\u0259srlik q\u0259dim tarixi-dini abid\u0259l\u0259r da\u011f\u0131d\u0131laraq yerl\u0259-yeksan edilmi\u015f,onlar\u0131n bir qismi is\u0259 saxtala\u015fd\u0131r\u0131laraq erm\u0259nil\u0259\u015fdirilmi\u015fdir.T\u0259cav\u00fczkar d\u00f6vl\u0259tin bu c\u00fcr vandal \u0259m\u0259ll\u0259r\u0259 \u0259l atmaqda \u0259sas m\u0259qs\u0259di bizim&hellip;","_links":{"self":[{"href":"https:\/\/arantv.az\/index.php?rest_route=\/wp\/v2\/posts\/524983"}],"collection":[{"href":"https:\/\/arantv.az\/index.php?rest_route=\/wp\/v2\/posts"}],"about":[{"href":"https:\/\/arantv.az\/index.php?rest_route=\/wp\/v2\/types\/post"}],"author":[{"embeddable":true,"href":"https:\/\/arantv.az\/index.php?rest_route=\/wp\/v2\/users\/2"}],"replies":[{"embeddable":true,"href":"https:\/\/arantv.az\/index.php?rest_route=%2Fwp%2Fv2%2Fcomments&post=524983"}],"version-history":[{"count":0,"href":"https:\/\/arantv.az\/index.php?rest_route=\/wp\/v2\/posts\/524983\/revisions"}],"wp:featuredmedia":[{"embeddable":true,"href":"https:\/\/arantv.az\/index.php?rest_route=\/wp\/v2\/media\/524984"}],"wp:attachment":[{"href":"https:\/\/arantv.az\/index.php?rest_route=%2Fwp%2Fv2%2Fmedia&parent=524983"}],"wp:term":[{"taxonomy":"category","embeddable":true,"href":"https:\/\/arantv.az\/index.php?rest_route=%2Fwp%2Fv2%2Fcategories&post=524983"},{"taxonomy":"post_tag","embeddable":true,"href":"https:\/\/arantv.az\/index.php?rest_route=%2Fwp%2Fv2%2Ftags&post=524983"}],"curies":[{"name":"wp","href":"https:\/\/api.w.org\/{rel}","templated":true}]}}