{"id":525027,"date":"2022-10-18T19:56:47","date_gmt":"2022-10-18T16:56:47","guid":{"rendered":"https:\/\/arantv.az\/?p=525027"},"modified":"2022-10-18T19:56:47","modified_gmt":"2022-10-18T16:56:47","slug":"sagirdl%c9%99r-ucun-c%c9%99za-t%c9%99dbirl%c9%99ri-aciqlandi-siyahi","status":"publish","type":"post","link":"https:\/\/arantv.az\/?p=525027","title":{"rendered":"\u015eagirdl\u0259r \u00fc\u00e7\u00fcn c\u0259za t\u0259dbirl\u0259ri a\u00e7\u0131qland\u0131 &#8211; S\u0130YAHI"},"content":{"rendered":"<p>M\u0259kt\u0259bl\u0259rd\u0259 nizam-intizam qaydalar\u0131n\u0131 pozan \u015fagirdl\u0259r\u0259 qar\u015f\u0131 t\u0259tbiq edil\u0259c\u0259k inzibati t\u0259dbirl\u0259r m\u00fc\u0259yy\u0259nl\u0259\u015fib.<\/p>\n<p><strong>ARANTV.AZ<\/strong>-\u0131n m\u0259lumat\u0131na g\u00f6r\u0259, Elm v\u0259 T\u0259hsil Nazrliyinin \u00dcmumi v\u0259 m\u0259kt\u0259b\u0259q\u0259d\u0259r t\u0259hsilin t\u0259\u015fkili v\u0259 idar\u0259 olunmas\u0131 \u015f\u00f6b\u0259sinin m\u00fcdiri Elnur \u018fliyev bildirib ki, h\u0259min vaxt \u015fagirdl\u0259rin davran\u0131\u015f s\u0259viyy\u0259l\u0259ri n\u0259z\u0259r\u0259 al\u0131nacaq.<\/p>\n<div class=\"AdviadNativeVideo\"><\/div>\n<p>Davran\u0131\u015f s\u0259viyy\u0259l\u0259rin\u0259 g\u00f6r\u0259 t\u0259tbiq edil\u0259c\u0259k inzibati t\u0259dbirl\u0259r a\u015fa\u011f\u0131dak\u0131lard\u0131r:<\/p>\n<p>&#8211; m\u00fc\u0259llim bax\u0131\u015f\u0131, qeyri-verbal m\u00fcnasib\u0259t<br \/>\n&#8211; \u015fagirdl\u0259rl\u0259 sakit s\u00f6hb\u0259t<br \/>\n&#8211; x\u0259b\u0259rdarl\u0131q<br \/>\n&#8211; uzaqla\u015fd\u0131rma<br \/>\n&#8211; valideyn il\u0259 \u0259laq\u0259 saxlamaq<br \/>\n&#8211; d\u0259rsd\u0259n sonra \u015fagirdin m\u0259kt\u0259bd\u0259 saxlanmas\u0131<br \/>\n&#8211; psixoloqa y\u00f6nl\u0259ndirm\u0259<br \/>\n&#8211; sar\u0131 x\u0259b\u0259rdarl\u0131q m\u0259ktubu<br \/>\n&#8211; nar\u0131nc\u0131 x\u0259b\u0259rdarl\u0131q<br \/>\n&#8211; q\u0131rm\u0131z\u0131 x\u0259b\u0259rdarl\u0131q.<\/p>\n","protected":false},"excerpt":{"rendered":"<p>M\u0259kt\u0259bl\u0259rd\u0259 nizam-intizam qaydalar\u0131n\u0131 pozan \u015fagirdl\u0259r\u0259 qar\u015f\u0131 t\u0259tbiq edil\u0259c\u0259k inzibati t\u0259dbirl\u0259r m\u00fc\u0259yy\u0259nl\u0259\u015fib. ARANTV.AZ-\u0131n m\u0259lumat\u0131na g\u00f6r\u0259, Elm v\u0259 T\u0259hsil Nazrliyinin \u00dcmumi v\u0259 m\u0259kt\u0259b\u0259q\u0259d\u0259r t\u0259hsilin t\u0259\u015fkili v\u0259 idar\u0259 olunmas\u0131 \u015f\u00f6b\u0259sinin m\u00fcdiri Elnur \u018fliyev bildirib ki, h\u0259min vaxt \u015fagirdl\u0259rin davran\u0131\u015f s\u0259viyy\u0259l\u0259ri n\u0259z\u0259r\u0259 al\u0131nacaq. Davran\u0131\u015f s\u0259viyy\u0259l\u0259rin\u0259 g\u00f6r\u0259 t\u0259tbiq edil\u0259c\u0259k inzibati t\u0259dbirl\u0259r a\u015fa\u011f\u0131dak\u0131lard\u0131r: &#8211; m\u00fc\u0259llim bax\u0131\u015f\u0131, qeyri-verbal m\u00fcnasib\u0259t &#8211; \u015fagirdl\u0259rl\u0259 sakit s\u00f6hb\u0259t &#8211; x\u0259b\u0259rdarl\u0131q &#8211; uzaqla\u015fd\u0131rma &#8211; valideyn il\u0259 \u0259laq\u0259 saxlamaq &#8211; d\u0259rsd\u0259n sonra \u015fagirdin m\u0259kt\u0259bd\u0259 saxlanmas\u0131 &#8211; psixoloqa y\u00f6nl\u0259ndirm\u0259 &#8211; sar\u0131 x\u0259b\u0259rdarl\u0131q m\u0259ktubu &#8211; nar\u0131nc\u0131 x\u0259b\u0259rdarl\u0131q &#8211; q\u0131rm\u0131z\u0131 x\u0259b\u0259rdarl\u0131q.<\/p>\n","protected":false},"author":2,"featured_media":525028,"comment_status":"closed","ping_status":"closed","sticky":false,"template":"","format":"standard","meta":{"om_disable_all_campaigns":false,"_monsterinsights_skip_tracking":false,"_monsterinsights_sitenote_active":false,"_monsterinsights_sitenote_note":"","_monsterinsights_sitenote_category":0},"categories":[23],"tags":[],"aioseo_notices":[],"gutentor_comment":0,"rttpg_featured_image_url":{"full":["https:\/\/arantv.az\/wp-content\/uploads\/2022\/10\/siyahi_81666111047.jpg",650,406,false],"landscape":["https:\/\/arantv.az\/wp-content\/uploads\/2022\/10\/siyahi_81666111047.jpg",650,406,false],"portraits":["https:\/\/arantv.az\/wp-content\/uploads\/2022\/10\/siyahi_81666111047.jpg",650,406,false],"thumbnail":["https:\/\/arantv.az\/wp-content\/uploads\/2022\/10\/siyahi_81666111047-500x280.jpg",500,280,true],"medium":["https:\/\/arantv.az\/wp-content\/uploads\/2022\/10\/siyahi_81666111047-584x365.jpg",584,365,true],"large":["https:\/\/arantv.az\/wp-content\/uploads\/2022\/10\/siyahi_81666111047.jpg",640,400,false],"1536x1536":["https:\/\/arantv.az\/wp-content\/uploads\/2022\/10\/siyahi_81666111047.jpg",650,406,false],"2048x2048":["https:\/\/arantv.az\/wp-content\/uploads\/2022\/10\/siyahi_81666111047.jpg",650,406,false],"post-thumbnail":["https:\/\/arantv.az\/wp-content\/uploads\/2022\/10\/siyahi_81666111047-240x172.jpg",240,172,true],"advps-thumb-one":["https:\/\/arantv.az\/wp-content\/uploads\/2022\/10\/siyahi_81666111047.jpg",650,406,false]},"rttpg_author":{"display_name":"V\u00fcsal Rafiqo\u011flu","author_link":"https:\/\/arantv.az\/?author=2"},"rttpg_comment":0,"rttpg_category":"<a href=\"https:\/\/arantv.az\/?cat=23\" rel=\"category\">T\u0259hsil<\/a>","rttpg_excerpt":"M\u0259kt\u0259bl\u0259rd\u0259 nizam-intizam qaydalar\u0131n\u0131 pozan \u015fagirdl\u0259r\u0259 qar\u015f\u0131 t\u0259tbiq edil\u0259c\u0259k inzibati t\u0259dbirl\u0259r m\u00fc\u0259yy\u0259nl\u0259\u015fib. ARANTV.AZ-\u0131n m\u0259lumat\u0131na g\u00f6r\u0259, Elm v\u0259 T\u0259hsil Nazrliyinin \u00dcmumi v\u0259 m\u0259kt\u0259b\u0259q\u0259d\u0259r t\u0259hsilin t\u0259\u015fkili v\u0259 idar\u0259 olunmas\u0131 \u015f\u00f6b\u0259sinin m\u00fcdiri Elnur \u018fliyev bildirib ki, h\u0259min vaxt \u015fagirdl\u0259rin davran\u0131\u015f s\u0259viyy\u0259l\u0259ri n\u0259z\u0259r\u0259 al\u0131nacaq. Davran\u0131\u015f s\u0259viyy\u0259l\u0259rin\u0259 g\u00f6r\u0259 t\u0259tbiq edil\u0259c\u0259k inzibati t\u0259dbirl\u0259r a\u015fa\u011f\u0131dak\u0131lard\u0131r: &#8211; m\u00fc\u0259llim bax\u0131\u015f\u0131, qeyri-verbal m\u00fcnasib\u0259t &#8211; \u015fagirdl\u0259rl\u0259 sakit&hellip;","_links":{"self":[{"href":"https:\/\/arantv.az\/index.php?rest_route=\/wp\/v2\/posts\/525027"}],"collection":[{"href":"https:\/\/arantv.az\/index.php?rest_route=\/wp\/v2\/posts"}],"about":[{"href":"https:\/\/arantv.az\/index.php?rest_route=\/wp\/v2\/types\/post"}],"author":[{"embeddable":true,"href":"https:\/\/arantv.az\/index.php?rest_route=\/wp\/v2\/users\/2"}],"replies":[{"embeddable":true,"href":"https:\/\/arantv.az\/index.php?rest_route=%2Fwp%2Fv2%2Fcomments&post=525027"}],"version-history":[{"count":0,"href":"https:\/\/arantv.az\/index.php?rest_route=\/wp\/v2\/posts\/525027\/revisions"}],"wp:featuredmedia":[{"embeddable":true,"href":"https:\/\/arantv.az\/index.php?rest_route=\/wp\/v2\/media\/525028"}],"wp:attachment":[{"href":"https:\/\/arantv.az\/index.php?rest_route=%2Fwp%2Fv2%2Fmedia&parent=525027"}],"wp:term":[{"taxonomy":"category","embeddable":true,"href":"https:\/\/arantv.az\/index.php?rest_route=%2Fwp%2Fv2%2Fcategories&post=525027"},{"taxonomy":"post_tag","embeddable":true,"href":"https:\/\/arantv.az\/index.php?rest_route=%2Fwp%2Fv2%2Ftags&post=525027"}],"curies":[{"name":"wp","href":"https:\/\/api.w.org\/{rel}","templated":true}]}}