{"id":525041,"date":"2022-10-19T07:06:30","date_gmt":"2022-10-19T04:06:30","guid":{"rendered":"https:\/\/arantv.az\/?p=525041"},"modified":"2022-10-19T07:06:30","modified_gmt":"2022-10-19T04:06:30","slug":"axi-s%c9%99n-h%c9%99mis%c9%99-bel%c9%99-cigalliq-edirs%c9%99n-makron","status":"publish","type":"post","link":"https:\/\/arantv.az\/?p=525041","title":{"rendered":"Ax\u0131, s\u0259n h\u0259mi\u015f\u0259 bel\u0259 c\u0131\u011fall\u0131q edirs\u0259n, Makron!"},"content":{"rendered":"<p>Makron, s\u0259nin ad\u0131n\u0131n qar\u015f\u0131s\u0131nda \u00abm\u00fcsyo\u00bb s\u00f6z\u00fcn\u00fc i\u015fl\u0259tm\u0259k d\u0259 olard\u0131. Amma s\u0259n Az\u0259rbaycan xalq\u0131n\u0131n \u00abqara siyah\u0131s\u0131\u00bbna d\u00fc\u015fd\u00fcy\u00fcn \u00fc\u00e7\u00fcn h\u00f6rm\u0259t \u0259lam\u0259tini ifad\u0259 ed\u0259n bu s\u00f6z\u00fc i\u015fl\u0259tm\u0259k \u00abm\u00fcsyo\u00bb k\u0259lam\u0131n\u0131 h\u00f6rm\u0259td\u0259n salmaq olard\u0131. \u0130ll\u0259rd\u0259n b\u0259ri erm\u0259nil\u0259rin v\u0259kili rolunda \u00e7\u0131x\u0131\u015f ed\u0259r\u0259k Az\u0259rbaycana qar\u015f\u0131 b\u00f6htanlari il\u0259 i\u015f\u011fal\u00e7\u0131ya qol-qanad ver\u0259n, s\u0259rh\u0259d bilm\u0259y\u0259n yalanlar\u0131n\u0131 h\u0259qiq\u0259t kimi q\u0259l\u0259m\u0259 ver\u0259r\u0259k d\u00fcnya ictimaiyy\u0259tini d\u0259 \u00e7a\u015fd\u0131rmaqda erm\u0259nil\u0259ri bel\u0259 qabaqlayan Fransan\u0131n da\u015fnak ruhlu Prezidenti Emmanuel Makron yen\u0259 s\u0259rs\u0259ml\u0259yib. B\u00f6htanlar\u0131 il\u0259 himay\u0259 etdiyi Erm\u0259nistan\u0131n ba\u015f naziri Nikol Pa\u015finyan\u0131n yalanlar\u0131n\u0131 k\u00f6lg\u0259d\u0259 qoyur. AT\u018fT-in Minsk qrupunda h\u0259ms\u0259dr kimi t\u0259msil olundu\u011fu 30 il\u0259 yax\u0131n m\u00fcdd\u0259td\u0259 i\u015f\u011fal\u00e7\u0131 Erm\u0259nistan\u0131n h\u0259rbi, ekoloji, m\u0259n\u0259vi cinay\u0259tl\u0259rini, erm\u0259ni fa\u015fizminin t\u00f6r\u0259tdiyi terrorlar\u0131 \u00abg\u00f6rm\u0259y\u0259n\u00bb, Az\u0259rbaycan\u0131n u\u011furlar\u0131ndan h\u0259rar\u0259ti qalxan Makronun say\u0131qlamalar\u0131 n\u0259 ilk, n\u0259 d\u0259 son deyildir. \u0130nsan\u0131n xasiyy\u0259tinin d\u0259yi\u015film\u0259z oldu\u011funu t\u0259sdiql\u0259y\u0259n atalar\u0131n \u00abs\u00fcdl\u0259 g\u0259l\u0259n, s\u00fcm\u00fckl\u0259 \u00e7\u0131xar\u00bb m\u00fcdrik k\u0259lam\u0131 Makronun boyuna bi\u00e7ilib. H\u0259rd\u0259n a\u011f\u0131la bel\u0259 bir fikir g\u0259lir ki, b\u0259lk\u0259 el\u0259 Makronun \u0259sl-n\u0259cab\u0259tind\u0259 erm\u0259ni genl\u0259ri vard\u0131r.<\/p>\n<p>B\u0259lk\u0259 d\u0259 Fransan\u0131n tarixind\u0259 Makron q\u0259d\u0259r erm\u0259nip\u0259r\u0259st d\u00f6vl\u0259t ba\u015f\u00e7\u0131s\u0131 olmay\u0131b. Bu \u015f\u0259xsi prezidenti oldu\u011fu \u00f6lk\u0259sinin probleml\u0259rind\u0259n daha \u00e7ox Erm\u0259nistan\u0131n taleyi d\u00fc\u015f\u00fcnd\u00fcr\u00fcr, des\u0259k yan\u0131lmar\u0131q. \u00c7\u00fcnki i\u015f\u011fal\u00e7\u0131 d\u00f6vl\u0259tin ad\u0131 \u00e7\u0259kildiyi m\u0259qamlarda Makronun imzas\u0131n\u0131n g\u00f6r\u00fcnm\u0259si, b\u00f6htanlar\u0131n\u0131n e\u015fidilm\u0259si adi hald\u0131r. Frans\u0131zlar\u0131n \u00fczl\u0259\u015fdiyi \u00e7\u0259tinlikl\u0259ri meydanlarda t\u0259\u015fkil olunan aksiyalardak\u0131 etirazlar\u0131 il\u0259 bildir\u0259n \u00absar\u0131 jiletlil\u0259r\u00bbin qald\u0131rd\u0131qlar\u0131 m\u0259s\u0259l\u0259l\u0259rin h\u0259llini d\u00fc\u015f\u00fcnm\u0259y\u0259n, haylar\u0131n yalanlar\u0131ndan narahat olaraq yuxusuna haram qatan Makronun yegan\u0259 qay\u011f\u0131s\u0131 Minsk qrupunda h\u0259ms\u0259dr kimi, qalmaqla d\u0259st\u0259k g\u00f6st\u0259rdiyi erm\u0259ni t\u0259cav\u00fcz\u00fcn\u0259 haqq qazand\u0131rmaqd\u0131r. S\u0259mum yeli kimi istiqam\u0259tini tez tez d\u0259yi\u015f\u0259n, \u00abAvropa siyasi birliyi\u00bbnin Zirv\u0259 Toplant\u0131s\u0131nda Az\u0259rbaycan, Erm\u0259nistan, Fransa, Avropa \u0130tifaq\u0131 aras\u0131nda ke\u00e7iril\u0259n g\u00f6r\u00fc\u015fd\u0259 s\u00f6yl\u0259dikl\u0259rini tez unudaraq yen\u0259 d\u0259 fikrini erm\u0259nisayaq b\u0259yanat\u0131 il\u0259 \u0259rz ed\u0259n Fransa Prezidentinin Az\u0259rbaycanla ba\u011fl\u0131 son say\u0131qlamalar\u0131 da a\u011f\u0131ll\u0131 adam\u0131n s\u00f6yl\u0259dikl\u0259rin\u0259 b\u0259nz\u0259mir. \u00c7\u00fcnki torpaqlar\u0131m\u0131z Erm\u0259nistan\u0131n i\u015f\u011fal alt\u0131nda qald\u0131\u011f\u0131 30 ild\u0259 i\u015f\u011fal\u00e7\u0131ya siyasi, h\u0259rbi d\u0259st\u0259k g\u00f6st\u0259rm\u0259kl\u0259 \u00f6lk\u0259mizl\u0259 ba\u011fl\u0131 b\u00f6htanlar ya\u011fd\u0131rmaqla kifay\u0259tl\u0259nm\u0259y\u0259n, fransal\u0131 m\u00fct\u0259x\u0259ssisl\u0259r\u0259 erm\u0259nil\u0259ri qorumaq \u00fc\u00e7\u00fcn istehkamlar tikm\u0259k bar\u0259d\u0259 t\u0259limat ver\u0259n, Xocal\u0131 soyq\u0131r\u0131m\u0131ndan, Ba\u015fl\u0131bel, Ball\u0131qaya, Qarada\u011fl\u0131 v\u0259 dig\u0259r insan qan\u0131n\u0131 donduran faci\u0259l\u0259rd\u0259n \u00abx\u0259b\u0259rsiz olan\u00bb Makron bu g\u00fcnl\u0259rd\u0259 Xocav\u0259ndin Edilli k\u0259ndind\u0259 a\u015fkarlanan v\u0259 erm\u0259ni v\u0259h\u015filiyinin izl\u0259ri olan az\u0259rbaycanl\u0131 h\u0259rb\u00e7il\u0259rin guman edildiyi k\u00fctl\u0259vi m\u0259zarl\u0131qlardan da x\u0259cal\u0259t \u00e7\u0259kmir. \u018fksin\u0259, \u00f6t\u0259n ill\u0259rd\u0259 Fransa Erm\u0259ni T\u0259\u015fkilatlar\u0131 \u018flaq\u0259l\u0259ndirm\u0259 Komit\u0259sinin illik ziyaf\u0259tin\u0259 qat\u0131lan Makron se\u00e7kiqaba\u011f\u0131 t\u0259\u015fviqat kampaniyas\u0131nda v\u0259d etdiyi kimi, \u00f6lk\u0259sinin t\u0259qvimin\u0259 qondarma \u00aberm\u0259ni soyq\u0131r\u0131m\u0131\u00bb il\u0259 ba\u011fl\u0131 an\u0131m g\u00fcn\u00fcn\u00fc \u0259lav\u0259 edil\u0259c\u0259yini v\u0259d etmi\u015fdi. El\u0259 buna g\u00f6r\u0259dir ki, \u0130kinci Qaraba\u011f m\u00fcharib\u0259sind\u0259n sonra bel\u0259 can-ciy\u0259ri erm\u0259nil\u0259ri silahland\u0131ran, revan\u015fist \u00e7a\u011f\u0131r\u0131\u015flar\u0131 il\u0259 onlar\u0131 m\u00fcharib\u0259y\u0259 t\u0259hrik ed\u0259n, \u00f6mr\u00fcn\u00fc ba\u015fa vurmu\u015f Minsk qrupunun h\u0259ms\u0259dri kimi, i\u015f\u011faldan azad olunan Az\u0259rbaycan torpaqlar\u0131nda basd\u0131r\u0131lan minalar\u0131 \u00abg\u00f6rm\u0259y\u0259n\u00bb Makron raketl\u0259rl\u0259 vurulan G\u0259nc\u0259d\u0259, T\u0259rt\u0259rd\u0259, B\u0259rd\u0259d\u0259 da\u011f\u0131d\u0131lan evl\u0259rd\u0259n, q\u0259tl\u0259 yetiril\u0259n az\u0259rbaycanl\u0131lardan da \u00abx\u0259b\u0259rsizdir.\u00bb El\u0259 buna g\u00f6r\u0259 d\u0259 makronsaya\u011f\u0131 a\u011f yalan olan guya az\u0259rbaycanl\u0131lar\u0131n \u00ab d\u0259h\u015f\u0259tli m\u00fcharib\u0259 ba\u015flamas\u0131\u00bb bar\u0259d\u0259ki f\u0259rziyy\u0259l\u0259rin\u0259 bir \u00f6z\u00fc, bir d\u0259 erm\u0259nil\u0259r inan\u0131r.<\/p>\n<p>Oktyabr\u0131n 14-d\u0259 Astanada M\u00fcst\u0259qil D\u00f6vl\u0259tl\u0259r Birliyi (MDB) D\u00f6vl\u0259t Ba\u015f\u00e7\u0131lar\u0131 \u015euras\u0131n\u0131n iclas\u0131nda AT\u018fT-in Minsk qrupunun onlara verilmi\u015f mandatlar\u0131n\u0131 do\u011frultmad\u0131qlar\u0131n\u0131 v\u0259 n\u0259tic\u0259ni s\u0131f\u0131rla qiym\u0259tl\u0259ndir\u0259n Prezident \u0130lham \u018fliyevin bu \u00ab\u00fc\u00e7l\u00fcy\u00fcn\u00bb 28 il s\u0259rf etdiyi vaxt\u0131 d\u00fcnya birliyinin g\u00f6z\u00fcnd\u0259n as\u0131lan p\u0259rd\u0259 adland\u0131r\u0131r. \u018fksin\u0259 Minsk qrupundan f\u0259rqli olaraq Az\u0259rbaycan BMT Nizamnam\u0259sinin 51-ci \u00f6z\u00fcn\u00fcm\u00fcdafi\u0259 madd\u0259sin\u0259 uy\u011fun olaraq tarixin arxivin\u0259 g\u00f6nd\u0259ril\u0259n \u00abDa\u011fl\u0131q Qaraba\u011f m\u00fcnaqi\u015f\u0259si\u00bbni \u00f6z\u00fc h\u0259ll etdi.<\/p>\n<p>V\u0259t\u0259n m\u00fcharib\u0259sind\u0259n sonra da i\u015f\u011faldan azad edilmi\u015f Az\u0259rbaycan \u0259razil\u0259rin\u0259 piyadalar \u0259leyhin\u0259 minalar basd\u0131rmaqla m\u00fclki \u0259halinin \u00f6l\u00fcm\u00fcn\u0259 s\u0259b\u0259b olan erm\u0259nil\u0259rin sentyabr\u0131n 12-13-d\u0259 \u00f6lk\u0259mizl\u0259 s\u0259rh\u0259dd\u0259 t\u00f6r\u0259tdiyi t\u0259xribatlar n\u0259tic\u0259sind\u0259 72 h\u0259rb\u00e7imizin \u015f\u0259hid olmas\u0131n\u0131 da t\u0259bii hal kimi q\u0259bul etdi. \u00abB\u0259zil\u0259rinin hesab etdiyi kimi, Az\u0259rbaycan Erm\u0259nistan \u0259razisini i\u015f\u011fal etm\u0259k niyy\u0259tind\u0259 olmay\u0131b. N\u0259 bir \u015f\u0259h\u0259r, n\u0259 d\u0259 bir k\u0259nd i\u015f\u011fal olunmay\u0131b\u00bb s\u00f6zl\u0259ri il\u0259 yen\u0259 d\u0259 erm\u0259nil\u0259r\u0259 haqq qazand\u0131ran Makronun yalanlar\u0131n\u0131 if\u015fa ed\u0259n Prezident \u0130lham \u018fliyev fransal\u0131 h\u0259mkar\u0131na bu ay\u0131n 6-da \u00abAvropa siyasi birliyi\u00bb\u201dnin yeni platformas\u0131 \u00e7\u0259r\u00e7iv\u0259sind\u0259 Praqada Fransa Prezidentinin, Avropa \u0130ttifaq\u0131 \u015euras\u0131n\u0131n Prezidentinin, Erm\u0259nistan\u0131n ba\u015f nazirinin v\u0259 Az\u0259rbaycan Prezidentinin i\u015ftirak\u0131 il\u0259 d\u00f6rdt\u0259r\u0259fli g\u00f6r\u00fc\u015f\u00fc xat\u0131rlad\u0131r. Bir m\u0259s\u0259l\u0259 d\u0259 diqq\u0259t\u0259 \u00e7atd\u0131r\u0131l\u0131r ki, AT\u018fT-in Minsk qrupunun h\u0259ms\u0259dri kimi r\u0259smi Parisin vasit\u0259\u00e7ilik missiyas\u0131na ehtiyac duyulmad\u0131\u011f\u0131 halda Az\u0259rbaycan xo\u015f m\u0259ram g\u00f6st\u0259r\u0259r\u0259k, Fransa Prezidentin\u0259 bu g\u00f6r\u00fc\u015fd\u0259 i\u015ftirak etm\u0259y\u0259 raz\u0131l\u0131q verdi. Qeyd olundu ki, Minsk qrupundan f\u0259rqli olaraq Avropa \u0130ttifaq\u0131 \u015euras\u0131n\u0131n Prezidenti \u015earl Mi\u015felin Erm\u0259nistan-Az\u0259rbaycan m\u00fcnasib\u0259tl\u0259rinin normalla\u015fd\u0131r\u0131lmas\u0131 il\u0259 ba\u011fl\u0131 g\u00f6st\u0259rdiyi s\u0259yl\u0259r t\u0259r\u0259fl\u0259r aras\u0131ndak\u0131 s\u00fclh sazi\u015finin imzalanmas\u0131na y\u00f6n\u0259l\u0259n ciddi s\u0259ydir.<\/p>\n<p>D\u00f6vl\u0259t ba\u015f\u00e7\u0131m\u0131z \u00abLakin Az\u0259rbaycan\u0131n n\u00fcmayi\u015f etdirdiyi xo\u015f m\u0259rama baxmayaraq, Praqadak\u0131 g\u00f6r\u00fc\u015fd\u0259n dem\u0259k olar bir h\u0259ft\u0259 sonra Fransa Prezidenti t\u0259hqiramiz, q\u0259bulolunmaz, yalan v\u0259 t\u0259xribat xarakterli b\u0259yanatlarla \u00e7\u0131x\u0131\u015f etdi. Bu b\u0259yanatlar m\u0259tbuatda var, h\u0259r k\u0259s onlar\u0131 g\u00f6r\u0259 bil\u0259r. Bu b\u0259yanatlarda o, Az\u0259rbaycan\u0131 d\u0259h\u015f\u0259tli m\u00fcharib\u0259 t\u00f6r\u0259tm\u0259kd\u0259 g\u00fcnahland\u0131r\u0131b, bununla da faktlar\u0131 manipulyasiya ed\u0259r\u0259k, Fransa v\u0259 d\u00fcnya ictimaiyy\u0259tini \u00e7a\u015fd\u0131rma\u011fa s\u0259y g\u00f6st\u0259rib\u00bb s\u00f6zl\u0259ri il\u0259\u00a0Makronun \u00abFransa he\u00e7 vaxt Erm\u0259nistan\u0131 atmayacaq\u00bb s\u00f6zl\u0259rinin ikit\u0259r\u0259fli m\u00fcnasib\u0259tl\u0259r\u0259 z\u0259rb\u0259 vurdu\u011funu da bildirib. Fransa Prezidentinin k\u00fc\u00e7\u0259 leksikonundan istifad\u0259 etm\u0259sinin siyasi n\u0259zak\u0259td\u0259n k\u0259nar yana\u015fma oldu\u011funu hesab ed\u0259n Prezident \u0130lham \u018fliyev Fransan\u0131n xarici i\u015fl\u0259r nazirinin Az\u0259rbaycan\u0131n \u0259leyhin\u0259 yalan b\u0259yanatlar verm\u0259sini, bu \u00f6lk\u0259nin Senat\u0131 v\u0259 a\u015fa\u011f\u0131 palata t\u0259r\u0259find\u0259n \u0130kinci Qaraba\u011f m\u00fcharib\u0259si d\u00f6vr\u00fcnd\u0259 qondarma \u00abDa\u011fl\u0131q Qaraba\u011f respublikas\u0131\u00bbn\u0131 tan\u0131yan q\u0259tnam\u0259l\u0259r q\u0259bul etm\u0259l\u0259rini ba\u015fqa d\u00f6vl\u0259tin daxili i\u015fl\u0259rin\u0259 qar\u0131\u015fmaq kimi d\u0259y\u0259rl\u0259ndiriir. Noyabr\u0131n ortalar\u0131nda Fransa Senat\u0131nda Az\u0259rbaycan \u0259leyhin\u0259 n\u00f6vb\u0259ti q\u0259tnam\u0259 haz\u0131rlanmas\u0131 g\u00f6zl\u0259nilir. G\u00f6r\u00fcn\u00fcr beyn\u0259lxaq hadis\u0259l\u0259rd\u0259n, h\u00fcquq qaydalar\u0131ndan x\u0259b\u0259rsiz olan Makron d\u00fcnya siyas\u0259tini Erm\u0259nistan\u0131n m\u00f6vqeyi bax\u0131m\u0131ndan anlay\u0131r v\u0259 d\u0259y\u0259rl\u0259ndirir.<\/p>\n<p>Az\u0259rbaycan\u0131n Parisd\u0259ki s\u0259firliyin\u0259 iki d\u0259f\u0259 edil\u0259n basq\u0131nla ba\u011fl\u0131 he\u00e7 bir t\u0259dbir g\u00f6rm\u0259y\u0259n Fransan\u0131n bu s\u0259ssizliyi vandalizm\u0259 d\u0259st\u0259k idi. Diplomatiya sah\u0259sind\u0259 beyn\u0259lxalq konvensiyalar\u0131n t\u0259l\u0259bl\u0259rinin pozulmas\u0131 kimi, d\u0259y\u0259rl\u0259ndiril\u0259n, i\u015f\u011fal\u00e7\u0131 \u00f6lk\u0259nin quldurlar\u0131n\u0131n bu c\u00fcr t\u0259xribatlar\u0131n\u0131n Fransa il\u0259 raz\u0131la\u015fd\u0131r\u0131ld\u0131\u011f\u0131 \u015f\u0259ksizdir. Xat\u0131rladaq ki, Parisd\u0259 bir ne\u00e7\u0259 d\u0259f\u0259 terror akt\u0131 t\u00f6r\u0259d\u0259n, sonradan Erm\u0259nistan\u0131n i\u015f\u011fal\u0131 alt\u0131nda qalan \u0259razil\u0259rimizd\u0259 m\u00fclki az\u0259rbaycanl\u0131lara qar\u015f\u0131 q\u0259tll\u0259r t\u00f6r\u0259d\u0259n, erm\u0259nil\u0259rd\u0259n ibar\u0259t quldur d\u0259st\u0259l\u0259rin\u0259 ba\u015f\u00e7\u0131l\u0131q ed\u0259n, Xocav\u0259nd rayonunun i\u015f\u011fal\u0131 zaman\u0131 d\u00fc\u015fm\u0259nin \u00f6n c\u0259bh\u0259 d\u0259st\u0259l\u0259rind\u0259n birinin komandiri olan, Erm\u0259nistan\u0131n milli q\u0259hr\u0259man\u0131 ad\u0131 veril\u0259n Monte Melkonyan 1993-c\u00fc ilin iyununda A\u011fdam rayonunun M\u0259rzili k\u0259ndi yax\u0131nl\u0131\u011f\u0131nda d\u00f6y\u00fc\u015f\u00e7\u00fcl\u0259rimiz t\u0259r\u0259find\u0259n m\u0259hv edilib.<\/p>\n<p>Az\u0259rbaycan\u0131n xarabal\u0131\u011fa \u00e7evril\u0259n \u0259razil\u0259rind\u0259 t\u00f6r\u0259dil\u0259n da\u011f\u0131nt\u0131lar da h\u0259min qrupda t\u0259misl olunan fransal\u0131 h\u0259ms\u0259drl\u0259rin g\u00f6zl\u0259ri qar\u015f\u0131s\u0131nda ba\u015f verib. Erm\u0259nistana frans\u0131z d\u0259st\u0259yinin n\u0259tic\u0259sidir ki. 2020-ci ilin noyabr\u0131nda imzalanm\u0131\u015f B\u0259yanat\u0131nda yer alan Z\u0259ng\u0259zur d\u0259hlizinin a\u00e7\u0131lmas\u0131, Qaraba\u011fdan erm\u0259ni silahl\u0131 d\u0259st\u0259l\u0259rinin \u00e7\u0131xar\u0131lmas\u0131, s\u00fclh sazi\u015finin imzalanmas\u0131 il\u0259 ba\u011fl\u0131 vacib b\u0259ndl\u0259rin yerin\u0259 yetirm\u0259si il\u0259 ba\u011fl\u0131 Erm\u0259nistan h\u0259l\u0259 d\u0259 d\u0259qiq m\u00f6vqe bildirmir. Prezident \u0130lham \u018fliyevin \u00abBiz h\u0259l\u0259 ki s\u0259bir n\u00fcmayi\u015f etdiririk, lakin bunun da bir h\u0259ddi var. 2020-ci ilin noyabr B\u0259yanat\u0131n\u0131n bu iki vacib b\u0259ndi icra edilm\u0259s\u0259, bizim adekvat t\u0259dbir g\u00f6rm\u0259kd\u0259n ba\u015fqa se\u00e7imimiz qalmayacaq\u00bb s\u00f6zl\u0259ri Erm\u0259nistan kimi, Fransan\u0131n da r\u0259hb\u0259rliyin\u0259 xat\u0131rlatmad\u0131r. Erm\u0259nistan v\u0259 ona v\u0259killik ed\u0259n Fransa unutmas\u0131nlar ki, s\u0259brin da\u015fmas\u0131 \u00abQisas\u00bb \u0259m\u0259liyyatlar\u0131 il\u0259 n\u0259tic\u0259l\u0259nir.<\/p>\n","protected":false},"excerpt":{"rendered":"<p>Makron, s\u0259nin ad\u0131n\u0131n qar\u015f\u0131s\u0131nda \u00abm\u00fcsyo\u00bb s\u00f6z\u00fcn\u00fc i\u015fl\u0259tm\u0259k d\u0259 olard\u0131. Amma s\u0259n Az\u0259rbaycan xalq\u0131n\u0131n \u00abqara siyah\u0131s\u0131\u00bbna d\u00fc\u015fd\u00fcy\u00fcn \u00fc\u00e7\u00fcn h\u00f6rm\u0259t \u0259lam\u0259tini ifad\u0259 ed\u0259n bu s\u00f6z\u00fc i\u015fl\u0259tm\u0259k \u00abm\u00fcsyo\u00bb k\u0259lam\u0131n\u0131 h\u00f6rm\u0259td\u0259n salmaq olard\u0131. \u0130ll\u0259rd\u0259n b\u0259ri erm\u0259nil\u0259rin v\u0259kili rolunda \u00e7\u0131x\u0131\u015f ed\u0259r\u0259k Az\u0259rbaycana qar\u015f\u0131 b\u00f6htanlari il\u0259 i\u015f\u011fal\u00e7\u0131ya qol-qanad ver\u0259n, s\u0259rh\u0259d bilm\u0259y\u0259n yalanlar\u0131n\u0131 h\u0259qiq\u0259t kimi q\u0259l\u0259m\u0259 ver\u0259r\u0259k d\u00fcnya ictimaiyy\u0259tini d\u0259 \u00e7a\u015fd\u0131rmaqda erm\u0259nil\u0259ri bel\u0259 qabaqlayan Fransan\u0131n da\u015fnak ruhlu Prezidenti Emmanuel Makron yen\u0259 s\u0259rs\u0259ml\u0259yib. B\u00f6htanlar\u0131 il\u0259 himay\u0259 etdiyi Erm\u0259nistan\u0131n ba\u015f naziri Nikol Pa\u015finyan\u0131n yalanlar\u0131n\u0131 k\u00f6lg\u0259d\u0259 qoyur. AT\u018fT-in Minsk qrupunda h\u0259ms\u0259dr kimi t\u0259msil olundu\u011fu 30 il\u0259 yax\u0131n m\u00fcdd\u0259td\u0259 i\u015f\u011fal\u00e7\u0131 Erm\u0259nistan\u0131n&hellip;<\/p>\n","protected":false},"author":2,"featured_media":525042,"comment_status":"closed","ping_status":"closed","sticky":false,"template":"","format":"standard","meta":{"om_disable_all_campaigns":false,"_monsterinsights_skip_tracking":false,"_monsterinsights_sitenote_active":false,"_monsterinsights_sitenote_note":"","_monsterinsights_sitenote_category":0},"categories":[19],"tags":[],"aioseo_notices":[],"gutentor_comment":0,"rttpg_featured_image_url":{"full":["https:\/\/arantv.az\/wp-content\/uploads\/2022\/10\/c4c455df160915506117228237610021554.jpg",975,540,false],"landscape":["https:\/\/arantv.az\/wp-content\/uploads\/2022\/10\/c4c455df160915506117228237610021554.jpg",975,540,false],"portraits":["https:\/\/arantv.az\/wp-content\/uploads\/2022\/10\/c4c455df160915506117228237610021554.jpg",975,540,false],"thumbnail":["https:\/\/arantv.az\/wp-content\/uploads\/2022\/10\/c4c455df160915506117228237610021554-500x280.jpg",500,280,true],"medium":["https:\/\/arantv.az\/wp-content\/uploads\/2022\/10\/c4c455df160915506117228237610021554-660x365.jpg",660,365,true],"large":["https:\/\/arantv.az\/wp-content\/uploads\/2022\/10\/c4c455df160915506117228237610021554-840x465.jpg",640,354,true],"1536x1536":["https:\/\/arantv.az\/wp-content\/uploads\/2022\/10\/c4c455df160915506117228237610021554.jpg",975,540,false],"2048x2048":["https:\/\/arantv.az\/wp-content\/uploads\/2022\/10\/c4c455df160915506117228237610021554.jpg",975,540,false],"post-thumbnail":["https:\/\/arantv.az\/wp-content\/uploads\/2022\/10\/c4c455df160915506117228237610021554-240x172.jpg",240,172,true],"advps-thumb-one":["https:\/\/arantv.az\/wp-content\/uploads\/2022\/10\/c4c455df160915506117228237610021554.jpg",975,540,false]},"rttpg_author":{"display_name":"V\u00fcsal Rafiqo\u011flu","author_link":"https:\/\/arantv.az\/?author=2"},"rttpg_comment":0,"rttpg_category":"<a href=\"https:\/\/arantv.az\/?cat=19\" rel=\"category\">G\u00fcnd\u0259m<\/a>","rttpg_excerpt":"Makron, s\u0259nin ad\u0131n\u0131n qar\u015f\u0131s\u0131nda \u00abm\u00fcsyo\u00bb s\u00f6z\u00fcn\u00fc i\u015fl\u0259tm\u0259k d\u0259 olard\u0131. Amma s\u0259n Az\u0259rbaycan xalq\u0131n\u0131n \u00abqara siyah\u0131s\u0131\u00bbna d\u00fc\u015fd\u00fcy\u00fcn \u00fc\u00e7\u00fcn h\u00f6rm\u0259t \u0259lam\u0259tini ifad\u0259 ed\u0259n bu s\u00f6z\u00fc i\u015fl\u0259tm\u0259k \u00abm\u00fcsyo\u00bb k\u0259lam\u0131n\u0131 h\u00f6rm\u0259td\u0259n salmaq olard\u0131. \u0130ll\u0259rd\u0259n b\u0259ri erm\u0259nil\u0259rin v\u0259kili rolunda \u00e7\u0131x\u0131\u015f ed\u0259r\u0259k Az\u0259rbaycana qar\u015f\u0131 b\u00f6htanlari il\u0259 i\u015f\u011fal\u00e7\u0131ya qol-qanad ver\u0259n, s\u0259rh\u0259d bilm\u0259y\u0259n yalanlar\u0131n\u0131 h\u0259qiq\u0259t kimi q\u0259l\u0259m\u0259 ver\u0259r\u0259k d\u00fcnya ictimaiyy\u0259tini d\u0259 \u00e7a\u015fd\u0131rmaqda erm\u0259nil\u0259ri&hellip;","_links":{"self":[{"href":"https:\/\/arantv.az\/index.php?rest_route=\/wp\/v2\/posts\/525041"}],"collection":[{"href":"https:\/\/arantv.az\/index.php?rest_route=\/wp\/v2\/posts"}],"about":[{"href":"https:\/\/arantv.az\/index.php?rest_route=\/wp\/v2\/types\/post"}],"author":[{"embeddable":true,"href":"https:\/\/arantv.az\/index.php?rest_route=\/wp\/v2\/users\/2"}],"replies":[{"embeddable":true,"href":"https:\/\/arantv.az\/index.php?rest_route=%2Fwp%2Fv2%2Fcomments&post=525041"}],"version-history":[{"count":0,"href":"https:\/\/arantv.az\/index.php?rest_route=\/wp\/v2\/posts\/525041\/revisions"}],"wp:featuredmedia":[{"embeddable":true,"href":"https:\/\/arantv.az\/index.php?rest_route=\/wp\/v2\/media\/525042"}],"wp:attachment":[{"href":"https:\/\/arantv.az\/index.php?rest_route=%2Fwp%2Fv2%2Fmedia&parent=525041"}],"wp:term":[{"taxonomy":"category","embeddable":true,"href":"https:\/\/arantv.az\/index.php?rest_route=%2Fwp%2Fv2%2Fcategories&post=525041"},{"taxonomy":"post_tag","embeddable":true,"href":"https:\/\/arantv.az\/index.php?rest_route=%2Fwp%2Fv2%2Ftags&post=525041"}],"curies":[{"name":"wp","href":"https:\/\/api.w.org\/{rel}","templated":true}]}}