{"id":525045,"date":"2022-10-19T07:07:20","date_gmt":"2022-10-19T04:07:20","guid":{"rendered":"https:\/\/arantv.az\/?p=525045"},"modified":"2022-10-19T07:07:20","modified_gmt":"2022-10-19T04:07:20","slug":"iki-qardas-ucun-iki-il-sonra-iki-bayram","status":"publish","type":"post","link":"https:\/\/arantv.az\/?p=525045","title":{"rendered":"\u0130ki qarda\u015f \u00fc\u00e7\u00fcn iki il sonra iki bayram!"},"content":{"rendered":"<p><em><strong>T\u00fcrkiy\u0259 Prezidentinin Z\u0259ngilan Beyn\u0259lxalq Hava Liman\u0131n\u0131n a\u00e7\u0131l\u0131\u015f\u0131nda i\u015ftirak\u0131 b\u00fct\u00fcn d\u00fcnyaya bir mesaj olacaq&#8230;<\/strong><\/em><\/p>\n<p>Sabah Az\u0259rbaycan yenid\u0259n bayram \u0259hval-ruhiyy\u0259sin\u0259 b\u00fcr\u00fcn\u0259c\u0259k. \u0130ki b\u00f6y\u00fck hadis\u0259nin sevincini ya\u015fayaca\u011f\u0131q v\u0259 sabahdan etibar\u0259n oktyabr\u0131n 20-si \u0259z\u0259li torpa\u011f\u0131m\u0131z olan Z\u0259ngilan\u0131n i\u015f\u011faldan azad edilm\u0259si il\u0259 yana\u015f\u0131, h\u0259m d\u0259 \u015e\u0259rqi Z\u0259ng\u0259zurda ilk meqalayih\u0259nin u\u011furla realla\u015fd\u0131r\u0131ld\u0131\u011f\u0131, Z\u0259ngilan Beyn\u0259lxalq Hava Liman\u0131n\u0131n a\u00e7\u0131l\u0131\u015f\u0131n\u0131n edildiyi g\u00fcn kimi tarix\u0259 d\u00fc\u015f\u0259c\u0259k. Oktyabr\u0131n 20-i \u015fanl\u0131 tariximizin yeni, daha bir \u015f\u0259r\u0259f dolu, q\u00fcrur ver\u0259n s\u0259hif\u0259sin\u0259 \u00e7evrilir. Oktyabr\u0131n 20-si x\u0259yallar\u0131m\u0131z\u0131n ger\u00e7\u0259k oldu\u011fu, xalq\u0131m\u0131z\u0131n v\u0259 d\u00f6vl\u0259timizin q\u00fcdr\u0259tinin dosta-d\u00fc\u015fm\u0259n\u0259 bir daha n\u00fcmayi\u015f etdirildiyi, dostlar\u0131n sevinib q\u00fcrurland\u0131\u011f\u0131, d\u00fc\u015fm\u0259nl\u0259rin pax\u0131ll\u0131qdan \u00e7atlay\u0131b-partlad\u0131\u011f\u0131 g\u00fcnl\u0259rd\u0259n birin\u0259 \u00e7evrilir!<\/p>\n<p>Bu tarixi g\u00fcn\u00fc, tarixi hadis\u0259ni daha da m\u00f6ht\u0259\u015f\u0259m ed\u0259n is\u0259 odur ki, Az\u0259rbaycan h\u0259min iki bayram\u0131 qarda\u015f T\u00fcrkiy\u0259 il\u0259 birlikd\u0259 qeyd ed\u0259c\u0259k. Sabah t\u00fcrk mill\u0259tinin, t\u00fcrk d\u00fcnyas\u0131n\u0131n b\u00f6y\u00fck o\u011flu, T\u00fcrkiy\u0259 C\u00fcmhuriyy\u0259tinin Prezidenti, Az\u0259rbaycan\u0131n dostu, dar g\u00fcnd\u0259 d\u0259, \u015fad g\u00fcnd\u0259 d\u0259 yan\u0131m\u0131zda olan R\u0259c\u0259b Tayyib \u018frdo\u011fan\u0131n t\u0259yyar\u0259si son iki ild\u0259 ikinci d\u0259f\u0259 i\u015f\u011faldan azad edilmi\u015f torpaqlar\u0131m\u0131za en\u0259c\u0259k. T\u00fcrkiy\u0259 Prezidentinin s\u00f6z\u00e7\u00fcs\u00fc \u0130brahim Kal\u0131n oktyabr\u0131n 18-d\u0259 jurnalistl\u0259r\u0259 a\u00e7\u0131qlamas\u0131nda bu bar\u0259d\u0259 m\u0259lumat ver\u0259r\u0259k bildirib ki, R\u0259c\u0259b Tayyib \u018frdo\u011fan oktyabr\u0131n 20-d\u0259 Az\u0259rbaycana s\u0259f\u0259r ed\u0259c\u0259k, \u00f6lk\u0259nin Z\u0259ngilan rayonuna ged\u0259c\u0259k. Orada Az\u0259rbaycan Prezidenti \u0130lham \u018fliyevl\u0259 R\u0259c\u0259b Tayyib \u018frdo\u011fan\u0131n g\u00f6r\u00fc\u015f\u00fc olacaq. \u0130.Kal\u0131n Qaraba\u011f\u00a0 v\u0259 \u015e\u0259rqi Z\u0259ng\u0259zur iqtisadi rayonlar\u0131nda g\u00f6r\u00fcl\u0259n quruculuq i\u015fl\u0259rin\u0259 d\u0259 m\u00fcnasib\u0259t bildirib: \u201cQaraba\u011f\u0131n b\u0259rpas\u0131 istiqam\u0259tind\u0259 m\u00fcsb\u0259t i\u015fl\u0259r g\u00f6r\u00fcl\u00fcr. \u018flb\u0259tt\u0259, bu da \u00f6z n\u00f6vb\u0259sind\u0259 C\u0259nubi Qafqazdak\u0131 duruma t\u0259sir edir.\u201d<\/p>\n<p>Xat\u0131rladaq ki, T\u00fcrkiy\u0259 Prezidenti bir il \u0259vv\u0259l,\u00a0 2021-ci il\u00a0 oktyabr\u0131n 17-d\u0259 F\u00fczulid\u0259 o yerl\u0259rin yenid\u0259n c\u0259nn\u0259t\u0259 \u00e7evril\u0259c\u0259yinin r\u0259mzl\u0259rind\u0259n olan daha bir n\u0259h\u0259ng layih\u0259nin \u2013F\u00fczuli Beyn\u0259lxalq Hava Liman\u0131n\u0131n a\u00e7\u0131l\u0131\u015f\u0131nda da i\u015ftirak etmi\u015fdi.<\/p>\n<p>R\u0259c\u0259b Tayyib \u018frdo\u011fan\u0131n i\u015f\u011faldan azad edilmi\u015f \u0259razil\u0259rimiz\u0259 ciddi siyasi \u0259h\u0259miyy\u0259t da\u015f\u0131yan n\u00f6vb\u0259ti s\u0259f\u0259ri b\u0259zi region \u00f6lk\u0259l\u0259rin\u0259 v\u0259 b\u00f6lg\u0259d\u0259 maraqlar\u0131 olan dig\u0259r d\u00f6vl\u0259tl\u0259r\u0259 T\u00fcrkiy\u0259nin C\u0259nubi Qafqazdak\u0131 m\u00f6vcudlu\u011funun, h\u0259m\u00e7inin Az\u0259rbaycan\u0131n yan\u0131nda oldu\u011funun mesaj\u0131 olacaq. Bu s\u0259f\u0259r h\u0259m d\u0259 Az\u0259rbaycanla T\u00fcrkiy\u0259nin dostlu\u011funun, qarda\u015fl\u0131\u011f\u0131n\u0131n, sars\u0131lmaz birliyinin n\u00f6vb\u0259ti n\u00fcmayi\u015fin\u0259 \u00e7evril\u0259c\u0259k. \u015eanl\u0131 Q\u0259l\u0259b\u0259mizd\u0259 pay sahibi olan, 44 g\u00fcnl\u00fck m\u00fcharib\u0259 zaman\u0131 b\u00fct\u00fcn imkanlar\u0131 il\u0259 biz\u0259 d\u0259st\u0259k ver\u0259n qarda\u015f \u00f6lk\u0259 erm\u0259ni vandallar\u0131n\u0131n darmada\u011f\u0131n etdiyi Qaraba\u011fda v\u0259 \u015e\u0259rqi Z\u0259ng\u0259zurda apar\u0131lan b\u0259rpa-quruculuq i\u015fl\u0259rind\u0259 d\u0259 yax\u0131ndan i\u015ftirak edir. \u018frazil\u0259rin minalardan t\u0259mizl\u0259nm\u0259sind\u0259, yollar\u0131n \u00e7\u0259kili\u015find\u0259, tunell\u0259rin tikintisind\u0259 t\u00fcrk \u015firk\u0259tl\u0259ri \u00e7ox \u00f6n\u0259mli rol oynay\u0131rlar. El\u0259 a\u00e7\u0131l\u0131\u015f\u0131 edil\u0259c\u0259k Z\u0259ngilan Beyn\u0259lxalq Hava Liman\u0131n\u0131n, \u00f6t\u0259n il istifad\u0259y\u0259 verilmi\u015f F\u00fczuli aeroportunun tikintisind\u0259 d\u0259 t\u00fcrkiy\u0259li qarda\u015flar\u0131m\u0131z biziml\u0259 birlikd\u0259 i\u015ftirak edibl\u0259r.<\/p>\n<p>Z\u0259ngilan Beyn\u0259lxalq Hava Liman\u0131n\u0131n t\u0259m\u0259li Az\u0259rbaycan Prezidenti \u0130lham \u018fliyev t\u0259r\u0259find\u0259n 2021-ci il aprelin 26-da qoyulub. T\u0259m\u0259lqoyma m\u0259rasimi d\u00f6vl\u0259timizin ba\u015f\u00e7\u0131s\u0131n\u0131n, h\u0259m\u00e7inin birinci xan\u0131m Mehriban \u018fliyevan\u0131n v\u0259 q\u0131zlar\u0131 Leyla \u018fliyevan\u0131n C\u0259bray\u0131l v\u0259 Z\u0259ngilan rayonlar\u0131na s\u0259f\u0259rl\u0259ri \u00e7\u0259r\u00e7iv\u0259sind\u0259 ba\u015f tutub. May ay\u0131ndan is\u0259 Az\u0259rbaycan Respublikas\u0131n\u0131n Minat\u0259mizl\u0259m\u0259 Agentliyi (ANAMA) t\u0259r\u0259find\u0259n \u0259razinin minalardan, partlamam\u0131\u015f h\u0259rbi sursatlardan t\u0259mizl\u0259nm\u0259sin\u0259 start verilib. Paralel olaraq t\u0259mizl\u0259nmi\u015f sah\u0259l\u0259rd\u0259 uzunlu\u011fu 3 kilometr, eni 60 metr olan u\u00e7u\u015f-enm\u0259 zola\u011f\u0131n\u0131n torpaq yata\u011f\u0131n\u0131n qaz\u0131nt\u0131s\u0131na da ba\u015flan\u0131l\u0131b v\u0259 bununla da \u0259n m\u00fcasir t\u0259l\u0259bl\u0259r\u0259 cavab ver\u0259n beyn\u0259lxalq hava liman\u0131n\u0131n tikintisi geni\u015f v\u00fcs\u0259tl\u0259 davam etdirilib.<\/p>\n<p>Z\u0259ngilan aeroportunun tikintisinin apar\u0131lmas\u0131 il\u0259 paralel hava liman\u0131na naviqasiya t\u0259minat\u0131 \u00fc\u00e7\u00fcn laz\u0131mi m\u00fch\u00fcm beyn\u0259lxalq kodlar v\u0259 ICAO, EUROCONTROL, IATA \u00e7a\u011f\u0131r\u0131\u015f siqnallar\u0131 t\u0259yin edilib. Bel\u0259 ki, bu kodlar v\u0259 radiotezlikl\u0259r hava h\u0259r\u0259k\u0259tin\u0259 xidm\u0259tin t\u0259min edilm\u0259si, aviasiya meteoroloji m\u0259lumat\u0131n\u0131n yay\u0131mlanmas\u0131, rabit\u0259, naviqasiya, radiolokasiya v\u0259 dig\u0259r sisteml\u0259rin istismara verilm\u0259si \u00fc\u00e7\u00fcn z\u0259ruridir. Bunun say\u0259sind\u0259 naviqasiya avadanl\u0131\u011f\u0131n\u0131n beyn\u0259lxalq sistem\u0259 inteqrasiyas\u0131, m\u00fcvafiq olaraq beyn\u0259lxalq u\u00e7u\u015flar\u0131n t\u0259hl\u00fck\u0259sizliyi v\u0259 yerin\u0259 yetirilm\u0259 m\u00fcnt\u0259z\u0259mliyi t\u0259min edilir. Hava liman\u0131 u\u00e7u\u015flar\u0131n aeronaviqasiya t\u0259minat\u0131 \u00fczr\u0259 radiotexniki avadanl\u0131qla tam t\u0259chiz edilib. Bundan ba\u015fqa, aeroportda CVOR\/DME bucaq\u00f6l\u00e7\u0259n v\u0259 uzaqm\u0259saf\u0259li radionaviqasiya avadanl\u0131\u011f\u0131, u\u00e7u\u015f-enm\u0259 zola\u011f\u0131nda m\u00fc\u015fahid\u0259ni t\u0259min etm\u0259k m\u0259qs\u0259dil\u0259 avtomatla\u015fd\u0131r\u0131lm\u0131\u015f aviasiya meteoroloji sistemi (AWOS), ICAO CAT II kateqoriyas\u0131 \u00fczr\u0259 u\u00e7u\u015flar\u0131n t\u0259hl\u00fck\u0259sizliyini t\u0259min ed\u0259n aerodrom i\u015f\u0131q siqnal\u0131 avadanl\u0131\u011f\u0131 v\u0259 u\u00e7u\u015f-enm\u0259 zola\u011f\u0131n\u0131n h\u0259r iki istiqam\u0259tind\u0259 cihazlar \u00fczr\u0259 enm\u0259y\u0259 daxilolma sisteml\u0259ri qura\u015fd\u0131r\u0131l\u0131b. H\u0259m\u00e7inin avtomatla\u015fd\u0131r\u0131lm\u0131\u015f hava h\u0259r\u0259k\u0259tini idar\u0259etm\u0259 (HH\u0130) sisteml\u0259ri, aviasiya yer\u00fcst\u00fc v\u0259 hava rabit\u0259si vasit\u0259l\u0259ri, h\u0259m\u00e7inin dispet\u00e7er dan\u0131\u015f\u0131qlar\u0131n\u0131n qeydiyyat\u0131 il\u0259 t\u0259chiz olunmu\u015f HH\u0130 q\u00fcll\u0259si in\u015fa edilib, birinci v\u0259 ikinci d\u0259r\u0259c\u0259li PSR\/SSR kanal\u0131n\u0131n radiolokasiya stansiyas\u0131 qura\u015fd\u0131r\u0131l\u0131b, hava liman\u0131n\u0131n elektrik t\u0259minat\u0131 yar\u0131mstansiyalar\u0131 da in\u015fa edilib. 2022-ci il yanvar ay\u0131n\u0131n sonlar\u0131nda Beyn\u0259lxalq M\u00fclki Aviasiya T\u0259\u015fkilat\u0131ndan (ICAO) d\u00f6rdh\u0259rfli UBBZ, iyul ay\u0131n\u0131n 25-d\u0259 is\u0259 Beyn\u0259lxalq Hava N\u0259qliyyat\u0131 Assosiasiyas\u0131n\u0131n s\u0259rni\u015fin da\u015f\u0131malar\u0131na dair konfrans\u0131nda (IATA Passenger Services Conference) q\u0259bul olunmu\u015f q\u0259tnam\u0259 il\u0259 \u00fc\u00e7h\u0259rfli ZZE kodlar\u0131 alan hava liman\u0131 saatda 200 s\u0259rni\u015fin \u00fc\u00e7\u00fcn n\u0259z\u0259rd\u0259 tutulub v\u0259 perronda 8 \u0259d\u0259d hava g\u0259misinin dayanmas\u0131 m\u00fcmk\u00fcn olacaq. Terminal daxilind\u0259 avadanl\u0131q v\u0259 materiallar \u0130taliya, Almaniya v\u0259 T\u00fcrkiy\u0259d\u0259n g\u0259tirilm\u0259kl\u0259 VIP zallar, kafel\u0259r, tibb xidm\u0259ti v\u0259 ofis otaqlar\u0131 yarad\u0131l\u0131b. Z\u0259ngilan Beyn\u0259lxalq Hava Liman\u0131 u\u00e7u\u015f k\u00fctl\u0259si 400 tona q\u0259d\u0259r olan t\u0259yyar\u0259l\u0259ri q\u0259bul ed\u0259 bil\u0259c\u0259k. 2022-ci il sentyabr\u0131n 9-da \u201cAz\u0259rbaycan Hava Yollar\u0131\u201dn\u0131n (AZAL) \u0259n b\u00f6y\u00fck s\u0259rni\u015fin t\u0259yyar\u0259si olan \u201cAirbus A340-500\u201d ilk texniki u\u00e7u\u015funu m\u00fcv\u0259ff\u0259qiyy\u0259tl\u0259 yerin\u0259 yetirib v\u0259 Z\u0259ngilan Beyn\u0259lxalq Hava Liman\u0131ndak\u0131 yeni u\u00e7u\u015f-enm\u0259 zola\u011f\u0131na eni\u015f edib. N\u0259h\u0259ng s\u0259rni\u015fin t\u0259yyar\u0259sind\u0259 Bak\u0131-Z\u0259ngilan mar\u015frutu \u00fczr\u0259 u\u00e7u\u015f m\u00fcdd\u0259ti t\u0259qrib\u0259n 45 d\u0259qiq\u0259 t\u0259\u015fkil edib.<\/p>\n<p>Strateji \u0259h\u0259miyy\u0259t\u0259 malik avtomobil v\u0259 d\u0259mir yollar\u0131n\u0131n ke\u00e7\u0259c\u0259yi \u015e\u0259rqi Z\u0259ng\u0259zur iqtisadi rayonuna daxil olan Z\u0259ngilanda istifad\u0259y\u0259 veril\u0259n hava liman\u0131 b\u0259rpa-quruculuq i\u015fl\u0259rinin daha da s\u00fcr\u0259tl\u0259nm\u0259si v\u0259 regionun inki\u015faf\u0131 bax\u0131m\u0131ndan b\u00f6y\u00fck \u0259h\u0259miyy\u0259t da\u015f\u0131yacaq. Bu, h\u0259m d\u0259 i\u015f\u011faldan azad edilmi\u015f torpaqlar\u0131m\u0131z\u0131n m\u00fch\u00fcm n\u0259qliyyat qov\u015fa\u011f\u0131na \u00e7evrilm\u0259sini \u015f\u0259rtl\u0259ndir\u0259n \u0259sas amill\u0259rd\u0259ndir. H\u0259yata ke\u00e7iril\u0259n bel\u0259 n\u0259h\u0259ng layih\u0259l\u0259r d\u00f6vl\u0259timizin q\u00fcdr\u0259tini b\u00fct\u00fcn d\u00fcnyaya n\u00fcmayi\u015f etdirir.<\/p>\n<p>Bel\u0259likl\u0259, 20 oktyabr yeni bayram g\u00fcn\u00fcm\u00fcz\u0259 \u00e7evrilir. Z\u0259ngilan Beyn\u0259lxalq Hava Liman\u0131n\u0131n a\u00e7\u0131l\u0131\u015f m\u0259rasimind\u0259 qarda\u015f T\u00fcrkiy\u0259 C\u00fcmhuriyy\u0259tinin Prezidenti R\u0259c\u0259b Tayyib \u018frdo\u011fan\u0131n da i\u015ftirak etm\u0259si is\u0259 bizim \u00fc\u00e7\u00fcn ikiqat bayram ab-havas\u0131 yaradacaq.<\/p>\n","protected":false},"excerpt":{"rendered":"<p>T\u00fcrkiy\u0259 Prezidentinin Z\u0259ngilan Beyn\u0259lxalq Hava Liman\u0131n\u0131n a\u00e7\u0131l\u0131\u015f\u0131nda i\u015ftirak\u0131 b\u00fct\u00fcn d\u00fcnyaya bir mesaj olacaq&#8230; Sabah Az\u0259rbaycan yenid\u0259n bayram \u0259hval-ruhiyy\u0259sin\u0259 b\u00fcr\u00fcn\u0259c\u0259k. \u0130ki b\u00f6y\u00fck hadis\u0259nin sevincini ya\u015fayaca\u011f\u0131q v\u0259 sabahdan etibar\u0259n oktyabr\u0131n 20-si \u0259z\u0259li torpa\u011f\u0131m\u0131z olan Z\u0259ngilan\u0131n i\u015f\u011faldan azad edilm\u0259si il\u0259 yana\u015f\u0131, h\u0259m d\u0259 \u015e\u0259rqi Z\u0259ng\u0259zurda ilk meqalayih\u0259nin u\u011furla realla\u015fd\u0131r\u0131ld\u0131\u011f\u0131, Z\u0259ngilan Beyn\u0259lxalq Hava Liman\u0131n\u0131n a\u00e7\u0131l\u0131\u015f\u0131n\u0131n edildiyi g\u00fcn kimi tarix\u0259 d\u00fc\u015f\u0259c\u0259k. Oktyabr\u0131n 20-i \u015fanl\u0131 tariximizin yeni, daha bir \u015f\u0259r\u0259f dolu, q\u00fcrur ver\u0259n s\u0259hif\u0259sin\u0259 \u00e7evrilir. Oktyabr\u0131n 20-si x\u0259yallar\u0131m\u0131z\u0131n ger\u00e7\u0259k oldu\u011fu, xalq\u0131m\u0131z\u0131n v\u0259 d\u00f6vl\u0259timizin q\u00fcdr\u0259tinin dosta-d\u00fc\u015fm\u0259n\u0259 bir daha n\u00fcmayi\u015f etdirildiyi, dostlar\u0131n sevinib q\u00fcrurland\u0131\u011f\u0131, d\u00fc\u015fm\u0259nl\u0259rin pax\u0131ll\u0131qdan \u00e7atlay\u0131b-partlad\u0131\u011f\u0131 g\u00fcnl\u0259rd\u0259n&hellip;<\/p>\n","protected":false},"author":2,"featured_media":525046,"comment_status":"closed","ping_status":"closed","sticky":false,"template":"","format":"standard","meta":{"om_disable_all_campaigns":false,"_monsterinsights_skip_tracking":false,"_monsterinsights_sitenote_active":false,"_monsterinsights_sitenote_note":"","_monsterinsights_sitenote_category":0},"categories":[19],"tags":[],"aioseo_notices":[],"gutentor_comment":0,"rttpg_featured_image_url":{"full":["https:\/\/arantv.az\/wp-content\/uploads\/2022\/10\/b98249b3166006017683937741910199907.jpg",975,540,false],"landscape":["https:\/\/arantv.az\/wp-content\/uploads\/2022\/10\/b98249b3166006017683937741910199907.jpg",975,540,false],"portraits":["https:\/\/arantv.az\/wp-content\/uploads\/2022\/10\/b98249b3166006017683937741910199907.jpg",975,540,false],"thumbnail":["https:\/\/arantv.az\/wp-content\/uploads\/2022\/10\/b98249b3166006017683937741910199907-500x280.jpg",500,280,true],"medium":["https:\/\/arantv.az\/wp-content\/uploads\/2022\/10\/b98249b3166006017683937741910199907-660x365.jpg",660,365,true],"large":["https:\/\/arantv.az\/wp-content\/uploads\/2022\/10\/b98249b3166006017683937741910199907-840x465.jpg",640,354,true],"1536x1536":["https:\/\/arantv.az\/wp-content\/uploads\/2022\/10\/b98249b3166006017683937741910199907.jpg",975,540,false],"2048x2048":["https:\/\/arantv.az\/wp-content\/uploads\/2022\/10\/b98249b3166006017683937741910199907.jpg",975,540,false],"post-thumbnail":["https:\/\/arantv.az\/wp-content\/uploads\/2022\/10\/b98249b3166006017683937741910199907-240x172.jpg",240,172,true],"advps-thumb-one":["https:\/\/arantv.az\/wp-content\/uploads\/2022\/10\/b98249b3166006017683937741910199907.jpg",975,540,false]},"rttpg_author":{"display_name":"V\u00fcsal Rafiqo\u011flu","author_link":"https:\/\/arantv.az\/?author=2"},"rttpg_comment":0,"rttpg_category":"<a href=\"https:\/\/arantv.az\/?cat=19\" rel=\"category\">G\u00fcnd\u0259m<\/a>","rttpg_excerpt":"T\u00fcrkiy\u0259 Prezidentinin Z\u0259ngilan Beyn\u0259lxalq Hava Liman\u0131n\u0131n a\u00e7\u0131l\u0131\u015f\u0131nda i\u015ftirak\u0131 b\u00fct\u00fcn d\u00fcnyaya bir mesaj olacaq&#8230; Sabah Az\u0259rbaycan yenid\u0259n bayram \u0259hval-ruhiyy\u0259sin\u0259 b\u00fcr\u00fcn\u0259c\u0259k. \u0130ki b\u00f6y\u00fck hadis\u0259nin sevincini ya\u015fayaca\u011f\u0131q v\u0259 sabahdan etibar\u0259n oktyabr\u0131n 20-si \u0259z\u0259li torpa\u011f\u0131m\u0131z olan Z\u0259ngilan\u0131n i\u015f\u011faldan azad edilm\u0259si il\u0259 yana\u015f\u0131, h\u0259m d\u0259 \u015e\u0259rqi Z\u0259ng\u0259zurda ilk meqalayih\u0259nin u\u011furla realla\u015fd\u0131r\u0131ld\u0131\u011f\u0131, Z\u0259ngilan Beyn\u0259lxalq Hava Liman\u0131n\u0131n a\u00e7\u0131l\u0131\u015f\u0131n\u0131n edildiyi g\u00fcn kimi tarix\u0259&hellip;","_links":{"self":[{"href":"https:\/\/arantv.az\/index.php?rest_route=\/wp\/v2\/posts\/525045"}],"collection":[{"href":"https:\/\/arantv.az\/index.php?rest_route=\/wp\/v2\/posts"}],"about":[{"href":"https:\/\/arantv.az\/index.php?rest_route=\/wp\/v2\/types\/post"}],"author":[{"embeddable":true,"href":"https:\/\/arantv.az\/index.php?rest_route=\/wp\/v2\/users\/2"}],"replies":[{"embeddable":true,"href":"https:\/\/arantv.az\/index.php?rest_route=%2Fwp%2Fv2%2Fcomments&post=525045"}],"version-history":[{"count":0,"href":"https:\/\/arantv.az\/index.php?rest_route=\/wp\/v2\/posts\/525045\/revisions"}],"wp:featuredmedia":[{"embeddable":true,"href":"https:\/\/arantv.az\/index.php?rest_route=\/wp\/v2\/media\/525046"}],"wp:attachment":[{"href":"https:\/\/arantv.az\/index.php?rest_route=%2Fwp%2Fv2%2Fmedia&parent=525045"}],"wp:term":[{"taxonomy":"category","embeddable":true,"href":"https:\/\/arantv.az\/index.php?rest_route=%2Fwp%2Fv2%2Fcategories&post=525045"},{"taxonomy":"post_tag","embeddable":true,"href":"https:\/\/arantv.az\/index.php?rest_route=%2Fwp%2Fv2%2Ftags&post=525045"}],"curies":[{"name":"wp","href":"https:\/\/api.w.org\/{rel}","templated":true}]}}