{"id":525048,"date":"2022-10-19T07:08:07","date_gmt":"2022-10-19T04:08:07","guid":{"rendered":"https:\/\/arantv.az\/?p=525048"},"modified":"2022-10-19T07:08:07","modified_gmt":"2022-10-19T04:08:07","slug":"erm%c9%99ni-terroru-turk-diplomatlarina-qarsi-b%c9%99s%c9%99ri-cinay%c9%99tl%c9%99r","status":"publish","type":"post","link":"https:\/\/arantv.az\/?p=525048","title":{"rendered":"Erm\u0259ni terroru: T\u00fcrk diplomatlar\u0131na qar\u015f\u0131 b\u0259\u015f\u0259ri cinay\u0259tl\u0259r"},"content":{"rendered":"<p>Terror, g\u00fcnahs\u0131z insanlara qar\u015f\u0131 a\u011flas\u0131\u011fmaz q\u0259ddarl\u0131q t\u00f6r\u0259tm\u0259k erm\u0259nil\u0259rin \u0259sl xisl\u0259tidir. H\u0259mi\u015f\u0259 g\u00fccl\u00fc \u0259ll\u0259rin-d\u00f6vl\u0259tl\u0259rin ma\u015fas\u0131 rolunu oynayan, \u201cb\u00f6y\u00fck Erm\u0259nistan\u201d yaratmaq x\u00fclyas\u0131 il\u0259 ya\u015fayan erm\u0259ni mill\u0259t\u00e7il\u0259ri b\u00fct\u00f6vl\u00fckd\u0259 t\u00fcrk-m\u00fcs\u0259lman \u0259haliy\u0259 qar\u015f\u0131 y\u00f6n\u0259lmi\u015f soyq\u0131r\u0131m\u0131, terror siyas\u0259ti h\u0259yata ke\u00e7ir\u0259r\u0259k d\u0259h\u015f\u0259tli cinay\u0259tl\u0259r t\u00f6r\u0259dibl\u0259r. Rus tarix\u00e7i alimi Viktor Semyonov 1975-ci ild\u0259 Moskvada n\u0259\u015fr olunan \u201cOrta \u0259srl\u0259r tarixi\u201d kitab\u0131nda yaz\u0131rd\u0131 ki, XI-XIII \u0259srl\u0259rd\u0259 Roma papalar\u0131n\u0131n \u00e7a\u011f\u0131r\u0131\u015f\u0131 il\u0259 \u0130sa pey\u011f\u0259mb\u0259rin q\u0259brinin xilas\u0131 b\u0259han\u0259si il\u0259 t\u00fcrkl\u0259r\u0259 qar\u015f\u0131 s\u0259lib (xa\u00e7) y\u00fcr\u00fc\u015f\u00fcn\u0259 b\u0259l\u0259d\u00e7ilik ed\u0259nl\u0259r, yol g\u00f6st\u0259r\u0259nl\u0259r m\u0259hz erm\u0259nil\u0259r olub.<\/p>\n<p>Yeri g\u0259lmi\u015fk\u0259n, terroru d\u0259st\u0259kl\u0259y\u0259n erm\u0259ni qriqorian kils\u0259sinin y\u00fcz ill\u0259r boyu \u0259sas m\u0259qs\u0259di dini-etnik m\u00fcnaqi\u015f\u0259l\u0259r z\u0259minind\u0259 yaratmaq, t\u00fcrk-m\u00fcs\u0259lman \u0259halisini etnik t\u0259mizl\u0259m\u0259y\u0259 v\u0259 deportasiyaya m\u0259ruz qoymaq olmu\u015fdur. Bu \u015f\u0259r yuvas\u0131 daim xarici havadarlar\u0131n\u0131n k\u00f6m\u0259yi il\u0259 qeyri-m\u00fcs\u0259lmanlara qar\u015f\u0131 dini-etnik d\u00fc\u015fm\u0259n\u00e7iliyin yaranmas\u0131nda x\u00fcsusi canf\u0259\u015fanl\u0131q g\u00f6st\u0259rib. Son iki y\u00fcz il \u0259rzind\u0259 erm\u0259ni qriqorian kils\u0259sinin v\u0259 katalikoslar\u0131n\u0131n t\u0259limat v\u0259 g\u00f6st\u0259ri\u015fl\u0259ri il\u0259 az\u0259rbaycanl\u0131lara v\u0259 t\u00fcrkl\u0259r\u0259 qar\u015f\u0131 x\u00fcsusi q\u0259ddarl\u0131\u011f\u0131 il\u0259 se\u00e7il\u0259n b\u00f6y\u00fck terror aktlar\u0131 t\u00f6r\u0259dilmi\u015f, u\u015faqlar v\u0259 qad\u0131nlar da daxil olmaqla m\u00fclki \u0259hali k\u00fctl\u0259vi q\u0259tliam v\u0259 soyq\u0131r\u0131m\u0131na m\u0259ruz qalm\u0131\u015f, ya\u015fay\u0131\u015f m\u0259sk\u0259nl\u0259ri tarixi abid\u0259l\u0259r m\u0259hv edilmi\u015f, m\u0259scidl\u0259r yand\u0131r\u0131lm\u0131\u015f, t\u0259hqir olunmu\u015fdur.<\/p>\n<p>Birinci D\u00fcnya m\u00fcharib\u0259si v\u0259 Az\u0259rbaycan Demokratik Respublikas\u0131n\u0131n devrilm\u0259sind\u0259n sonra T\u00fcrkiy\u0259 v\u0259 Az\u0259rbaycan\u0131n ictimai-siyasi xadiml\u0259rinin q\u0259tli erm\u0259ni mill\u0259t\u00e7i-terror\u00e7u t\u0259\u015fkilat\u0131 \u201cDa\u015fnaks\u00fctyun\u201dun \u0259sas v\u0259zif\u0259l\u0259rind\u0259n biri oldu. Bu m\u0259qs\u0259dl\u0259 1919-cu ild\u0259 Yerevanda \u201cDa\u015fnaks\u00fctyun\u201dun IX qurultay\u0131nda \u0259sl ad\u0131 Qaregin Pastermacyan olan Armen Qaronun r\u0259hb\u0259rliyi alt\u0131nda \u201cNemesis\u201d (\u201cC\u0259za\u201d) x\u00fcsusi terror t\u0259\u015fkilat\u0131n\u0131n aksiyas\u0131n\u0131n ba\u015flanmas\u0131 haqq\u0131nda q\u0259rar q\u0259bul edilmi\u015fdi. O, Osmanl\u0131 parlamentinin ke\u00e7mi\u015f deputat\u0131 idi v\u0259 Birinci D\u00fcnya m\u00fcharib\u0259sinin ba\u015flan\u011f\u0131c\u0131nda qa\u00e7\u0131b \u00e7ar Rusiyas\u0131 t\u0259r\u0259f\u0259 ke\u00e7mi\u015fdi. \u201cNemesis\u201d \u0259m\u0259liyyatlar\u0131n\u0131n koordinatoru Amerikada ya\u015fayan, sonradan Akop Ter-Akopyan olan T\u00fcrkiy\u0259d\u0259n g\u0259lm\u0259 erm\u0259ni \u015eahan Natali idi. Maliyy\u0259, logistika v\u0259 kadrlar\u0131n haz\u0131rlanmas\u0131na Aron Sa\u00e7aklyan cavabdeh idi. \u201cNemesis\u201din siyah\u0131s\u0131na T\u00fcrkiy\u0259 v\u0259 Az\u0259rbaycan\u0131n 650 siyasi v\u0259 d\u00f6vl\u0259t xadiminin ad\u0131 daxil edilmi\u015fdi.<\/p>\n<p>Erm\u0259ni terror t\u0259\u015fkilatlar\u0131 \u00f6t\u0259n \u0259srin 70-80-ci ill\u0259rind\u0259 d\u00fcnyan\u0131n m\u00fcxt\u0259lif \u00f6lk\u0259l\u0259rind\u0259 t\u00fcrk diplomatlar\u0131na qar\u015f\u0131 terror aktlar\u0131 t\u00f6r\u0259dibl\u0259r. Ba\u015fda ASALA olmaqla erm\u0259ni terror t\u0259\u015fkilatlar\u0131n\u0131n 1973-1984-c\u00fc ill\u0259rd\u0259 d\u00fcnyan\u0131n m\u00fcxt\u0259lif \u00f6lk\u0259l\u0259rind\u0259 t\u00f6r\u0259tdikl\u0259ri 23 terror aktlar\u0131 n\u0259tic\u0259sind\u0259 31 t\u00fcrk diplomat\u0131 q\u0259tl\u0259 yetirlib, onlarla insan yaralan\u0131b. XX \u0259srin \u0259vv\u0259l\u0259rind\u0259 T\u00fcrkiy\u0259 v\u0259 Az\u0259rbaycanda h\u0259dsiz sayda g\u00fcnahs\u0131z insan\u0131 q\u0259tl\u0259 yetir\u0259n erm\u0259ni terror\u00e7ular\u0131 sonrak\u0131 onillikl\u0259rd\u0259 d\u0259 d\u00fcnyan\u0131n m\u00fcxt\u0259lif \u00f6lk\u0259l\u0259rind\u0259 qanl\u0131 cinay\u0259tl\u0259ri davam etdiribl\u0259r. Bu terror dal\u011fas\u0131 Vyanadan da yan ke\u00e7m\u0259yib. 1975-ci il oktyabr\u0131n 22-d\u0259 T\u00fcrkiy\u0259nin Avstriyadak\u0131 s\u0259firi H\u00fcseyin Dan\u0131\u015f Tunal\u0131gil i\u015f kabinetind\u0259 ASALA-n\u0131n \u00fc\u00e7 terror\u00e7usu t\u0259r\u0259find\u0259n q\u0259tl\u0259 yetirilib. BMT-nin Vyana b\u00f6lm\u0259sind\u0259 \u00e7al\u0131\u015fan Evner Erg\u00fcn v\u0259 T\u00fcrkiy\u0259 s\u0259firliyinin \u0259m\u0259kda\u015f\u0131 Erdo\u011fan \u00d6zen m\u00fcxt\u0259lif ill\u0259rd\u0259 t\u00f6r\u0259dilmi\u015f sui-q\u0259sdl\u0259rin qurban\u0131 olublar.<\/p>\n<p>\u00d6t\u0259n \u0259srin 70-ci ill\u0259rind\u0259 ASALA-n\u0131n \u00e7oxsayl\u0131 erm\u0259ni terror qruplar\u0131 yarad\u0131ld\u0131: \u201cErm\u0259ni azadl\u0131q c\u0259bh\u0259si\u201d (1979-cu il), \u201cErm\u0259ni azadl\u0131q h\u0259r\u0259kat\u0131\u201d (1981-ci il), \u201cOrli\u201d (1981-ci il), \u201c\u0130ntihar ed\u0259nl\u0259rin eskadronu\u201d (1981-ci il), \u201c9 \u0130yun\u201d (1991-ci il), \u201cErm\u0259ni birliyi\u201d (1988-ci il), \u201cG\u0259nc erm\u0259nil\u0259r ittifaq\u0131\u201d (1990-c\u0131 il). Bundan ba\u015fqa, ASALA terror t\u0259\u015fkilat\u0131 qanl\u0131 aksiyalar\u0131n\u0131 tez-tez \u201cOrli\u201d v\u0259 \u201c3 oktyabr\u201d qruplar\u0131 ad\u0131ndan h\u0259yata ke\u00e7irirdi. \u018fvv\u0259lc\u0259 bu t\u0259\u015fkilatlar\u0131n h\u0259ml\u0259l\u0259rinin obyekti t\u00fcrk diplomatlar\u0131 idi. Sonradan onlar T\u00fcrkiy\u0259 il\u0259 dost m\u00fcnasib\u0259tind\u0259 olan v\u0259 ASALA-n\u0131n d\u00f6y\u00fc\u015f\u00e7\u00fcl\u0259rini h\u0259bs ed\u0259n d\u00f6vl\u0259tl\u0259rin v\u0259t\u0259nda\u015flar\u0131na v\u0259 n\u00fcmay\u0259nd\u0259l\u0259rin\u0259 qar\u015f\u0131 \u00e7oxsayl\u0131 h\u00fccumlar edirl\u0259r. Qaraba\u011f m\u00fcnaqi\u015f\u0259sinin g\u0259rginl\u0259\u015fdiyi d\u00f6vrd\u0259 onlar b\u00f6lg\u0259y\u0259 silah \u00e7atd\u0131r\u0131lmas\u0131 v\u0259 muzdlular\u0131n c\u0259lb olunmas\u0131 il\u0259 m\u0259\u015f\u011ful olaraq h\u0259m\u00e7inin Da\u011fl\u0131q Qaraba\u011fda etnik az\u0259rbaycanl\u0131lara qar\u015f\u0131 \u00e7oxsayl\u0131 h\u00fccumlar t\u0259\u015fkil edirdil\u0259r.<\/p>\n<p>\u00dcmumilikd\u0259 1975 \u2013 1985-ci ill\u0259r \u0259rzind\u0259 d\u00fcnyan\u0131n 21 \u00f6lk\u0259sinin 38 \u015f\u0259h\u0259rind\u0259 ASALA-n\u0131n terror qrupla\u015fmalar\u0131 t\u0259r\u0259find\u0259n 200-d\u0259k terror akt\u0131 h\u0259yata ke\u00e7irilmi\u015fdi. Onlardan 39-u silahl\u0131 h\u00fccum, 70-d\u0259n \u00e7oxu bomba partlay\u0131\u015f\u0131 il\u0259 m\u00fc\u015fayi\u0259t olunmu\u015fdu. Amans\u0131zcas\u0131na t\u00f6r\u0259dilmi\u015f bu terror aktlar\u0131 n\u0259tic\u0259sind\u0259 42 t\u00fcrk diplomat\u0131 v\u0259 dig\u0259r d\u00f6vl\u0259tl\u0259rin 4 diplomat\u0131 \u00f6ld\u00fcr\u00fclm\u00fc\u015fd\u00fc, h\u0259m\u00e7inin 15 T\u00fcrkiy\u0259 v\u0259t\u0259nda\u015f\u0131 v\u0259 dig\u0259r d\u00f6vl\u0259tl\u0259rin 66 v\u0259t\u0259nda\u015f\u0131 m\u00fcxt\u0259lif a\u011f\u0131rl\u0131q d\u0259r\u0259c\u0259sind\u0259 yaralanm\u0131\u015fd\u0131lar. 1973-c\u00fc il yanvar\u0131n 7-d\u0259 T\u00fcrkiy\u0259nin Los-Ancelesd\u0259ki ba\u015f konsulu Mehmet Baydar v\u0259 bu \u015f\u0259h\u0259rd\u0259ki konsulu Bahad\u0131r D\u0259mir erm\u0259ni terror\u00e7u Qurgen Yanukyan t\u0259r\u0259find\u0259n q\u0259tl\u0259 yetirilmi\u015fl\u0259r.<\/p>\n<p>Bundan ba\u015fqa, erm\u0259ni terror\u00e7ular\u0131 t\u0259r\u0259find\u0259n h\u0259yata ke\u00e7iril\u0259n sui-q\u0259sdl\u0259r zaman\u0131 1991-ci v\u0259 1994-c\u00fc ill\u0259rd\u0259 T\u00fcrkiy\u0259nin Yunan\u0131standak\u0131 s\u0259firliyinin \u0259m\u0259kda\u015flar\u0131 \u00c7etin G\u00f6rg\u00fc v\u0259 \u00d6mer Haluk Sipahio\u011flu, 1993-c\u00fc ild\u0259 \u0130raqdak\u0131 s\u0259firliyinin atta\u015fesi \u00c7a\u011flar Y\u00fccel, 2004-c\u00fc ild\u0259 Mosuldak\u0131 ba\u015f konsullu\u011funun atta\u015fel\u0259ri Nihat Akba\u015f, Bilal Urgen, Adem \u00c7i\u00e7ek, B\u00fclent K\u0131ran\u015fal v\u0259 S\u00fcleyman Karahasano\u011flu, 2013-c\u00fc ild\u0259 T\u00fcrkiy\u0259nin Somalid\u0259ki s\u0259firliyinin \u0259m\u0259kda\u015f\u0131 Sinan Y\u0131lmaz v\u0259 bu il \u018frbild\u0259ki ba\u015f konsullu\u011funun \u0259m\u0259kda\u015f\u0131 Osman K\u00f6se q\u0259tl\u0259 yetirilibl\u0259r. Bu sui-q\u0259sdl\u0259rin \u0259ks\u0259riyy\u0259ti ASALA v\u0259 JCAG terror t\u0259\u015fkilatlar\u0131 t\u0259r\u0259find\u0259n h\u0259yata ke\u00e7irilib.<\/p>\n<p>\u00c7ox t\u0259\u0259ss\u00fcf ki, haz\u0131rda t\u0259cav\u00fczkar Erm\u0259nistan h\u00f6kum\u0259tinin q\u0131z\u0131\u015fd\u0131r\u0131c\u0131, aqressiv m\u00f6vqeyind\u0259n ruhlanan erm\u0259ni terror t\u0259\u015fkilatlar\u0131 Az\u0259rbaycan\u0131n v\u0259 T\u00fcrkiy\u0259nin xarici \u00f6lk\u0259l\u0259rd\u0259ki diplomatik missiyalar\u0131n\u0131, v\u0259t\u0259nda\u015flar\u0131n\u0131 h\u0259d\u0259f\u0259 g\u00f6t\u00fcrm\u0259kl\u0259 h\u0259d\u0259l\u0259yirl\u0259r. T\u0259bii ki, bu g\u00fcn Az\u0259rbaycan\u0131n s\u0259firlikl\u0259rin\u0259 basq\u0131n, AB\u015e-da s\u0259firiliyimizin xidm\u0259ti avtomobilinin g\u00fcll\u0259l\u0259nm\u0259si erm\u0259ni mill\u0259t\u00e7i t\u0259\u015fkilatlar\u0131n\u0131n diplomatlara qar\u015f\u0131 terror siyas\u0259tinin davam\u0131d\u0131r.<\/p>\n<p>N\u0259hay\u0259t, bu g\u00fcn beyn\u0259lxalq terrorizm\u0259 qar\u015f\u0131 f\u0259al m\u00fcbariz\u0259 aparan d\u00fcnya birliyi erm\u0259ni terroru t\u0259hl\u00fck\u0259sin\u0259 daha ciddi yana\u015fmal\u0131, onlara qar\u015f\u0131 \u0259n s\u0259rt c\u0259za t\u0259dbirl\u0259ri g\u00f6rm\u0259lidirl\u0259r ki, yenid\u0259n b\u0259\u015f\u0259ri cinay\u0259tl\u0259r ba\u015f verm\u0259sin, g\u00fcnahs\u0131z insan faci\u0259l\u0259ri t\u0259krarlanmas\u0131n.<\/p>\n","protected":false},"excerpt":{"rendered":"<p>Terror, g\u00fcnahs\u0131z insanlara qar\u015f\u0131 a\u011flas\u0131\u011fmaz q\u0259ddarl\u0131q t\u00f6r\u0259tm\u0259k erm\u0259nil\u0259rin \u0259sl xisl\u0259tidir. H\u0259mi\u015f\u0259 g\u00fccl\u00fc \u0259ll\u0259rin-d\u00f6vl\u0259tl\u0259rin ma\u015fas\u0131 rolunu oynayan, \u201cb\u00f6y\u00fck Erm\u0259nistan\u201d yaratmaq x\u00fclyas\u0131 il\u0259 ya\u015fayan erm\u0259ni mill\u0259t\u00e7il\u0259ri b\u00fct\u00f6vl\u00fckd\u0259 t\u00fcrk-m\u00fcs\u0259lman \u0259haliy\u0259 qar\u015f\u0131 y\u00f6n\u0259lmi\u015f soyq\u0131r\u0131m\u0131, terror siyas\u0259ti h\u0259yata ke\u00e7ir\u0259r\u0259k d\u0259h\u015f\u0259tli cinay\u0259tl\u0259r t\u00f6r\u0259dibl\u0259r. Rus tarix\u00e7i alimi Viktor Semyonov 1975-ci ild\u0259 Moskvada n\u0259\u015fr olunan \u201cOrta \u0259srl\u0259r tarixi\u201d kitab\u0131nda yaz\u0131rd\u0131 ki, XI-XIII \u0259srl\u0259rd\u0259 Roma papalar\u0131n\u0131n \u00e7a\u011f\u0131r\u0131\u015f\u0131 il\u0259 \u0130sa pey\u011f\u0259mb\u0259rin q\u0259brinin xilas\u0131 b\u0259han\u0259si il\u0259 t\u00fcrkl\u0259r\u0259 qar\u015f\u0131 s\u0259lib (xa\u00e7) y\u00fcr\u00fc\u015f\u00fcn\u0259 b\u0259l\u0259d\u00e7ilik ed\u0259nl\u0259r, yol g\u00f6st\u0259r\u0259nl\u0259r m\u0259hz erm\u0259nil\u0259r olub. Yeri g\u0259lmi\u015fk\u0259n, terroru d\u0259st\u0259kl\u0259y\u0259n erm\u0259ni qriqorian kils\u0259sinin y\u00fcz ill\u0259r boyu \u0259sas m\u0259qs\u0259di dini-etnik&hellip;<\/p>\n","protected":false},"author":2,"featured_media":525049,"comment_status":"closed","ping_status":"closed","sticky":false,"template":"","format":"standard","meta":{"om_disable_all_campaigns":false,"_monsterinsights_skip_tracking":false,"_monsterinsights_sitenote_active":false,"_monsterinsights_sitenote_note":"","_monsterinsights_sitenote_category":0},"categories":[1],"tags":[],"aioseo_notices":[],"gutentor_comment":0,"rttpg_featured_image_url":{"full":["https:\/\/arantv.az\/wp-content\/uploads\/2022\/10\/6e663298159177288542158375010641259.jpg",975,540,false],"landscape":["https:\/\/arantv.az\/wp-content\/uploads\/2022\/10\/6e663298159177288542158375010641259.jpg",975,540,false],"portraits":["https:\/\/arantv.az\/wp-content\/uploads\/2022\/10\/6e663298159177288542158375010641259.jpg",975,540,false],"thumbnail":["https:\/\/arantv.az\/wp-content\/uploads\/2022\/10\/6e663298159177288542158375010641259-500x280.jpg",500,280,true],"medium":["https:\/\/arantv.az\/wp-content\/uploads\/2022\/10\/6e663298159177288542158375010641259-660x365.jpg",660,365,true],"large":["https:\/\/arantv.az\/wp-content\/uploads\/2022\/10\/6e663298159177288542158375010641259-840x465.jpg",640,354,true],"1536x1536":["https:\/\/arantv.az\/wp-content\/uploads\/2022\/10\/6e663298159177288542158375010641259.jpg",975,540,false],"2048x2048":["https:\/\/arantv.az\/wp-content\/uploads\/2022\/10\/6e663298159177288542158375010641259.jpg",975,540,false],"post-thumbnail":["https:\/\/arantv.az\/wp-content\/uploads\/2022\/10\/6e663298159177288542158375010641259-240x172.jpg",240,172,true],"advps-thumb-one":["https:\/\/arantv.az\/wp-content\/uploads\/2022\/10\/6e663298159177288542158375010641259.jpg",975,540,false]},"rttpg_author":{"display_name":"V\u00fcsal Rafiqo\u011flu","author_link":"https:\/\/arantv.az\/?author=2"},"rttpg_comment":0,"rttpg_category":"<a href=\"https:\/\/arantv.az\/?cat=1\" rel=\"category\">C\u0259miyy\u0259t<\/a>","rttpg_excerpt":"Terror, g\u00fcnahs\u0131z insanlara qar\u015f\u0131 a\u011flas\u0131\u011fmaz q\u0259ddarl\u0131q t\u00f6r\u0259tm\u0259k erm\u0259nil\u0259rin \u0259sl xisl\u0259tidir. H\u0259mi\u015f\u0259 g\u00fccl\u00fc \u0259ll\u0259rin-d\u00f6vl\u0259tl\u0259rin ma\u015fas\u0131 rolunu oynayan, \u201cb\u00f6y\u00fck Erm\u0259nistan\u201d yaratmaq x\u00fclyas\u0131 il\u0259 ya\u015fayan erm\u0259ni mill\u0259t\u00e7il\u0259ri b\u00fct\u00f6vl\u00fckd\u0259 t\u00fcrk-m\u00fcs\u0259lman \u0259haliy\u0259 qar\u015f\u0131 y\u00f6n\u0259lmi\u015f soyq\u0131r\u0131m\u0131, terror siyas\u0259ti h\u0259yata ke\u00e7ir\u0259r\u0259k d\u0259h\u015f\u0259tli cinay\u0259tl\u0259r t\u00f6r\u0259dibl\u0259r. Rus tarix\u00e7i alimi Viktor Semyonov 1975-ci ild\u0259 Moskvada n\u0259\u015fr olunan \u201cOrta \u0259srl\u0259r tarixi\u201d kitab\u0131nda yaz\u0131rd\u0131 ki, XI-XIII \u0259srl\u0259rd\u0259&hellip;","_links":{"self":[{"href":"https:\/\/arantv.az\/index.php?rest_route=\/wp\/v2\/posts\/525048"}],"collection":[{"href":"https:\/\/arantv.az\/index.php?rest_route=\/wp\/v2\/posts"}],"about":[{"href":"https:\/\/arantv.az\/index.php?rest_route=\/wp\/v2\/types\/post"}],"author":[{"embeddable":true,"href":"https:\/\/arantv.az\/index.php?rest_route=\/wp\/v2\/users\/2"}],"replies":[{"embeddable":true,"href":"https:\/\/arantv.az\/index.php?rest_route=%2Fwp%2Fv2%2Fcomments&post=525048"}],"version-history":[{"count":0,"href":"https:\/\/arantv.az\/index.php?rest_route=\/wp\/v2\/posts\/525048\/revisions"}],"wp:featuredmedia":[{"embeddable":true,"href":"https:\/\/arantv.az\/index.php?rest_route=\/wp\/v2\/media\/525049"}],"wp:attachment":[{"href":"https:\/\/arantv.az\/index.php?rest_route=%2Fwp%2Fv2%2Fmedia&parent=525048"}],"wp:term":[{"taxonomy":"category","embeddable":true,"href":"https:\/\/arantv.az\/index.php?rest_route=%2Fwp%2Fv2%2Fcategories&post=525048"},{"taxonomy":"post_tag","embeddable":true,"href":"https:\/\/arantv.az\/index.php?rest_route=%2Fwp%2Fv2%2Ftags&post=525048"}],"curies":[{"name":"wp","href":"https:\/\/api.w.org\/{rel}","templated":true}]}}