{"id":525093,"date":"2022-10-19T07:44:22","date_gmt":"2022-10-19T04:44:22","guid":{"rendered":"https:\/\/arantv.az\/?p=525093"},"modified":"2022-10-19T07:44:22","modified_gmt":"2022-10-19T04:44:22","slug":"turkdilli-dovl%c9%99tl%c9%99rin-dini-liderl%c9%99ri-bakiya-toplasir","status":"publish","type":"post","link":"https:\/\/arantv.az\/?p=525093","title":{"rendered":"T\u00fcrkdilli d\u00f6vl\u0259tl\u0259rin dini liderl\u0259ri Bak\u0131ya topla\u015f\u0131r"},"content":{"rendered":"<h3><strong>Yeni \u015eu\u015fa B\u0259yannam\u0259si imzalanacaq<\/strong><\/h3>\n<p><strong>Bu h\u0259ft\u0259 Az\u0259rbaycanda T\u00fcrk D\u00f6vl\u0259tl\u0259ri T\u0259\u015fkilat\u0131n\u0131n (TDT) m\u00fcs\u0259lman dini liderl\u0259rinin t\u00fcrk-\u0130slam d\u00fcnyas\u0131n\u0131n m\u0259ram v\u0259 amallar\u0131na xidm\u0259t ed\u0259n g\u00f6r\u00fc\u015fl\u0259ri ke\u00e7iril\u0259c\u0259k. Bu bar\u0259d\u0259 Qafqaz M\u00fcs\u0259lmanlar\u0131 \u0130dar\u0259sinin m\u0259tbuat xidm\u0259tind\u0259n bildirilib.<\/strong><\/p>\n<p>Qeyd olunub ki, 19-21 oktyabrda Az\u0259rbaycan T\u00fcrk D\u00f6vl\u0259tl\u0259ri T\u0259\u015fkilat\u0131n\u0131n m\u00fcs\u0259lman dini liderl\u0259rinin t\u00fcrk-\u0130slam d\u00fcnyas\u0131n\u0131n m\u0259ram v\u0259 amallar\u0131na xidm\u0259t ed\u0259n g\u00f6r\u00fc\u015fl\u0259rin\u0259 v\u0259 m\u0259n\u0259vi birliyinin t\u0259\u015fkilati bax\u0131mdan ger\u00e7\u0259kl\u0259\u015fm\u0259 t\u0259dbirl\u0259rin\u0259 ev sahibliyi ed\u0259c\u0259k. T\u00fcrk D\u00f6vl\u0259tl\u0259ri T\u0259\u015fkilat\u0131n\u0131n M\u00fcs\u0259lman Dini \u0130dar\u0259 r\u0259hb\u0259rl\u0259ri \u015euras\u0131n\u0131n t\u0259sis edilm\u0259si m\u0259ram\u0131 il\u0259 T\u00fcrk D\u00f6vl\u0259tl\u0259ri T\u0259\u015fkilat\u0131n\u0131n Ba\u015f Katibi Ba\u011fdad Amreyev ba\u015fda olmaqla T\u00fcrkiy\u0259 Diyan\u0259t \u0130\u015fl\u0259ri Ba\u015fkan\u0131 \u018fli Erba\u015f, \u00d6zb\u0259kistan M\u00fcftisi Nuriddin Xoliknazarov, Qazax\u0131stan\u0131n Ba\u015f M\u00fcftisi Naur\u0131zbay Taqanul\u0131, Q\u0131r\u011f\u0131z\u0131stan M\u00fcftisi Zamir Rakiyev, T\u00fcrkm\u0259nistan M\u00fcftisi Yalkab Xocaquliyev Az\u0259rbaycanda bir araya g\u0259l\u0259c\u0259kl\u0259r.<\/p>\n<p><strong>T\u00fcrk D\u00f6vl\u0259tl\u0259ri T\u0259\u015fkilat\u0131n\u0131n m\u00fcs\u0259lman dini liderl\u0259rinin daha \u00f6nc\u0259 \u0130stanbulda v\u0259 T\u00fcrk\u00fcstanda g\u00f6r\u00fc\u015fl\u0259rinin ard\u0131nca Bak\u0131da \u00fc\u00e7\u00fcnc\u00fc g\u00f6r\u00fc\u015f\u00fc 19 oktyabrda G\u00fcl\u00fcstan saray\u0131nda ba\u015f tutacaq. T\u00fcrk D\u00f6vl\u0259tl\u0259ri T\u0259\u015fkilat\u0131na \u00fczv \u00f6lk\u0259l\u0259rin r\u0259hb\u0259rl\u0259rinin xeyir-duas\u0131 v\u0259 m\u00fcs\u0259lman dini liderl\u0259rinin yekdil r\u0259yi il\u0259 \u0259rs\u0259y\u0259 g\u0259l\u0259n T\u00fcrk D\u00f6vl\u0259tl\u0259ri T\u0259\u015fkilat\u0131n\u0131n M\u00fcs\u0259lman Dini \u0130dar\u0259 r\u0259hb\u0259rl\u0259ri \u015euras\u0131n\u0131n \u018fsasnam\u0259si oktyabr\u0131n 20-d\u0259 T\u00fcrk d\u00fcnyas\u0131n\u0131n M\u0259d\u0259niyy\u0259t paytaxt\u0131 elan olunmu\u015f \u015eu\u015fada imzalanacaq, Birg\u0259 B\u0259yanat q\u0259bul edil\u0259c\u0259k. Dini liderl\u0259r \u015eu\u015fan\u0131n Yuxar\u0131 G\u00f6vh\u0259ra\u011fa m\u0259scidind\u0259 birg\u0259 namaz q\u0131lacaqlar.<\/strong><\/p>\n<p>Oktyabr\u0131n 21-d\u0259 G\u00fcl\u00fcstan saray\u0131nda T\u00fcrk D\u00f6vl\u0259tl\u0259ri T\u0259\u015fkilat\u0131n\u0131n m\u00fcs\u0259lman dini liderl\u0259ri v\u0259 elm adamlar\u0131 \u201cT\u00fcrk-\u0130slam irsinin z\u0259nginliyi v\u0259 onun zaman\u0131m\u0131z\u0131n aktual probleml\u0259ri qar\u015f\u0131s\u0131nda d\u0259y\u0259ri\u201d m\u00f6vzusunda Beyn\u0259lxalq Konfransda bir araya g\u0259l\u0259c\u0259kl\u0259r. T\u00fcrk co\u011frafiyas\u0131n\u0131n tan\u0131nm\u0131\u015f elm v\u0259 din xadiml\u0259rinin i\u015ftirak etdiyi konfransda T\u00fcrk-\u0130slam sivilizasiyas\u0131n\u0131n perspektivl\u0259rin\u0259 v\u0259 d\u00fcnyada s\u00fclh v\u0259 t\u0259hl\u00fck\u0259sizlik i\u015fin\u0259 t\u00f6hf\u0259l\u0259rin\u0259 dair fikir m\u00fcbadil\u0259si apar\u0131lacaq, qarda\u015f xalqlar\u0131m\u0131z v\u0259 d\u00f6vl\u0259tl\u0259rimizin ortaq m\u0259nafe v\u0259 \u00fcmumi maraqlar\u0131na xidm\u0259t ed\u0259n add\u0131mlar m\u00fczakir\u0259 olunacaq. H\u0259min g\u00fcn dini liderl\u0259r Heyd\u0259r m\u0259scidind\u0259 C\u00fcm\u0259 namaz\u0131 q\u0131lacaqlar. T\u0259dbirl\u0259rd\u0259 TDT-y\u0259 \u00fczv \u00f6lk\u0259l\u0259rin n\u00fcmay\u0259nd\u0259 hey\u0259tl\u0259ri, elm, din, siyasi v\u0259 ictimai xadiml\u0259ri i\u015ftirak ed\u0259c\u0259kl\u0259r.<\/p>\n<p><strong>Bu t\u0259dbirl\u0259rin v\u0259\u00a0 T\u00fcrk D\u00f6vl\u0259tl\u0259ri T\u0259\u015fkilat\u0131na \u00fczv \u00f6lk\u0259l\u0259rin r\u0259hb\u0259rl\u0259rinin xeyir-duas\u0131 v\u0259 m\u00fcs\u0259lman dini liderl\u0259rinin yekdil r\u0259yi il\u0259 \u0259rs\u0259y\u0259 g\u0259l\u0259n T\u00fcrk D\u00f6vl\u0259tl\u0259ri T\u0259\u015fkila<\/strong><strong>t\u0131n\u0131n M\u00fcs\u0259lman Dini \u0130dar\u0259 r\u0259hb\u0259rl\u0259ri \u015euras\u0131n\u0131n \u018fsasnam\u0259sinin v\u0259 birg\u0259 b\u0259yanat\u0131n\u0131n q\u0259bul edilm\u0259sinin, \u00f6z\u00fc d\u0259 \u015eu\u015fada q\u0259bul edilm\u0259sinin hans\u0131 \u0259h\u0259miyy\u0259tl\u0259ri var?<\/strong><\/p>\n<p><strong><img src=\"https:\/\/azertag.az\/files\/galleryphoto\/2019\/1\/1000x669\/15539542732231139168_1000x669.jpg\" alt=\"Az\u0259r H\u0259sr\u0259t: Az\u0259rbaycan Prezidenti v\u0259 Erm\u0259nistan ba\u015f nazirinin Vyana g\u00f6r\u00fc\u015f\u00fc  \u00f6lk\u0259mizin n\u00f6vb\u0259ti diplomatik u\u011furudur - AZ\u018fRTAC\" \/><\/strong><\/p>\n<p><strong>Az\u0259r H\u0259sr\u0259t<\/strong><\/p>\n<p>Siyasi \u015f\u0259rh\u00e7i\u00a0<strong>Az\u0259r H\u0259sr\u0259t<\/strong>\u00a0\u201cYeni M\u00fcsavat\u201da bildirdi ki, Az\u0259rbaycan\u0131n bel\u0259 bir m\u00f6t\u0259b\u0259r t\u0259dbir\u0259 ev sahibliyi etm\u0259si x\u00fcsus\u0259n d\u0259 indiki \u015f\u0259raitd\u0259 \u00f6lk\u0259miz\u0259 \u00e7ox laz\u0131md\u0131r. D\u00f6vl\u0259timizin i\u015f\u011faldan azad edilmi\u015f torpaqlar\u0131n\u0131n \u0259sl sahibinin kim olmas\u0131n\u0131 d\u00fcnyaya g\u00f6st\u0259rm\u0259si bax\u0131m\u0131ndan da bu c\u00fcr t\u0259dbirl\u0259rin \u015eu\u015fada ke\u00e7irilm\u0259si \u0259h\u0259miyy\u0259tli hadis\u0259dir. H\u0259r bir beyn\u0259lxalq s\u0259viyy\u0259li t\u0259dbir q\u0259l\u0259b\u0259mizin tan\u0131d\u0131lmas\u0131, m\u00f6hk\u0259ml\u0259ndirilm\u0259si i\u015fin\u0259 m\u00fcsb\u0259t t\u0259sirini g\u00f6st\u0259rir: \u201c\u0130ndi d\u0259 t\u00fcrk d\u00fcnyas\u0131 dini liderl\u0259rinin bir araya g\u0259lm\u0259si, onlar\u0131n h\u0259m paytaxt Bak\u0131da, h\u0259m d\u0259 m\u0259d\u0259niyy\u0259t paytaxt\u0131m\u0131z \u015eu\u015fada t\u0259dbirl\u0259r ke\u00e7irm\u0259si, birlikd\u0259 namaz q\u0131lmalar\u0131, dini birlik bax\u0131m\u0131ndan da yeni t\u0259m\u0259ll\u0259rin at\u0131lmas\u0131n\u0131n m\u00fch\u00fcm \u0259h\u0259miyy\u0259ti var. Bu, h\u0259m d\u0259 onun g\u00f6st\u0259ricisidir ki, Az\u0259rbaycan sad\u0259c\u0259 olaraq t\u00fcrk d\u00f6vl\u0259tl\u0259rinin m\u0259hz milli-etnik\u00a0 kimlik \u00fcz\u0259rind\u0259 birl\u0259\u015fm\u0259sind\u0259 katalizator rolunu oynam\u0131r, Az\u0259rbaycan h\u0259m d\u0259 m\u00fcs\u0259lman \u00f6lk\u0259l\u0259rinin birl\u0259\u015fm\u0259sind\u0259 katalizator rolunu oynay\u0131r. Az\u0259rbaycanda \u0259vv\u0259ll\u0259r d\u0259 \u00e7ox b\u00f6y\u00fck miqyasda m\u00fcs\u0259lman d\u00f6vl\u0259tl\u0259rinin, \u0130slam \u018fm\u0259kda\u015fl\u0131q T\u0259\u015fkilat\u0131 kimi b\u00f6y\u00fck qurumun t\u0259dbirl\u0259ri ke\u00e7irilib. Az\u0259rbaycan d\u00f6vl\u0259ti h\u0259mi\u015f\u0259 islamda ger\u00e7\u0259k birlik \u00fc\u00e7\u00fcn \u00f6z t\u00f6hf\u0259l\u0259rini verm\u0259y\u0259 \u00e7al\u0131\u015f\u0131b. \u0130ndi is\u0259 T\u00fcrk D\u00f6vl\u0259tl\u0259ri T\u0259\u015fkilat\u0131n\u0131n m\u00fcs\u0259lman dini lidel\u0259rinin birg\u0259 toplant\u0131s\u0131n\u0131 Az\u0259rbaycan\u0131n t\u0259\u015fkil etm\u0259si is\u0259 yeni bir m\u0259rh\u0259l\u0259dir\u201d.<\/p>\n<p><strong>A.H\u0259sr\u0259t qeyd etdi ki, bu m\u0259rh\u0259l\u0259 Az\u0259rbaycan\u0131n t\u00fcrk birliyin\u0259 verdiyi t\u00f6hf\u0259l\u0259ri, eyni zamanda m\u00fcs\u0259lman birliyin\u0259 d\u0259 verm\u0259k imkanlar\u0131n\u0131n \u0259ld\u0259 edilm\u0259si m\u0259rh\u0259l\u0259sidir. Y\u0259ni Az\u0259rbaycan d\u00f6vl\u0259ti strateji d\u00fc\u015f\u00fcn\u0259r\u0259k, daha uza\u011fa baxaraq sad\u0259c\u0259 h\u0259m d\u0259 islam birliyin\u0259 \u0259lav\u0259 t\u00f6hf\u0259l\u0259r verm\u0259kl\u0259 d\u00fcnyada, \u00f6z\u0259llikl\u0259 d\u0259 islam d\u00fcnyas\u0131nda s\u00fclh\u00fcn qarda\u015fl\u0131\u011f\u0131n, birlik v\u0259 b\u0259rab\u0259rliyin daha da m\u00f6hm\u0259kl\u0259nm\u0259sin\u0259 \u00f6z xidm\u0259tini g\u00f6st\u0259rmi\u015f olur:<\/strong>\u00a0\u201cEyni zamanda bu t\u0259dbirin h\u0259m Bak\u0131da, h\u0259m d\u0259 \u015eu\u015fada ke\u00e7irilm\u0259si d\u00fcnyaya da bir mesajd\u0131r. \u015eu\u015fa il\u0259, Qaraba\u011fla ba\u011fl\u0131 mesajd\u0131r ki, bura Az\u0259rbaycan torpa\u011f\u0131d\u0131r, bura beyn\u0259lxalq s\u0259viyy\u0259d\u0259 tan\u0131nan Az\u0259rbaycan torpa\u011f\u0131d\u0131r, bura m\u00fcs\u0259lmanlar\u0131n m\u0259rk\u0259z \u015f\u0259h\u0259rl\u0259rind\u0259n biridir. Odur ki, m\u00fcs\u0259lman dini liderl\u0259rin t\u0259dbirinin \u015eu\u015fada ke\u00e7irilm\u0259sinin indiki \u015f\u0259raitd\u0259 h\u0259m t\u0259bli\u011fat bax\u0131m\u0131ndan da b\u00f6y\u00fck \u0259h\u0259miyy\u0259t k\u0259sb edir\u201d.<\/p>\n<p>Ekspertin s\u00f6zl\u0259rin\u0259 g\u00f6r\u0259, T\u00fcrk D\u00f6vl\u0259tl\u0259ri T\u0259\u015fkilat\u0131n\u0131n M\u00fcs\u0259lman Dini \u0130dar\u0259 r\u0259hb\u0259rl\u0259ri \u015euras\u0131n\u0131n \u018fsasnam\u0259sinin v\u0259 birg\u0259 b\u0259yanat\u0131n\u0131n m\u0259hz \u015eu\u015fada q\u0259bul olunmas\u0131n\u0131n is\u0259 x\u00fcsusi m\u0259nas\u0131 olacaq. Bunu dini-m\u0259n\u0259vi sah\u0259ni \u0259hat\u0259 ed\u0259n \u015eu\u015fa B\u0259yannam\u0259si d\u0259 adland\u0131rmaq olar.<\/p>\n","protected":false},"excerpt":{"rendered":"<p>Yeni \u015eu\u015fa B\u0259yannam\u0259si imzalanacaq Bu h\u0259ft\u0259 Az\u0259rbaycanda T\u00fcrk D\u00f6vl\u0259tl\u0259ri T\u0259\u015fkilat\u0131n\u0131n (TDT) m\u00fcs\u0259lman dini liderl\u0259rinin t\u00fcrk-\u0130slam d\u00fcnyas\u0131n\u0131n m\u0259ram v\u0259 amallar\u0131na xidm\u0259t ed\u0259n g\u00f6r\u00fc\u015fl\u0259ri ke\u00e7iril\u0259c\u0259k. Bu bar\u0259d\u0259 Qafqaz M\u00fcs\u0259lmanlar\u0131 \u0130dar\u0259sinin m\u0259tbuat xidm\u0259tind\u0259n bildirilib. Qeyd olunub ki, 19-21 oktyabrda Az\u0259rbaycan T\u00fcrk D\u00f6vl\u0259tl\u0259ri T\u0259\u015fkilat\u0131n\u0131n m\u00fcs\u0259lman dini liderl\u0259rinin t\u00fcrk-\u0130slam d\u00fcnyas\u0131n\u0131n m\u0259ram v\u0259 amallar\u0131na xidm\u0259t ed\u0259n g\u00f6r\u00fc\u015fl\u0259rin\u0259 v\u0259 m\u0259n\u0259vi birliyinin t\u0259\u015fkilati bax\u0131mdan ger\u00e7\u0259kl\u0259\u015fm\u0259 t\u0259dbirl\u0259rin\u0259 ev sahibliyi ed\u0259c\u0259k. T\u00fcrk D\u00f6vl\u0259tl\u0259ri T\u0259\u015fkilat\u0131n\u0131n M\u00fcs\u0259lman Dini \u0130dar\u0259 r\u0259hb\u0259rl\u0259ri \u015euras\u0131n\u0131n t\u0259sis edilm\u0259si m\u0259ram\u0131 il\u0259 T\u00fcrk D\u00f6vl\u0259tl\u0259ri T\u0259\u015fkilat\u0131n\u0131n Ba\u015f Katibi Ba\u011fdad Amreyev ba\u015fda olmaqla T\u00fcrkiy\u0259 Diyan\u0259t \u0130\u015fl\u0259ri Ba\u015fkan\u0131 \u018fli Erba\u015f, \u00d6zb\u0259kistan M\u00fcftisi&hellip;<\/p>\n","protected":false},"author":2,"featured_media":525094,"comment_status":"closed","ping_status":"closed","sticky":false,"template":"","format":"standard","meta":{"om_disable_all_campaigns":false,"_monsterinsights_skip_tracking":false,"_monsterinsights_sitenote_active":false,"_monsterinsights_sitenote_note":"","_monsterinsights_sitenote_category":0},"categories":[4],"tags":[],"aioseo_notices":[],"gutentor_comment":0,"rttpg_featured_image_url":{"full":["https:\/\/arantv.az\/wp-content\/uploads\/2022\/10\/585fec1df05b7e0126d6d262bc5da463.jpg",800,500,false],"landscape":["https:\/\/arantv.az\/wp-content\/uploads\/2022\/10\/585fec1df05b7e0126d6d262bc5da463.jpg",800,500,false],"portraits":["https:\/\/arantv.az\/wp-content\/uploads\/2022\/10\/585fec1df05b7e0126d6d262bc5da463.jpg",800,500,false],"thumbnail":["https:\/\/arantv.az\/wp-content\/uploads\/2022\/10\/585fec1df05b7e0126d6d262bc5da463-500x280.jpg",500,280,true],"medium":["https:\/\/arantv.az\/wp-content\/uploads\/2022\/10\/585fec1df05b7e0126d6d262bc5da463-584x365.jpg",584,365,true],"large":["https:\/\/arantv.az\/wp-content\/uploads\/2022\/10\/585fec1df05b7e0126d6d262bc5da463.jpg",640,400,false],"1536x1536":["https:\/\/arantv.az\/wp-content\/uploads\/2022\/10\/585fec1df05b7e0126d6d262bc5da463.jpg",800,500,false],"2048x2048":["https:\/\/arantv.az\/wp-content\/uploads\/2022\/10\/585fec1df05b7e0126d6d262bc5da463.jpg",800,500,false],"post-thumbnail":["https:\/\/arantv.az\/wp-content\/uploads\/2022\/10\/585fec1df05b7e0126d6d262bc5da463-240x172.jpg",240,172,true],"advps-thumb-one":["https:\/\/arantv.az\/wp-content\/uploads\/2022\/10\/585fec1df05b7e0126d6d262bc5da463.jpg",800,500,false]},"rttpg_author":{"display_name":"V\u00fcsal Rafiqo\u011flu","author_link":"https:\/\/arantv.az\/?author=2"},"rttpg_comment":0,"rttpg_category":"<a href=\"https:\/\/arantv.az\/?cat=4\" rel=\"category\">Siyas\u0259t<\/a>","rttpg_excerpt":"Yeni \u015eu\u015fa B\u0259yannam\u0259si imzalanacaq Bu h\u0259ft\u0259 Az\u0259rbaycanda T\u00fcrk D\u00f6vl\u0259tl\u0259ri T\u0259\u015fkilat\u0131n\u0131n (TDT) m\u00fcs\u0259lman dini liderl\u0259rinin t\u00fcrk-\u0130slam d\u00fcnyas\u0131n\u0131n m\u0259ram v\u0259 amallar\u0131na xidm\u0259t ed\u0259n g\u00f6r\u00fc\u015fl\u0259ri ke\u00e7iril\u0259c\u0259k. Bu bar\u0259d\u0259 Qafqaz M\u00fcs\u0259lmanlar\u0131 \u0130dar\u0259sinin m\u0259tbuat xidm\u0259tind\u0259n bildirilib. Qeyd olunub ki, 19-21 oktyabrda Az\u0259rbaycan T\u00fcrk D\u00f6vl\u0259tl\u0259ri T\u0259\u015fkilat\u0131n\u0131n m\u00fcs\u0259lman dini liderl\u0259rinin t\u00fcrk-\u0130slam d\u00fcnyas\u0131n\u0131n m\u0259ram v\u0259 amallar\u0131na xidm\u0259t ed\u0259n g\u00f6r\u00fc\u015fl\u0259rin\u0259 v\u0259 m\u0259n\u0259vi birliyinin t\u0259\u015fkilati&hellip;","_links":{"self":[{"href":"https:\/\/arantv.az\/index.php?rest_route=\/wp\/v2\/posts\/525093"}],"collection":[{"href":"https:\/\/arantv.az\/index.php?rest_route=\/wp\/v2\/posts"}],"about":[{"href":"https:\/\/arantv.az\/index.php?rest_route=\/wp\/v2\/types\/post"}],"author":[{"embeddable":true,"href":"https:\/\/arantv.az\/index.php?rest_route=\/wp\/v2\/users\/2"}],"replies":[{"embeddable":true,"href":"https:\/\/arantv.az\/index.php?rest_route=%2Fwp%2Fv2%2Fcomments&post=525093"}],"version-history":[{"count":0,"href":"https:\/\/arantv.az\/index.php?rest_route=\/wp\/v2\/posts\/525093\/revisions"}],"wp:featuredmedia":[{"embeddable":true,"href":"https:\/\/arantv.az\/index.php?rest_route=\/wp\/v2\/media\/525094"}],"wp:attachment":[{"href":"https:\/\/arantv.az\/index.php?rest_route=%2Fwp%2Fv2%2Fmedia&parent=525093"}],"wp:term":[{"taxonomy":"category","embeddable":true,"href":"https:\/\/arantv.az\/index.php?rest_route=%2Fwp%2Fv2%2Fcategories&post=525093"},{"taxonomy":"post_tag","embeddable":true,"href":"https:\/\/arantv.az\/index.php?rest_route=%2Fwp%2Fv2%2Ftags&post=525093"}],"curies":[{"name":"wp","href":"https:\/\/api.w.org\/{rel}","templated":true}]}}