{"id":525101,"date":"2022-10-19T08:09:36","date_gmt":"2022-10-19T05:09:36","guid":{"rendered":"https:\/\/arantv.az\/?p=525101"},"modified":"2022-10-19T08:09:36","modified_gmt":"2022-10-19T05:09:36","slug":"dunya-az%c9%99rbaycani-qalib-olk%c9%99-kimi-taniyir","status":"publish","type":"post","link":"https:\/\/arantv.az\/?p=525101","title":{"rendered":"\u201cD\u00fcnya Az\u0259rbaycan\u0131 Qalib \u00d6lk\u0259 Kimi Tan\u0131y\u0131r\u201d"},"content":{"rendered":"<p>\u201c44 g\u00fcnl\u00fck V\u0259t\u0259n m\u00fcharib\u0259sind\u0259 ikinci olaraq F\u00fczuli rayonu M\u00fcz\u0259ff\u0259r Ordumuz t\u0259r\u0259find\u0259n i\u015f\u011faldan azad olundu. Bununla m\u00fcharib\u0259nin gedi\u015find\u0259 taktiki v\u0259 strateji olaraq Az\u0259rbaycan\u0131n xeyrin\u0259 s\u00fcr\u0259tl\u0259nm\u0259 oldu\u201d. Bu fikri Yeni Az\u0259rbaycan Partiyas\u0131n\u0131n \u0130dar\u0259 Hey\u0259tinin \u00fczv\u00fc, politoloq Asif \u018fsg\u0259rli sayt\u0131m\u0131za bildirib.<br \/>\nAsif \u018fsg\u0259rli deyib ki, oktyabr\u0131n 17-i V\u0259t\u0259n m\u00fcharib\u0259sinin xronikas\u0131nda F\u00fczuli rayonunun i\u015f\u011faldan azad olunmas\u0131 g\u00fcn\u00fc kimi d\u00fc\u015f\u00fcb: \u201cF\u00fczuli rayonunun Qo\u00e7\u0259hm\u0259dli, \u00c7im\u0259n, Cuvarl\u0131, Pir\u0259hm\u0259dli, Musab\u0259yli, \u0130\u015f\u0131ql\u0131, D\u0259d\u0259li k\u0259ndl\u0259ri v\u0259 F\u00fczuli \u015f\u0259h\u0259ri \u015fanl\u0131 Ordumuz t\u0259r\u0259find\u0259n 17 oktyabr tarixind\u0259 i\u015f\u011faldan azad edilib. Erm\u0259nistan\u0131n t\u0259xribatlar\u0131na cavab olaraq Prezident, M\u00fcz\u0259ff\u0259r Ali Ba\u015f Komandan \u0130lham \u018fliyevin komandanl\u0131\u011f\u0131 il\u0259 2020-ci il 27 sentyabr tarixind\u0259 ba\u015flayan V\u0259t\u0259n m\u00fcharib\u0259sind\u0259 F\u00fczuli \u015f\u0259h\u0259ri daxil olmaqla rayonun 62 ya\u015fay\u0131\u015f m\u0259nt\u0259q\u0259si i\u015f\u011faldan azad edilib. F\u00fczuli \u0259m\u0259liyyat\u0131\u00a0Az\u0259rbaycan Ordusunun\u00a0\u0130kinci Qaraba\u011f m\u00fcharib\u0259sind\u0259\u00a0c\u0259nub-\u015f\u0259rq c\u0259bh\u0259sind\u0259 ba\u015f vermi\u015f \u0259n \u0259h\u0259miyy\u0259tli d\u00f6y\u00fc\u015fl\u0259rd\u0259n biri olub\u201d.<br \/>\nPolitoloq deyib ki, F\u00fczulinin t\u0259mas x\u0259ttind\u0259 yerl\u0259\u015f\u0259n bir ne\u00e7\u0259 m\u00fcdafi\u0259 x\u0259ttinin yar\u0131lmas\u0131 Az\u0259rbaycana strateji \u00fcst\u00fcnl\u00fckl\u0259r verib: \u201cF\u00fczuli u\u011frunda apar\u0131lm\u0131\u015f d\u00f6y\u00fc\u015fl\u0259r V\u0259t\u0259n m\u00fcharib\u0259si zaman\u0131 \u0259n a\u011f\u0131r d\u00f6y\u00fc\u015fl\u0259rd\u0259n olmu\u015fdur. 30 il \u0259rzind\u0259 d\u00fc\u015fm\u0259n t\u0259mas x\u0259ttind\u0259 m\u00f6hk\u0259m istehkam qurmu\u015fdu. H\u0259tta \u0259n tan\u0131nm\u0131\u015f h\u0259rbi m\u00fct\u0259x\u0259ssisl\u0259r d\u0259 bel\u0259 fikird\u0259 idi ki, F\u00fczulini i\u015f\u011faldan azad etm\u0259k \u00fc\u00e7\u00fcn b\u0259lk\u0259 aylarla vaxt laz\u0131m olacaq. F\u00fczuli u\u011frunda d\u00f6y\u00fc\u015fl\u0259rd\u0259 Ordumuzun \u015f\u00fcca\u0259ti qar\u015f\u0131s\u0131nda d\u00fc\u015fm\u0259n son m\u0259rh\u0259l\u0259d\u0259 \u00f6z silahlar\u0131n\u0131 yer\u0259 qoyub qa\u00e7m\u0131\u015fd\u0131. H\u0259rbi m\u00fct\u0259x\u0259ssisl\u0259r art\u0131q a\u00e7\u0131q-ayd\u0131n bildirirl\u0259r ki, Az\u0259rbaycan Ordusu b\u00f6y\u00fck d\u00f6y\u00fc\u015f qabiliyy\u0259tin\u0259 v\u0259 texniki t\u0259minata malik olan bir ordudur. D\u00fc\u015fm\u0259n v\u0259 b\u00fct\u00fcn d\u00fcnya art\u0131q Az\u0259rbaycan\u0131n g\u00fcc\u00fcn\u00fc g\u00f6r\u00fcb v\u0259 bunu etiraf edib. Buna g\u00f6r\u0259 d\u0259 art\u0131q d\u00fcnya Az\u0259rbaycan\u0131 qalib \u00f6lk\u0259 kimi tan\u0131y\u0131r\u201d.<\/p>\n","protected":false},"excerpt":{"rendered":"<p>\u201c44 g\u00fcnl\u00fck V\u0259t\u0259n m\u00fcharib\u0259sind\u0259 ikinci olaraq F\u00fczuli rayonu M\u00fcz\u0259ff\u0259r Ordumuz t\u0259r\u0259find\u0259n i\u015f\u011faldan azad olundu. Bununla m\u00fcharib\u0259nin gedi\u015find\u0259 taktiki v\u0259 strateji olaraq Az\u0259rbaycan\u0131n xeyrin\u0259 s\u00fcr\u0259tl\u0259nm\u0259 oldu\u201d. Bu fikri Yeni Az\u0259rbaycan Partiyas\u0131n\u0131n \u0130dar\u0259 Hey\u0259tinin \u00fczv\u00fc, politoloq Asif \u018fsg\u0259rli sayt\u0131m\u0131za bildirib. Asif \u018fsg\u0259rli deyib ki, oktyabr\u0131n 17-i V\u0259t\u0259n m\u00fcharib\u0259sinin xronikas\u0131nda F\u00fczuli rayonunun i\u015f\u011faldan azad olunmas\u0131 g\u00fcn\u00fc kimi d\u00fc\u015f\u00fcb: \u201cF\u00fczuli rayonunun Qo\u00e7\u0259hm\u0259dli, \u00c7im\u0259n, Cuvarl\u0131, Pir\u0259hm\u0259dli, Musab\u0259yli, \u0130\u015f\u0131ql\u0131, D\u0259d\u0259li k\u0259ndl\u0259ri v\u0259 F\u00fczuli \u015f\u0259h\u0259ri \u015fanl\u0131 Ordumuz t\u0259r\u0259find\u0259n 17 oktyabr tarixind\u0259 i\u015f\u011faldan azad edilib. Erm\u0259nistan\u0131n t\u0259xribatlar\u0131na cavab olaraq Prezident, M\u00fcz\u0259ff\u0259r Ali Ba\u015f Komandan \u0130lham \u018fliyevin komandanl\u0131\u011f\u0131 il\u0259&hellip;<\/p>\n","protected":false},"author":2,"featured_media":525102,"comment_status":"closed","ping_status":"closed","sticky":false,"template":"","format":"standard","meta":{"om_disable_all_campaigns":false,"_monsterinsights_skip_tracking":false,"_monsterinsights_sitenote_active":false,"_monsterinsights_sitenote_note":"","_monsterinsights_sitenote_category":0},"categories":[1],"tags":[],"aioseo_notices":[],"gutentor_comment":0,"rttpg_featured_image_url":{"full":["https:\/\/arantv.az\/wp-content\/uploads\/2022\/10\/Asif-\u018fsg\u0259rli3.jpg",750,430,false],"landscape":["https:\/\/arantv.az\/wp-content\/uploads\/2022\/10\/Asif-\u018fsg\u0259rli3.jpg",750,430,false],"portraits":["https:\/\/arantv.az\/wp-content\/uploads\/2022\/10\/Asif-\u018fsg\u0259rli3.jpg",750,430,false],"thumbnail":["https:\/\/arantv.az\/wp-content\/uploads\/2022\/10\/Asif-\u018fsg\u0259rli3-500x280.jpg",500,280,true],"medium":["https:\/\/arantv.az\/wp-content\/uploads\/2022\/10\/Asif-\u018fsg\u0259rli3-637x365.jpg",637,365,true],"large":["https:\/\/arantv.az\/wp-content\/uploads\/2022\/10\/Asif-\u018fsg\u0259rli3.jpg",640,367,false],"1536x1536":["https:\/\/arantv.az\/wp-content\/uploads\/2022\/10\/Asif-\u018fsg\u0259rli3.jpg",750,430,false],"2048x2048":["https:\/\/arantv.az\/wp-content\/uploads\/2022\/10\/Asif-\u018fsg\u0259rli3.jpg",750,430,false],"post-thumbnail":["https:\/\/arantv.az\/wp-content\/uploads\/2022\/10\/Asif-\u018fsg\u0259rli3-240x172.jpg",240,172,true],"advps-thumb-one":["https:\/\/arantv.az\/wp-content\/uploads\/2022\/10\/Asif-\u018fsg\u0259rli3.jpg",750,430,false]},"rttpg_author":{"display_name":"V\u00fcsal Rafiqo\u011flu","author_link":"https:\/\/arantv.az\/?author=2"},"rttpg_comment":0,"rttpg_category":"<a href=\"https:\/\/arantv.az\/?cat=1\" rel=\"category\">C\u0259miyy\u0259t<\/a>","rttpg_excerpt":"\u201c44 g\u00fcnl\u00fck V\u0259t\u0259n m\u00fcharib\u0259sind\u0259 ikinci olaraq F\u00fczuli rayonu M\u00fcz\u0259ff\u0259r Ordumuz t\u0259r\u0259find\u0259n i\u015f\u011faldan azad olundu. Bununla m\u00fcharib\u0259nin gedi\u015find\u0259 taktiki v\u0259 strateji olaraq Az\u0259rbaycan\u0131n xeyrin\u0259 s\u00fcr\u0259tl\u0259nm\u0259 oldu\u201d. Bu fikri Yeni Az\u0259rbaycan Partiyas\u0131n\u0131n \u0130dar\u0259 Hey\u0259tinin \u00fczv\u00fc, politoloq Asif \u018fsg\u0259rli sayt\u0131m\u0131za bildirib. Asif \u018fsg\u0259rli deyib ki, oktyabr\u0131n 17-i V\u0259t\u0259n m\u00fcharib\u0259sinin xronikas\u0131nda F\u00fczuli rayonunun i\u015f\u011faldan azad olunmas\u0131 g\u00fcn\u00fc kimi d\u00fc\u015f\u00fcb:&hellip;","_links":{"self":[{"href":"https:\/\/arantv.az\/index.php?rest_route=\/wp\/v2\/posts\/525101"}],"collection":[{"href":"https:\/\/arantv.az\/index.php?rest_route=\/wp\/v2\/posts"}],"about":[{"href":"https:\/\/arantv.az\/index.php?rest_route=\/wp\/v2\/types\/post"}],"author":[{"embeddable":true,"href":"https:\/\/arantv.az\/index.php?rest_route=\/wp\/v2\/users\/2"}],"replies":[{"embeddable":true,"href":"https:\/\/arantv.az\/index.php?rest_route=%2Fwp%2Fv2%2Fcomments&post=525101"}],"version-history":[{"count":0,"href":"https:\/\/arantv.az\/index.php?rest_route=\/wp\/v2\/posts\/525101\/revisions"}],"wp:featuredmedia":[{"embeddable":true,"href":"https:\/\/arantv.az\/index.php?rest_route=\/wp\/v2\/media\/525102"}],"wp:attachment":[{"href":"https:\/\/arantv.az\/index.php?rest_route=%2Fwp%2Fv2%2Fmedia&parent=525101"}],"wp:term":[{"taxonomy":"category","embeddable":true,"href":"https:\/\/arantv.az\/index.php?rest_route=%2Fwp%2Fv2%2Fcategories&post=525101"},{"taxonomy":"post_tag","embeddable":true,"href":"https:\/\/arantv.az\/index.php?rest_route=%2Fwp%2Fv2%2Ftags&post=525101"}],"curies":[{"name":"wp","href":"https:\/\/api.w.org\/{rel}","templated":true}]}}